{"id":7896,"date":"2021-07-15T03:39:58","date_gmt":"2021-07-15T01:39:58","guid":{"rendered":"http:\/\/allez-yalla.com\/?p=7896"},"modified":"2021-07-15T17:08:01","modified_gmt":"2021-07-15T15:08:01","slug":"confiance-en-lavenir-misericorde-pour-nos-aines-en-route","status":"publish","type":"post","link":"https:\/\/allez-yalla.com\/index.php\/2021\/07\/15\/confiance-en-lavenir-misericorde-pour-nos-aines-en-route\/","title":{"rendered":"Confiance! Mis\u00e9ricorde pour nos ain\u00e9s !"},"content":{"rendered":"\n<h2 class=\"wp-block-heading\"><strong>A\nchaque jour suffit sa peine. <\/strong><\/h2>\n\n\n\n<blockquote class=\"wp-block-quote\"><p><strong>34<\/strong> &#8230; demain aura souci de lui-m\u00eame ; \u00e0 chaque jour suffit sa peine.\u00a0 <a href=\"https:\/\/www.aelf.org\/bible\/Mt\/6\">https:\/\/www.aelf.org\/bible\/Mt\/6<\/a><\/p><\/blockquote>\n\n\n\n<p>Mon chant d&rsquo;aujourd&rsquo;hui &#8211; Michael Lonsdale (2013)<\/p>\n\n\n\n<figure class=\"wp-block-embed-youtube wp-block-embed is-type-video is-provider-youtube wp-embed-aspect-16-9 wp-has-aspect-ratio\"><div class=\"wp-block-embed__wrapper\">\n<iframe loading=\"lazy\" title=\"Mon chant d&#039;aujourd&#039;hui - Michael Lonsdale (2013)\" width=\"840\" height=\"473\" src=\"https:\/\/www.youtube.com\/embed\/CTebWimGZ5M?feature=oembed\" frameborder=\"0\" allow=\"accelerometer; autoplay; clipboard-write; encrypted-media; gyroscope; picture-in-picture\" allowfullscreen><\/iframe>\n<\/div><\/figure>\n\n\n\n<h2 class=\"wp-block-heading\">La mis\u00e9ricorde\nen action aupr\u00e8s des personnes \u00e2g\u00e9es. <\/h2>\n\n\n\n<p><strong>T\u00e9moignage personnel&nbsp;<em>:  Maman est rest\u00e9e \u00e0 son domicile, pr\u00e8s de nous, jusqu\u2019au jour o\u00f9 il fut n\u00e9cessaire de la placer car elle devenait dangereuse pour elle-m\u00eame et pour les autres. &nbsp; En institution, rapidement sa sant\u00e9 s\u2019am\u00e9liora: caf\u00e9 plus l\u00e9ger, repas et repos \u00e0 heure r\u00e9guli\u00e8re dans un contexte d\u00e9tendu, etc \u2026<\/em><\/strong><\/p>\n\n\n\n<p><strong><em>Pour ma part je fais l\u2019\u00e9loge de la maison de repos et de soins o\u00f9 a v\u00e9cu  ma maman. <\/em><\/strong><strong><em>Merci au personnel soignant. Merci \u00e0 Tininane, Franco-Alg\u00e9rienne que maman aime beaucoup. (Vid\u00e9o r\u00e9alis\u00e9e avant pand\u00e9mie)  <\/em><\/strong><\/p>\n\n\n\n<figure class=\"wp-block-embed-youtube wp-block-embed is-type-video is-provider-youtube wp-embed-aspect-16-9 wp-has-aspect-ratio\"><div class=\"wp-block-embed__wrapper\">\n<iframe loading=\"lazy\" title=\"Merci au personnel des maisons de repos qui veillent sur nos parents\" width=\"840\" height=\"473\" src=\"https:\/\/www.youtube.com\/embed\/NaiK8Y5eK3Y?feature=oembed\" frameborder=\"0\" allow=\"accelerometer; autoplay; clipboard-write; encrypted-media; gyroscope; picture-in-picture\" allowfullscreen><\/iframe>\n<\/div><\/figure>\n\n\n\n<p><strong><em>Merci au personnel qui tient compte de la soif spirituelle de ses r\u00e9sidents. M\u00eame la messe de P\u00e2ques, maman l\u2019a suivie de sa chambre. \u00ab Ses l\u00e8vres remuaient \u00bb nous confia une infirmi\u00e8re. Or maman est muette depuis quelques mois. Oui, Maman priait. Malgr\u00e9 la vieillesse, l\u2019Alzheimer n\u2019emp\u00eache pas Dieu de visiter une \u00e2me qui l\u2019aime. <\/em>\u00ab Rien n\u2019est impossible \u00e0 Dieu \u00bb. \u00ab Heureux ceux qui croient. \u00bb <\/strong><\/p>\n\n\n\n<h2 class=\"wp-block-heading\"><strong><em>Utilit\u00e9 des maisons de repos. <\/em><\/strong><\/h2>\n\n\n\n<p><strong><em>Vu l\u2019allongement de la dur\u00e9e de la vie, il est\nn\u00e9cessaire d\u2019ouvrir de nombreuses maisons de repos et de soins (MRS -EPHAD). <\/em><\/strong><\/p>\n\n\n\n<p><strong><em>C\u2019est une consolation de constater que les anciens sont\nbien encadr\u00e9s dans les maisons de repos, qu\u2019ils y re\u00e7oivent les soins d\u2019un personnel\nqualifi\u00e9 et parfois tr\u00e8s doux,&nbsp; gentil\navec les personnes fragiles. <\/em><\/strong><\/p>\n\n\n\n<p><strong><em>Les anciens sont parfois\/souvent plus heureux quand\nils sont plac\u00e9s en institution que quand ils restent seuls dans leur maison.<\/em><\/strong><\/p>\n\n\n\n<h2 class=\"wp-block-heading\"><strong><em>Les enfants bien accueillis en maison de repos. <\/em><\/strong><\/h2>\n\n\n\n<p><strong>Fait de vie&nbsp;: <em> Mon fils et moi-m\u00eame nous arrivons \u00e0 la maison de repos accompagn\u00e9s de 6 ou 7 enfants. Quand la porte de la pi\u00e8ce commune s\u2019ouvrit, une ancienne lan\u00e7a&nbsp; joyeusement&nbsp;: \u00ab&nbsp;Les jolies colonies de vacances, merci papa merci maman\u2026&nbsp;\u00bb et nous l\u2019avons accompagn\u00e9e de nos chants et \u00e9clats de rire&nbsp;! <\/em><\/strong><\/p>\n\n\n\n<h2 class=\"wp-block-heading\"><strong><em>A d\u00e9noncer: les institutions cruelles. <\/em><\/strong><\/h2>\n\n\n\n<p><strong><em>Les pi\u00e8ces communes sont presqu\u2019invisibles et trop petites,&nbsp; les personnes \u00e2g\u00e9es restent seules dans leur chambre. On ne leur donne pas d\u2019eau entre les repas\u2026 Les soignants sont absents tr\u00e8s longtemps. En parler avec le personnel. Peut-\u00eatre une autre maison de repos conviendrait mieux \u00e0 l&rsquo;\u00eatre que nsou ch\u00e9rissons. Parfois, il convient de d\u00e9noncer les d\u00e9rapages \u00e0 l\u2019AVIQ. <\/em><\/strong><\/p>\n\n\n\n<h2 class=\"wp-block-heading\"><strong><em>Missonnaires, en route! Bougeons-nous l\u00e0 o\u00f9 Dieu nous attend sous les traits du plus petit. <\/em><\/strong><\/h2>\n\n\n\n<figure class=\"wp-block-image\"><img decoding=\"async\" loading=\"lazy\" width=\"717\" height=\"472\" src=\"https:\/\/allez-yalla.com\/wp-content\/uploads\/2021\/07\/mis\u00e9ricorde.jpg\" alt=\"\" class=\"wp-image-7926\" srcset=\"https:\/\/allez-yalla.com\/wp-content\/uploads\/2021\/07\/mis\u00e9ricorde.jpg 717w, https:\/\/allez-yalla.com\/wp-content\/uploads\/2021\/07\/mis\u00e9ricorde-300x197.jpg 300w\" sizes=\"(max-width: 709px) 85vw, (max-width: 909px) 67vw, (max-width: 984px) 61vw, (max-width: 1362px) 45vw, 600px\" \/><\/figure>\n\n\n\n<p><strong><em>\u00ab&nbsp;Ce que vous faites au plus petit d\u2019entre les\nmiens c\u2019est \u00e0 Moi que vous le faites.&nbsp;\u00bb (J\u00e9sus de Nazareth) <\/em><\/strong><\/p>\n\n\n\n<blockquote class=\"wp-block-quote\"><p><a>\u00ab&nbsp;La paix \u00e0 vous. Comme le P\u00e8re m\u2019a envoy\u00e9, \u00e0 mon tour je vous envoie&nbsp;\u00bb. <\/a><\/p><\/blockquote>\n\n\n\n<blockquote class=\"wp-block-quote\"><p>La mission est donc comme un fleuve unique&nbsp;: P\u00e8re, Fils, ap\u00f4tres \u2026avec une destination unique&nbsp;: le monde. <\/p><\/blockquote>\n\n\n\n<p>Elle n\u2019est pas pros\u00e9lytisme acharn\u00e9, d\u00e9sir de recrutement, obsession de la perdition, comptabilit\u00e9 des effectifs, comparution devant le bureau de douane (pape Fran\u00e7ois). Elle est offre d\u2019hommes et femmes libres \u00e0 des hommes et femmes libres. Elle est proposition d\u2019\u00c9vangile par des envoy\u00e9s qui d\u00e9bordent de la joie d\u2019avoir eux-m\u00eames \u00e9t\u00e9 pardonn\u00e9s et qui d\u00e9sirent offrir la m\u00eame joie aux autres.<\/p>\n\n\n\n<p>Elle est mouvement universel de re-cr\u00e9ation. Le salut du monde ne sera\njamais \u0153uvre d\u2019hommes mais de la puissance r\u00e9cr\u00e9ative de l\u2019Esprit de\nMis\u00e9ricorde.<\/p>\n\n\n\n<blockquote class=\"wp-block-quote\"><p>Au milieu des disciples le Seigneur diffuse son pardon et sa paix. Et il nous souffle \u00e0 la rencontre de tous les hommes pour agir comme lui&nbsp;: consoler, soigner, relever, nourrir, r\u00e9v\u00e9ler le P\u00e8re, ouvrir les yeux, faire entendre la v\u00e9rit\u00e9.<\/p><\/blockquote>\n\n\n\n<p>Pand\u00e9mie, pauvret\u00e9 grandissante, plan\u00e8te en p\u00e9ril, conflits partout,\ngaspillage&nbsp;: la t\u00e2che est immense. Mais l\u2019Esprit est puissant et nous fait\ntraverser la mort. Heureux ceux qui croient sans avoir vu le Ressuscit\u00e9 et qui\nle voient encore souffrant sa passion chez les pauvres.<\/p>\n\n\n\n<figure class=\"wp-block-embed-wordpress wp-block-embed is-type-wp-embed is-provider-resurgences\"><div class=\"wp-block-embed__wrapper\">\n<blockquote class=\"wp-embedded-content\" data-secret=\"gTjx1xlcih\"><a href=\"https:\/\/resurgences.be\/2eme-dimanche-de-paques-annee-b-11-avril-2021-evangile-de-jean-20-19-31\/\">2\u00e8me dimanche de P\u00e2ques &#8211; Ann\u00e9e B \u2013 11 avril 2021 \u2013 \u00c9vangile de Jean 20, 19-31<\/a><\/blockquote><iframe class=\"wp-embedded-content\" sandbox=\"allow-scripts\" security=\"restricted\" style=\"position: absolute; clip: rect(1px, 1px, 1px, 1px);\" title=\"\u00ab\u00a02\u00e8me dimanche de P\u00e2ques &#8211; Ann\u00e9e B \u2013 11 avril 2021 \u2013 \u00c9vangile de Jean 20, 19-31\u00a0\u00bb &#8212; R\u00e9surgences\" src=\"https:\/\/resurgences.be\/2eme-dimanche-de-paques-annee-b-11-avril-2021-evangile-de-jean-20-19-31\/embed\/#?secret=gTjx1xlcih\" data-secret=\"gTjx1xlcih\" width=\"600\" height=\"338\" frameborder=\"0\" marginwidth=\"0\" marginheight=\"0\" scrolling=\"no\"><\/iframe>\n<\/div><\/figure>\n\n\n\n<blockquote class=\"wp-block-quote\"><p><strong>07<\/strong> Bien-aim\u00e9s, aimons-nous les uns les autres, puisque l\u2019amour vient de Dieu. Celui qui aime est n\u00e9 de Dieu et conna\u00eet Dieu.  <strong>08<\/strong>&nbsp;Celui qui n\u2019aime pas n\u2019a pas connu Dieu, car Dieu est amour.<\/p><p><a href=\"https:\/\/www.aelf.org\/bible\/1Jn\/4\">https:\/\/www.aelf.org\/bible\/1Jn\/4<\/a><\/p><\/blockquote>\n\n\n\n<h2 class=\"wp-block-heading\">Par la mort, la famille ne se d\u00e9truit pas.<\/h2>\n\n\n\n<div class=\"wp-block-image\"><figure class=\"aligncenter\"><img decoding=\"async\" loading=\"lazy\" width=\"432\" height=\"568\" src=\"https:\/\/allez-yalla.com\/wp-content\/uploads\/2021\/07\/ffffffffff.jpg\" alt=\"\" class=\"wp-image-7940\" srcset=\"https:\/\/allez-yalla.com\/wp-content\/uploads\/2021\/07\/ffffffffff.jpg 432w, https:\/\/allez-yalla.com\/wp-content\/uploads\/2021\/07\/ffffffffff-228x300.jpg 228w\" sizes=\"(max-width: 432px) 85vw, 432px\" \/><\/figure><\/div>\n\n\n\n<h2 class=\"wp-block-heading\">A l&rsquo;attention du personnel de la maison de repos et de soins. (Marie-Jeanne)<\/h2>\n\n\n\n<p>Lors du d\u00e9c\u00e8s de maman, ma soeur a exprim\u00e9 ce beau message \u00e0 travers lequel on devine qu&rsquo;il n&rsquo;est pas facile d&rsquo;aimer, qu&rsquo;il faut savoir pardonner&#8230; <\/p>\n\n\n\n<figure class=\"wp-block-image\"><img decoding=\"async\" loading=\"lazy\" width=\"657\" height=\"636\" src=\"https:\/\/allez-yalla.com\/wp-content\/uploads\/2021\/07\/aux-infirmi\u00e8res.jpg\" alt=\"\" class=\"wp-image-7914\" srcset=\"https:\/\/allez-yalla.com\/wp-content\/uploads\/2021\/07\/aux-infirmi\u00e8res.jpg 657w, https:\/\/allez-yalla.com\/wp-content\/uploads\/2021\/07\/aux-infirmi\u00e8res-300x290.jpg 300w\" sizes=\"(max-width: 709px) 85vw, (max-width: 909px) 67vw, (max-width: 984px) 61vw, (max-width: 1362px) 45vw, 600px\" \/><\/figure>\n\n\n\n<h1 class=\"wp-block-heading\"><strong><em>Cantiques&nbsp;: <\/em><\/strong><\/h1>\n\n\n\n<blockquote class=\"wp-block-quote\"><p>Ol\u00e9 Ch\u0153ur &#8211; L&rsquo;amour jamais ne passera<\/p><\/blockquote>\n\n\n\n<figure class=\"wp-block-embed-youtube wp-block-embed is-type-video is-provider-youtube wp-embed-aspect-16-9 wp-has-aspect-ratio\"><div class=\"wp-block-embed__wrapper\">\n<iframe loading=\"lazy\" title=\"Ol\u00e9 Ch\u0153ur - L&#039;amour jamais ne passera\" width=\"840\" height=\"473\" src=\"https:\/\/www.youtube.com\/embed\/eFQEXeqCRWk?feature=oembed\" frameborder=\"0\" allow=\"accelerometer; autoplay; clipboard-write; encrypted-media; gyroscope; picture-in-picture\" allowfullscreen><\/iframe>\n<\/div><\/figure>\n\n\n\n<blockquote class=\"wp-block-quote\"><p>Ma joie<\/p><\/blockquote>\n\n\n\n<figure class=\"wp-block-embed-youtube wp-block-embed is-type-video is-provider-youtube wp-embed-aspect-4-3 wp-has-aspect-ratio\"><div class=\"wp-block-embed__wrapper\">\n<iframe loading=\"lazy\" title=\"Ma joie\" width=\"840\" height=\"630\" src=\"https:\/\/www.youtube.com\/embed\/sk3YCN_rsOw?feature=oembed\" frameborder=\"0\" allow=\"accelerometer; autoplay; clipboard-write; encrypted-media; gyroscope; picture-in-picture\" allowfullscreen><\/iframe>\n<\/div><\/figure>\n\n\n\n<blockquote class=\"wp-block-quote\"><p>Le chant de la Mis\u00e9ricorde<\/p><\/blockquote>\n\n\n\n<figure class=\"wp-block-embed-youtube wp-block-embed is-type-video is-provider-youtube wp-embed-aspect-4-3 wp-has-aspect-ratio\"><div class=\"wp-block-embed__wrapper\">\n<iframe loading=\"lazy\" title=\"Le chant de la Mis\u00e9ricorde\" width=\"840\" height=\"630\" src=\"https:\/\/www.youtube.com\/embed\/aimLXjnT4kw?feature=oembed\" frameborder=\"0\" allow=\"accelerometer; autoplay; clipboard-write; encrypted-media; gyroscope; picture-in-picture\" allowfullscreen><\/iframe>\n<\/div><\/figure>\n\n\n\n<blockquote class=\"wp-block-quote\"><p>\u2725 Taiz\u00e9 &#8211; Misericordias Domini<\/p><\/blockquote>\n\n\n\n<figure class=\"wp-block-embed-youtube wp-block-embed is-type-video is-provider-youtube wp-embed-aspect-16-9 wp-has-aspect-ratio\"><div class=\"wp-block-embed__wrapper\">\n<iframe loading=\"lazy\" title=\"\u2725 Taiz\u00e9 - Misericordias Domini (Ps 89:1- je chanterai les mis\u00e9ricordes du Seigneur \u00e9ternellement)\u2725\" width=\"840\" height=\"473\" src=\"https:\/\/www.youtube.com\/embed\/52ME9TeV_DA?feature=oembed\" frameborder=\"0\" allow=\"accelerometer; autoplay; clipboard-write; encrypted-media; gyroscope; picture-in-picture\" allowfullscreen><\/iframe>\n<\/div><\/figure>\n\n\n\n<blockquote class=\"wp-block-quote\"><p>Glorie Mielului &#8211; BBSO<strong><em><\/em><\/strong><\/p><\/blockquote>\n\n\n\n<figure class=\"wp-block-embed-youtube wp-block-embed is-type-video is-provider-youtube wp-embed-aspect-16-9 wp-has-aspect-ratio\"><div class=\"wp-block-embed__wrapper\">\n<iframe loading=\"lazy\" title=\"Glorie Mielului - BBSO\" width=\"840\" height=\"473\" src=\"https:\/\/www.youtube.com\/embed\/i9fVDJ8XFbM?feature=oembed\" frameborder=\"0\" allow=\"accelerometer; autoplay; clipboard-write; encrypted-media; gyroscope; picture-in-picture\" allowfullscreen><\/iframe>\n<\/div><\/figure>\n\n\n\n<p>I can see Jesus, high and exalted My eyes are fixed upon His face It\nshines like the sun I can see Jesus, clothed in glory He is high and lifted up\nAnd His train fills the temple And all of the angels cry Holy All the saints\ncry Holy All creation cries Holy Holy is the Lamb All praise unto the Lamb Who\nsits on the throne Honor and power, dominion and praise Unto the Lamb Who was\nand is And is to come Hallelujah, Hallelujah, Hallelujah Hallelujah All Praise\nunto the Lamb Who sits on the throne Honor and power Dominion and praise\nHallelujah, Hallelujah, Hallelujah Hallelujah<\/p>\n\n\n\n<p>Je peux voir J\u00e9sus, haut et exalt\u00e9 Mes yeux sont fix\u00e9s sur son visage Il brille comme le soleil Je peux voir J\u00e9sus, v\u00eatu de gloire Il est haut et \u00e9lev\u00e9 Et son train remplit le temple Et tous les anges crient Saint Tous les saints crient saint Toute la cr\u00e9ation crie Saint Saint est l&rsquo;Agneau<\/p>\n\n\n\n<h2 class=\"wp-block-heading\">SUPPLEMENT<\/h2>\n\n\n\n<p> Dignit\u00e9 et mission des personnes \u00e2g\u00e9es dans l&rsquo;Eglise et dans le monde   Pape Fran\u00e7ois<\/p>\n\n\n\n<p><a href=\"http:\/\/www.laici.va\/content\/dam\/laici\/documenti\/archivio\/dignita-anziano-ita.pdf\">http:\/\/www.laici.va\/content\/dam\/laici\/documenti\/archivio\/dignita-anziano-ita.pdf<\/a><\/p>\n\n\n\n<div class=\"wp-block-image\"><figure class=\"aligncenter is-resized\"><img decoding=\"async\" loading=\"lazy\" src=\"https:\/\/allez-yalla.com\/wp-content\/uploads\/2021\/07\/j\u00e9sus.jpg\" alt=\"\" class=\"wp-image-7901\" width=\"615\" height=\"716\" srcset=\"https:\/\/allez-yalla.com\/wp-content\/uploads\/2021\/07\/j\u00e9sus.jpg 438w, https:\/\/allez-yalla.com\/wp-content\/uploads\/2021\/07\/j\u00e9sus-258x300.jpg 258w\" sizes=\"(max-width: 709px) 85vw, (max-width: 909px) 67vw, (max-width: 984px) 61vw, (max-width: 1362px) 45vw, 600px\" \/><\/figure><\/div>\n","protected":false},"excerpt":{"rendered":"<p>A chaque jour suffit sa peine. 34 &#8230; demain aura souci de lui-m\u00eame ; \u00e0 chaque jour suffit sa peine.\u00a0 https:\/\/www.aelf.org\/bible\/Mt\/6 Mon chant d&rsquo;aujourd&rsquo;hui &#8211; Michael Lonsdale (2013) La mis\u00e9ricorde en action aupr\u00e8s des personnes \u00e2g\u00e9es. T\u00e9moignage personnel&nbsp;: Maman est rest\u00e9e \u00e0 son domicile, pr\u00e8s de nous, jusqu\u2019au jour o\u00f9 il fut n\u00e9cessaire de la &hellip; <a href=\"https:\/\/allez-yalla.com\/index.php\/2021\/07\/15\/confiance-en-lavenir-misericorde-pour-nos-aines-en-route\/\" class=\"more-link\">Continuer la lecture<span class=\"screen-reader-text\"> de &laquo;&nbsp;Confiance! Mis\u00e9ricorde pour nos ain\u00e9s !&nbsp;&raquo;<\/span><\/a><\/p>\n","protected":false},"author":1,"featured_media":0,"comment_status":"open","ping_status":"open","sticky":false,"template":"","format":"standard","meta":{"footnotes":""},"categories":[30],"tags":[19,82],"_links":{"self":[{"href":"https:\/\/allez-yalla.com\/index.php\/wp-json\/wp\/v2\/posts\/7896"}],"collection":[{"href":"https:\/\/allez-yalla.com\/index.php\/wp-json\/wp\/v2\/posts"}],"about":[{"href":"https:\/\/allez-yalla.com\/index.php\/wp-json\/wp\/v2\/types\/post"}],"author":[{"embeddable":true,"href":"https:\/\/allez-yalla.com\/index.php\/wp-json\/wp\/v2\/users\/1"}],"replies":[{"embeddable":true,"href":"https:\/\/allez-yalla.com\/index.php\/wp-json\/wp\/v2\/comments?post=7896"}],"version-history":[{"count":22,"href":"https:\/\/allez-yalla.com\/index.php\/wp-json\/wp\/v2\/posts\/7896\/revisions"}],"predecessor-version":[{"id":7943,"href":"https:\/\/allez-yalla.com\/index.php\/wp-json\/wp\/v2\/posts\/7896\/revisions\/7943"}],"wp:attachment":[{"href":"https:\/\/allez-yalla.com\/index.php\/wp-json\/wp\/v2\/media?parent=7896"}],"wp:term":[{"taxonomy":"category","embeddable":true,"href":"https:\/\/allez-yalla.com\/index.php\/wp-json\/wp\/v2\/categories?post=7896"},{"taxonomy":"post_tag","embeddable":true,"href":"https:\/\/allez-yalla.com\/index.php\/wp-json\/wp\/v2\/tags?post=7896"}],"curies":[{"name":"wp","href":"https:\/\/api.w.org\/{rel}","templated":true}]}}