{"id":49,"date":"2020-04-06T18:31:21","date_gmt":"2020-04-06T16:31:21","guid":{"rendered":"http:\/\/allez-yalla.com\/?page_id=49"},"modified":"2025-11-12T13:58:09","modified_gmt":"2025-11-12T12:58:09","slug":"1-2-et-si-on-remontait-la-pente-en-eglise","status":"publish","type":"post","link":"https:\/\/allez-yalla.com\/index.php\/2020\/04\/06\/1-2-et-si-on-remontait-la-pente-en-eglise\/","title":{"rendered":"Et si on remontait la pente, en Eglise?"},"content":{"rendered":"<div class=\"wp-block-image is-resized\">\n<figure class=\"aligncenter\"><img decoding=\"async\" loading=\"lazy\" width=\"347\" height=\"245\" src=\"https:\/\/allez-yalla.com\/wp-content\/uploads\/2020\/05\/image-8.png\" alt=\"\" class=\"wp-image-50\" style=\"aspect-ratio:1.416326530612245;width:577px;height:auto\" srcset=\"https:\/\/allez-yalla.com\/wp-content\/uploads\/2020\/05\/image-8.png 347w, https:\/\/allez-yalla.com\/wp-content\/uploads\/2020\/05\/image-8-300x212.png 300w\" sizes=\"(max-width: 347px) 85vw, 347px\" \/><figcaption class=\"wp-element-caption\"> <br><a href=\"https:\/\/lapin-bleu.croixglorieuse.org\/\">https:\/\/lapin-bleu.croixglorieuse.org\/<\/a> <\/figcaption><\/figure><\/div>\n\n\n<h2 class=\"wp-block-heading\">La puissance de la suggestion: <em>\u00ab\u00a0Oui, l&rsquo;Eglise va rena\u00eetre de ses cendres!\u00a0\u00bb<\/em> <br><\/h2>\n\n\n\n<p> <br>Peale:  <em>\u00ab\u00a0Appliquez la m\u00e9thode de l&rsquo;articulation suggestive\u00a0\u00bb qui consiste \u00e0 r\u00e9p\u00e9ter \u00e0 haute voix des mots apaisants. Les mots sont tr\u00e8s puissants. Il suffit de les prononcer pour d\u00e9clencher leur pouvoir de suggestion. La seule r\u00e9p\u00e9tition de mots alarmistes vous rendra nerveux et pourra m\u00eame affecter tout votre organisme.\u00a0\u00bb   <\/em> <\/p>\n\n\n\n<p>Parole de J\u00e9sus: \u00ab\u00a0<strong><em> Tu es Pierre, et sur cette pierre je b\u00e2tirai mon \u00c9glise ; et la puissance de la Mort ne l\u2019emportera pas sur elle.\u00a0\u00bb  (Mt 16:18) <\/em><\/strong>Cette parole est rassurante. Oui, je peux compter sur l&rsquo;Eglise. Elle restera active jusqu&rsquo;\u00e0 la fin des temps. <\/p>\n\n\n\n<p><strong>Parole de saint Paul: <em>\u00ab\u00a0<\/em><\/strong><em> J\u00e9sus  voulait se la pr\u00e9senter \u00e0 lui-m\u00eame, cette \u00c9glise, resplendissante, sans tache, ni ride, ni rien de tel ;  il la voulait sainte et immacul\u00e9e.\u00a0\u00bb (Eph 5:27) <\/em>Les probl\u00e8mes de p\u00e9dophilie, je n&rsquo;en veux plus, oui, il faut les d\u00e9noncer! Les richesses du Vatican,  je n&rsquo;aime pas.   J\u00e9sus non plus! Ce n&rsquo;est pas \u00e7a l&rsquo;Eglise!<\/p>\n\n\n<div class=\"wp-block-image\">\n<figure class=\"aligncenter is-resized\"><img decoding=\"async\" loading=\"lazy\" width=\"200\" height=\"200\" src=\"https:\/\/allez-yalla.com\/wp-content\/uploads\/2020\/05\/23031563_871402103018301_1883143870316130213_n.jpg\" alt=\"\" class=\"wp-image-117\" style=\"width:448px;height:448px\" srcset=\"https:\/\/allez-yalla.com\/wp-content\/uploads\/2020\/05\/23031563_871402103018301_1883143870316130213_n.jpg 200w, https:\/\/allez-yalla.com\/wp-content\/uploads\/2020\/05\/23031563_871402103018301_1883143870316130213_n-150x150.jpg 150w\" sizes=\"(max-width: 200px) 85vw, 200px\" \/><figcaption class=\"wp-element-caption\">C&rsquo;est du costaud, ce que l&rsquo;Eglise catholique nous propose et je peux le transmettre. <\/figcaption><\/figure><\/div>\n\n\n<h2 class=\"wp-block-heading\"> Les \u00e9glises vides, un signe et un d\u00e9fi.  <\/h2>\n\n\n\n<p><strong>N<\/strong>ous pouvons accepter ces \u00e9glises vides comme une simple mesure temporaire bient\u00f4t oubli\u00e9e. Mais nous pouvons aussi l\u2019accueillir comme un moment opportun \u00ab pour aller en eau plus profonde \u00bb dans un monde qui se transforme radicalement sous nos yeux.  <\/p>\n\n\n\n<p><strong><em>\u00ab\u00a0N<\/em><\/strong><em>os paroisses,  nos congr\u00e9gations, nos mouvements et nos monast\u00e8res devraient se rapprocher de l\u2019id\u00e9al qui a donn\u00e9 naissance aux universit\u00e9s europ\u00e9ennes : une communaut\u00e9 d\u2019\u00e9l\u00e8ves et de professeurs, une \u00e9cole de sagesse, o\u00f9 la v\u00e9rit\u00e9 est recherch\u00e9e \u00e0 travers le libre d\u00e9bat et aussi la profonde contemplation. De tels \u00eelots de spiritualit\u00e9 et de dialogue pourraient \u00eatre la source d\u2019une force de gu\u00e9rison pour un monde malade.\u00a0\u00bb <\/em>(Tomas Halik)   <br><a href=\"https:\/\/resurgences.be\/les-eglises-fermees-un-signe-de-dieu\/\">https:\/\/resurgences.be\/les-eglises-fermees-un-signe-de-dieu\/<\/a> <\/p>\n\n\n\n<figure class=\"wp-block-embed-wordpress wp-block-embed is-type-wp-embed is-provider-resurgences\"><div class=\"wp-block-embed__wrapper\">\n<blockquote class=\"wp-embedded-content\" data-secret=\"7D4DFj0MHz\"><a href=\"https:\/\/resurgences.be\/les-eglises-fermees-un-signe-de-dieu\/\">Les \u00e9glises ferm\u00e9es, un signe de Dieu\u00a0?<\/a><\/blockquote><iframe class=\"wp-embedded-content\" sandbox=\"allow-scripts\" security=\"restricted\" style=\"position: absolute; clip: rect(1px, 1px, 1px, 1px);\" title=\"\u00ab\u00a0Les \u00e9glises ferm\u00e9es, un signe de Dieu\u00a0?\u00a0\u00bb &#8212; R\u00e9surgences\" src=\"https:\/\/resurgences.be\/les-eglises-fermees-un-signe-de-dieu\/embed\/#?secret=tAZQ9zFS9M#?secret=7D4DFj0MHz\" data-secret=\"7D4DFj0MHz\" width=\"600\" height=\"338\" frameborder=\"0\" marginwidth=\"0\" marginheight=\"0\" scrolling=\"no\"><\/iframe>\n<\/div><figcaption><br><\/figcaption><\/figure>\n\n\n\n<h2 class=\"wp-block-heading\"><strong>L&rsquo;Eglise, c&rsquo;est nous, les Chr\u00e9tiens, religieux et la\u00efcs, saints  en devenir. <\/strong><\/h2>\n\n\n\n<p>Devenir saint  jusqu&rsquo;\u00e0 pouvoir dire:  <em>\u00ab\u00a0<\/em><strong><em>Ce n&rsquo;est plus moi qui vis, c&rsquo;est J\u00e9sus qui vit en moi.\u00a0\u00bb<\/em> <\/strong>(Galates 2:2o)<\/p>\n\n\n\n<p><em>A<\/em> chacun revient la charge de travailler \u00e0 la r\u00e9paration de l&rsquo;Eglise au moyen de ses talents  particuliers: musique, po\u00e9sie, dessins, et aussi ma\u00e7onnerie, \u00e9b\u00e9nisterie, \u00e9lectricit\u00e9 &#8230;   <em> <\/em> <br><\/p>\n\n\n\n<p><em><strong>Jacques, un p\u00e8re de famille propose  des  CREDOS de son cru<\/strong> pour les messes de familles.  En voici un. <\/em>  <\/p>\n\n\n<div class=\"wp-block-image\">\n<figure class=\"aligncenter is-resized\"><img decoding=\"async\" loading=\"lazy\" width=\"500\" height=\"535\" src=\"https:\/\/allez-yalla.com\/wp-content\/uploads\/2020\/05\/image-11.png\" alt=\"\" class=\"wp-image-250\" style=\"width:538px;height:576px\" srcset=\"https:\/\/allez-yalla.com\/wp-content\/uploads\/2020\/05\/image-11.png 500w, https:\/\/allez-yalla.com\/wp-content\/uploads\/2020\/05\/image-11-280x300.png 280w\" sizes=\"(max-width: 500px) 85vw, 500px\" \/><figcaption class=\"wp-element-caption\"> <br><a href=\"https:\/\/allez-yalla.com\/index.php\/7-1-les-credos-de-jacques-benoit\/\">https:\/\/allez-yalla.com\/index.php\/7-1-les-credos-de-jacques-benoit\/<\/a> <\/figcaption><\/figure><\/div>\n\n\n<figure class=\"wp-block-embed is-type-video is-provider-youtube wp-block-embed-youtube wp-embed-aspect-16-9 wp-has-aspect-ratio\"><div class=\"wp-block-embed__wrapper\">\n<iframe loading=\"lazy\" title=\"Nous prions le CREDO \u00e0 l&#039;Abbaye Notre-Dame de la Paix \u00e0 CHIMAY\" width=\"840\" height=\"473\" src=\"https:\/\/www.youtube.com\/embed\/flgi9EJMTsA?start=1&#038;feature=oembed\" frameborder=\"0\" allow=\"accelerometer; autoplay; clipboard-write; encrypted-media; gyroscope; picture-in-picture; web-share\" referrerpolicy=\"strict-origin-when-cross-origin\" allowfullscreen><\/iframe>\n<\/div><\/figure>\n\n\n\n<p>A l&rsquo;Abbaye de Scourmont, <strong>le p\u00e8re Omer <\/strong>s&rsquo;occupe de la fabrication de la bi\u00e8re,  mais <strong>son dada, c&rsquo;est la peinture d&rsquo;ic\u00f4nes et de dessins qui disent simplement les choses de la foi. <\/strong><\/p>\n\n\n\n<p>Gr\u00e2ce \u00e0 leur travail,  les congr\u00e9gations religieuses ont de tout temps aider les populations locales \u00e0 vivre dignement. Elles  ont un r\u00f4le particulier \u00e0 jouer  de nous jours pour relever la soci\u00e9t\u00e9. Dieu appelle \u00e0 le suivre sur ce chemin.   Retrouvons p\u00e8re Omer dans cette vid\u00e9o.   <br><a href=\"https:\/\/www.youtube.com\/watch?v=kj4ZG6zCfQI\">https:\/\/www.youtube.com\/watch?v=kj4ZG6zCfQI<\/a> <\/p>\n\n\n\n<figure class=\"wp-block-embed is-type-video is-provider-youtube wp-block-embed-youtube wp-embed-aspect-16-9 wp-has-aspect-ratio\"><div class=\"wp-block-embed__wrapper\">\n<iframe loading=\"lazy\" title=\"BI\u00c8RE DE CHIMAY France 2  02 07 2019\" width=\"840\" height=\"473\" src=\"https:\/\/www.youtube.com\/embed\/kj4ZG6zCfQI?feature=oembed\" frameborder=\"0\" allow=\"accelerometer; autoplay; clipboard-write; encrypted-media; gyroscope; picture-in-picture; web-share\" referrerpolicy=\"strict-origin-when-cross-origin\" allowfullscreen><\/iframe>\n<\/div><\/figure>\n\n\n<div class=\"wp-block-image\">\n<figure class=\"aligncenter is-resized\"><img decoding=\"async\" loading=\"lazy\" width=\"434\" height=\"597\" src=\"https:\/\/allez-yalla.com\/wp-content\/uploads\/2020\/05\/omer.jpg\" alt=\"\" class=\"wp-image-126\" style=\"width:305px;height:420px\" srcset=\"https:\/\/allez-yalla.com\/wp-content\/uploads\/2020\/05\/omer.jpg 434w, https:\/\/allez-yalla.com\/wp-content\/uploads\/2020\/05\/omer-218x300.jpg 218w\" sizes=\"(max-width: 434px) 85vw, 434px\" \/><figcaption class=\"wp-element-caption\">C\u00e9lien, 8 ans,  commentait ce dessin du p\u00e8re Omer:                       \u00ab\u00a0On voit J\u00e9sus avec tous ses fans!\u00a0\u00bb<\/figcaption><\/figure><\/div>\n\n\n<h2 class=\"wp-block-heading\"><strong>Malgr\u00e9 ses d\u00e9faillances, j\u2019aime l\u2019Eglise.<\/strong> <\/h2>\n\n\n\n<p>Je l\u2019aime comme on aime une maman dont on connait les limites et \u00e0 qui l&rsquo;on pardonne de ne pas \u00eatre parfaite. NB: Il faut parfois \u00eatre soi-m\u00eame une maman imparfaite pour pardonner \u00e0 sa propre m\u00e8re. <\/p>\n\n\n\n<p>Quand il y a un probl\u00e8me en famille, je demande \u00e0 mes enfants de parler, d&rsquo;exprimer leurs difficult\u00e9s  et de ne surtout pas partir en claquant la porte. Toute  s\u00e9paration risque d\u2019\u00eatre d\u00e9finitive. C&rsquo;est douloureux. En Eglise, c&rsquo;est pareil. Pourquoi partir? Ne vaut-il pas mieux rester et discuter? Encore faut-il demander les lumi\u00e8res de l&rsquo;Esprit Saint et prier vraiment beaucoup pour \u00eatre humble et ainsi \u00e9viter des bavardages inutiles. Il s&rsquo;agit de b\u00e2tir,  pas de faire du sur-place. <\/p>\n\n\n\n<figure class=\"wp-block-image\"><img decoding=\"async\" loading=\"lazy\" width=\"996\" height=\"320\" src=\"https:\/\/allez-yalla.com\/wp-content\/uploads\/2020\/05\/jaime.jpg\" alt=\"\" class=\"wp-image-93\" srcset=\"https:\/\/allez-yalla.com\/wp-content\/uploads\/2020\/05\/jaime.jpg 996w, https:\/\/allez-yalla.com\/wp-content\/uploads\/2020\/05\/jaime-300x96.jpg 300w, https:\/\/allez-yalla.com\/wp-content\/uploads\/2020\/05\/jaime-768x247.jpg 768w\" sizes=\"(max-width: 709px) 85vw, (max-width: 909px) 67vw, (max-width: 1362px) 62vw, 840px\" \/><\/figure>\n\n\n\n<p><a href=\"https:\/\/www.facebook.com\/jaime.leglise\">https:\/\/www.facebook.com\/jaime.leglise<\/a><\/p>\n\n\n\n<h2 class=\"wp-block-heading\">Au sein de l&rsquo;Eglise comme en dehors de celle-ci, beaucoup aiment Marie. <\/h2>\n\n\n<div class=\"wp-block-image\">\n<figure class=\"aligncenter is-resized\"><img decoding=\"async\" loading=\"lazy\" width=\"101\" height=\"74\" src=\"https:\/\/allez-yalla.com\/wp-content\/uploads\/2020\/05\/image-9.png\" alt=\"\" class=\"wp-image-94\" style=\"width:220px;height:161px\"\/><figcaption class=\"wp-element-caption\"> <br>M\u00e9daille miraculeuse (Rue du Bac 140 Paris XVI\u00e8me) <\/figcaption><\/figure><\/div>\n\n\n<p>C&rsquo;est normal qu&rsquo;on l&rsquo;aime quand on a fait la connaissance de la m\u00e8re de J\u00e9sus-Christ. Elle est si belle, si gentille! De plus, elle s\u2019investit, humble,  mais efficace. Marie  participe vraiment \u00e0 la reconstruction de l&rsquo;Eglise et par l\u00e0, \u00e0  la gu\u00e9rison de notre soci\u00e9t\u00e9 qui va \u00e0 vau-l&rsquo;eau. Marie, elle est partout! <\/p>\n\n\n\n<p>D\u00e9couvrant une image de Marie au mur de ma maison, une femme turque, voil\u00e9e,  s&rsquo;exclame joyeusement:  \u00ab\u00a0<em>Je connais cette dame. J&rsquo;ai r\u00eav\u00e9 d&rsquo;elle. Elle avait  un beau voile ourl\u00e9 d&rsquo;or et elle portait un b\u00e9b\u00e9 joufflu dans les bras.<\/em>\u00a0\u00bb  <em>\u00ab\u00a0Ce b\u00e9b\u00e9, c&rsquo;est J\u00e9sus, lui dis-je. Marie nous le pr\u00e9sente pour qu&rsquo;on fasse sa connaissance, si on veut.\u00a0\u00bb <\/em><\/p>\n\n\n<div class=\"wp-block-image\">\n<figure class=\"aligncenter is-resized\"><img decoding=\"async\" loading=\"lazy\" width=\"888\" height=\"534\" src=\"https:\/\/allez-yalla.com\/wp-content\/uploads\/2020\/05\/lucie-ourose.jpg\" alt=\"\" class=\"wp-image-285\" style=\"width:477px;height:286px\" srcset=\"https:\/\/allez-yalla.com\/wp-content\/uploads\/2020\/05\/lucie-ourose.jpg 888w, https:\/\/allez-yalla.com\/wp-content\/uploads\/2020\/05\/lucie-ourose-300x180.jpg 300w, https:\/\/allez-yalla.com\/wp-content\/uploads\/2020\/05\/lucie-ourose-768x462.jpg 768w\" sizes=\"(max-width: 709px) 85vw, (max-width: 909px) 67vw, (max-width: 1362px) 62vw, 840px\" \/><figcaption class=\"wp-element-caption\"> Une id\u00e9e: Demander \u00e0 Marie si elle veut bien nous confier un peu son b\u00e9b\u00e9! <\/figcaption><\/figure><\/div>\n\n\n<p> Lors d\u2019une apparition au p\u00e8re Cestac, Marie lui a parl\u00e9. Elle lui a dit -et cela ne nous \u00e9tonnera pas &#8211; <em>que les d\u00e9mons \u00e9taient d\u00e9cha\u00een\u00e9s dans le monde et que l\u2019heure \u00e9tait venue de la prier comme Reine des anges<\/em>. Pr\u00e9cisons que, lors de la premi\u00e8re impression de cette pri\u00e8re, les presses se bris\u00e8rent par deux fois. C\u2019est dire que le d\u00e9mon n\u2019\u00e9tait pas content, ce qui souligne l\u2019importance de cette d\u00e9votion. Voici cette pri\u00e8re: <\/p>\n\n\n\n<blockquote class=\"wp-block-quote\">\n<p> <br><strong><em>Auguste Reine des Cieux, Souveraine Ma\u00eetresse des Anges,                             Vous qui, d\u00e8s le commencement, avez re\u00e7u de Dieu <\/em><\/strong><br><strong><em>le Pouvoir et la Mission d\u2019\u00e9craser la t\u00eate de Satan,                            Nous vous le demandons humblement,<\/em><br><em> envoyez Vos L\u00e9gions C\u00e9lestes, pour que, sous Vos Ordres                            et par Votre Puissance, elles poursuivent les d\u00e9mons, les combattent partout, r\u00e9priment leur audace et les refoulent dans l\u2019ab\u00eeme.                                                                                                                Qui est comme Dieu ?<\/em><\/strong><br><strong><em>\u00d4 Bonne et Tendre M\u00e8re,<\/em><br><em> Vous serez toujours notre Amour et notre Esp\u00e9rance !                               \u00d4 Sainte M\u00e8re,<\/em><br><em>&nbsp;envoyez les saints Anges,<\/em><br><em> pour me d\u00e9fendre et repousser loin de moi le cruel ennemi.      Saints Anges et Archanges, d\u00e9fendez-nous, gardez-nous !<\/em><\/strong> <\/p>\n<cite> <br><a href=\"http:\/\/www.prier.be\/\">http:\/\/www.prier.be\/<\/a> <\/cite><\/blockquote>\n\n\n\n<p><strong>Marie compatit \u00e0 toutes nos d\u00e9tresses. Elle a elle-m\u00eame beaucoup souffert et elle comprend notre d\u00e9sir d&rsquo;\u00eatre \u00e9cout\u00e9, aid\u00e9.  Et moi, suis-je capable d&rsquo;imaginer la souffrance de cette m\u00e8re? De l&rsquo;\u00e9couter? <\/strong><\/p>\n\n\n\n<p><strong> Le film \u00ab\u00a0J\u00e9sus, de Nazareth \u00e0 J\u00e9rusalem\u00a0\u00bb nous y aide. <\/strong><a href=\"ttps:\/\/www.youtube.com\/watch?v=_qFvqTaVbOs \">https:\/\/www.youtube.com\/watch?v=_qFvqTaVbOs <\/a><\/p>\n\n\n\n<p>  <\/p>\n\n\n\n<figure class=\"wp-block-embed is-type-video is-provider-youtube wp-block-embed-youtube wp-embed-aspect-16-9 wp-has-aspect-ratio\"><div class=\"wp-block-embed__wrapper\">\n<iframe loading=\"lazy\" title=\"L&#039;adieu (par Marie, extrait du spectacle &quot; J\u00e9sus, de Nazareth \u00e0 J\u00e9rusalem&quot;) ((Version long...\" width=\"840\" height=\"473\" src=\"https:\/\/www.youtube.com\/embed\/_qFvqTaVbOs?feature=oembed\" frameborder=\"0\" allow=\"accelerometer; autoplay; clipboard-write; encrypted-media; gyroscope; picture-in-picture; web-share\" referrerpolicy=\"strict-origin-when-cross-origin\" allowfullscreen><\/iframe>\n<\/div><\/figure>\n\n\n\n<p><a href=\"https:\/\/www.youtube.com\/watch?v=-Uki0dkthzI\">https:\/\/www.youtube.com\/watch?v=-Uki0dkthzI<\/a><\/p>\n\n\n\n<h2 class=\"wp-block-heading\">La vie est difficile. Comment tenir le coup et aller de l&rsquo;avant, remonter la pente? <\/h2>\n\n\n\n<p><em><strong>Quand on leur demande comment ils font pour positiver, les Chr\u00e9tiens r\u00e9pondent ceci ou cela:   <\/strong><\/em><\/p>\n\n\n\n<p>\u2026 Je loue le Seigneur pour la belle nature et pour  les moindres petites choses positives. C&rsquo;est bon pour le moral. <\/p>\n\n\n\n<p>&#8230; Je remercie ceux qui m&rsquo;aident, je remercie Dieu.  Dire \u00ab\u00a0merci\u00a0\u00bb dilate le c\u0153ur. <\/p>\n\n\n\n<p>\u2026Je vis ma foi du mieux que je peux, aupr\u00e8s des miens d\u2019abord ; ensuite, suivant l&rsquo;appel re\u00e7u, les dons re\u00e7us, je m\u2019engage dans des \u0153uvres humanitaires et je d\u00e9couvre que.  <em>\u00ab&nbsp;Il n\u2019y a pas plus grande joie que d\u2019en donner&nbsp;\u00bb <\/em><\/p>\n\n\n<div class=\"wp-block-image\">\n<figure class=\"aligncenter is-resized\"><img decoding=\"async\" loading=\"lazy\" width=\"300\" height=\"218\" src=\"https:\/\/allez-yalla.com\/wp-content\/uploads\/2020\/05\/file.jpg\" alt=\"\" class=\"wp-image-140\" style=\"width:435px;height:315px\"\/><figcaption class=\"wp-element-caption\"> <br><a href=\"https:\/\/lapin-bleu.croixglorieuse.org\/\">https:\/\/lapin-bleu.croixglorieuse.org\/<\/a> <\/figcaption><\/figure><\/div>\n\n\n<p>\u2026 Chaque jour, je fais mon examen de conscience. Je demande pardon \u00e0 Dieu. \u00c7a lib\u00e8re. Dans la mesure du possible, je cherche \u00e0 me r\u00e9concilier avec les personnes que j\u2019ai bless\u00e9es.<\/p>\n\n\n\n<p>\u2026Je tire la sonnette d\u2019alarme, j\u2019encourage chacun \u00e0 se d\u00e9cider R\u00c9ELLEMENT \u00e0 construire la paix.&nbsp; C&rsquo;est n\u00e9cessaire \u00e0 mon moral de \u00ab\u00a0prendre les armes spirituelles\u00a0\u00bb. <\/p>\n\n\n\n<p>\u2026 Je crois fermement que Dieu veut et peut nous sauver. Aussi, je lis la Bible, je surligne les paroles qui me boostent. Je prie davantage et de ce fait, je per\u00e7ois la Pr\u00e9sence, l\u2019action de Dieu en moi. C\u2019est encourageant.<\/p>\n\n\n\n<p>\u2026 J\u2019\u00e9coute des chants bien vivants, des musiques&nbsp;&nbsp;qui  me \u2018spident\u2019.  <br><a href=\"https:\/\/allez-yalla.com\/index.php\/2020\/05\/09\/6-chanter-cest-prier-deux-fois\/\">https:\/\/allez-yalla.com\/index.php\/2020\/05\/09\/6-chanter-cest-prier-deux-fois\/<\/a> <\/p>\n\n\n\n<p>\u2026 J\u2019\u00e9coute aussi des t\u00e9moignages \u00e9difiants, je regarde de bons films, de beaux livres sur la vie des personnes qui ont fait du bien dans leur vie.  <br>NB: Kto est une excellente source o\u00f9 l&rsquo;on n&rsquo;a jamais fini de puiser.  <\/p>\n\n\n\n<p>\u2026 Le pape me donne du courage. J\u2019aime sa proximit\u00e9 avec les jeunes, les moins jeunes, les bien-portants, les immigr\u00e9s\u2026 Il d\u00e9nonce les injustices, il encourage.     <br><a href=\"https:\/\/fr.zenit.org\/articles\/forum-de-davos-le-pape-denonce-les-visions-materialistes-ou-utilitaires\/\">https:\/\/fr.zenit.org\/articles\/forum-de-davos-le-pape-denonce-les-visions-materialistes-ou-utilitaires\/<\/a> <\/p>\n\n\n\n<p><strong><em>&#8230; Dieu merci, la foi reste vive en Eglise. <\/em><\/strong>  Aussi je peux compter sur des chr\u00e9tiens rest\u00e9s fid\u00e8les \u00e0 l\u2019Evangile. C&rsquo;est tellement pr\u00e9cieux!  <\/p>\n\n\n\n<p>&#8230; Personnellement, le Renouveau Charismatique me remplit le c\u0153ur de joie. <\/p>\n\n\n\n<figure class=\"wp-block-embed is-type-video is-provider-youtube wp-block-embed-youtube wp-embed-aspect-16-9 wp-has-aspect-ratio\"><div class=\"wp-block-embed__wrapper\">\n<iframe loading=\"lazy\" title=\"Danny-Pierre: Pourquoi j&#039;ai mis ma confiance en J\u00e9sus.\" width=\"840\" height=\"473\" src=\"https:\/\/www.youtube.com\/embed\/zTV0uASk3P8?feature=oembed\" frameborder=\"0\" allow=\"accelerometer; autoplay; clipboard-write; encrypted-media; gyroscope; picture-in-picture; web-share\" referrerpolicy=\"strict-origin-when-cross-origin\" allowfullscreen><\/iframe>\n<\/div><figcaption class=\"wp-element-caption\">Session du Renouveau Charismatique \u00e0 Maredsous en 2019. <\/figcaption><\/figure>\n\n\n\n<h2 class=\"wp-block-heading\"><strong>Les t\u00e9moins de l\u2019Amour de toute culture, religion, philosophie nous boostent. <\/strong><\/h2>\n\n\n\n<p><strong> <\/strong><\/p>\n\n\n\n<blockquote class=\"wp-block-quote\">\n<p> <strong>I<\/strong><em><strong>ls nous encouragent \u00e0 relever les mille d\u00e9fis de la vie:   <\/strong>                 Ne<\/em>lson Mandela, les \u00e9poux Edhy-Bilquis, l&rsquo;abb\u00e9 Pierre, Albert Schweitzer, m\u00e8re Teresa, Martin Luther King, Edith Stein, p\u00e8re Pedro, les missionnaire de Fidesco&#8230; Tous vivent l&rsquo;enseignement de J\u00e9sus, parfois sans m\u00eame en avoir entendu parler. C&rsquo;est interpellant!<\/p>\n<\/blockquote>\n\n\n\n<figure class=\"wp-block-embed is-type-video is-provider-youtube wp-block-embed-youtube wp-embed-aspect-16-9 wp-has-aspect-ratio\"><div class=\"wp-block-embed__wrapper\">\n<iframe loading=\"lazy\" title=\"Where is Fidesco 2020\" width=\"840\" height=\"473\" src=\"https:\/\/www.youtube.com\/embed\/jlAKyKneMYY?feature=oembed\" frameborder=\"0\" allow=\"accelerometer; autoplay; clipboard-write; encrypted-media; gyroscope; picture-in-picture; web-share\" referrerpolicy=\"strict-origin-when-cross-origin\" allowfullscreen><\/iframe>\n<\/div><\/figure>\n\n\n\n<h2 class=\"wp-block-heading\"><strong>Mis en pratique, les 10 commandements,  pr\u00e9sents dans la Torah, la Bible, le Coran changeront le monde.  Enfin! <\/strong><\/h2>\n\n\n\n<figure class=\"wp-block-image\"><img decoding=\"async\" src=\"https:\/\/allez-yalla.com\/wp-content\/uploads\/2020\/05\/benigni....jpg\" alt=\"L\u2019attribut alt de cette image est vide, son nom de fichier est benigni....jpg.\"\/><figcaption class=\"wp-element-caption\"> <br><a href=\"https:\/\/www.facebook.com\/watch\/?v=1223540164389229\">https:\/\/www.facebook.com\/watch\/?v=1223540164389229<\/a> <br><br><\/figcaption><\/figure>\n\n\n\n<p><br><a href=\"https:\/\/www.infochretienne.com\/grand-roberto-benigni-prechait-commandement-de-lamour-devant-10-millions-de-telespectateurs\/\">https:\/\/www.infochretienne.com\/grand-roberto-benigni-prechait-commandement-de-lamour-devant-10-millions-de-telespectateurs\/<\/a> <\/p>\n\n\n<div class=\"wp-block-image\">\n<figure class=\"aligncenter is-resized\"><img decoding=\"async\" loading=\"lazy\" width=\"600\" height=\"424\" src=\"https:\/\/allez-yalla.com\/wp-content\/uploads\/2020\/05\/ATO30Lapinbleu313C-Mt22_39.jpg\" alt=\"\" class=\"wp-image-110\" style=\"width:684px;height:484px\" srcset=\"https:\/\/allez-yalla.com\/wp-content\/uploads\/2020\/05\/ATO30Lapinbleu313C-Mt22_39.jpg 600w, https:\/\/allez-yalla.com\/wp-content\/uploads\/2020\/05\/ATO30Lapinbleu313C-Mt22_39-300x212.jpg 300w\" sizes=\"(max-width: 709px) 85vw, (max-width: 909px) 67vw, (max-width: 984px) 61vw, (max-width: 1362px) 45vw, 600px\" \/><figcaption class=\"wp-element-caption\">Blog de Coolus, de la Croix Glorieuse.  <br><a href=\"https:\/\/lapin-bleu.croixglorieuse.org\/\">https:\/\/lapin-bleu.croixglorieuse.org\/<\/a> <\/figcaption><\/figure><\/div>\n\n<div class=\"wp-block-image\">\n<figure class=\"aligncenter is-resized\"><img decoding=\"async\" loading=\"lazy\" width=\"1024\" height=\"768\" src=\"https:\/\/allez-yalla.com\/wp-content\/uploads\/2020\/05\/DSCN7857-1024x768.jpg\" alt=\"\" class=\"wp-image-122\" style=\"width:674px;height:508px\" srcset=\"https:\/\/allez-yalla.com\/wp-content\/uploads\/2020\/05\/DSCN7857-1024x768.jpg 1024w, https:\/\/allez-yalla.com\/wp-content\/uploads\/2020\/05\/DSCN7857-300x225.jpg 300w, https:\/\/allez-yalla.com\/wp-content\/uploads\/2020\/05\/DSCN7857-768x576.jpg 768w, https:\/\/allez-yalla.com\/wp-content\/uploads\/2020\/05\/DSCN7857-1200x900.jpg 1200w\" sizes=\"(max-width: 709px) 85vw, (max-width: 909px) 67vw, (max-width: 1362px) 62vw, 840px\" \/><figcaption class=\"wp-element-caption\">\u00ab\u00a0D\u00e9gage en toi la source.\u00a0\u00bb Abbaye de Maredsous &#8211; Session du Renouveau Charismatique 2019. <\/figcaption><\/figure><\/div>\n\n\n<figure class=\"wp-block-embed is-type-video is-provider-youtube wp-block-embed-youtube wp-embed-aspect-16-9 wp-has-aspect-ratio\"><div class=\"wp-block-embed__wrapper\">\n<iframe loading=\"lazy\" title=\"Paray 2019 - Teaser officiel\" width=\"840\" height=\"473\" src=\"https:\/\/www.youtube.com\/embed\/9J-CmQmdBC0?feature=oembed\" frameborder=\"0\" allow=\"accelerometer; autoplay; clipboard-write; encrypted-media; gyroscope; picture-in-picture; web-share\" referrerpolicy=\"strict-origin-when-cross-origin\" allowfullscreen><\/iframe>\n<\/div><\/figure>\n\n\n\n<figure class=\"wp-block-embed is-type-video is-provider-youtube wp-block-embed-youtube wp-embed-aspect-16-9 wp-has-aspect-ratio\"><div class=\"wp-block-embed__wrapper\">\n<iframe loading=\"lazy\" title=\"Les Pr\u00eatres Je cherche ton visage\" width=\"840\" height=\"473\" src=\"https:\/\/www.youtube.com\/embed\/_U1R2v0DHW0?feature=oembed\" frameborder=\"0\" allow=\"accelerometer; autoplay; clipboard-write; encrypted-media; gyroscope; picture-in-picture; web-share\" referrerpolicy=\"strict-origin-when-cross-origin\" allowfullscreen><\/iframe>\n<\/div><\/figure>\n\n\n\n<figure class=\"wp-block-embed is-type-video is-provider-youtube wp-block-embed-youtube wp-embed-aspect-16-9 wp-has-aspect-ratio\"><div class=\"wp-block-embed__wrapper\">\n<iframe loading=\"lazy\" title=\"Mannick, Jo Akepsimas - Je m&#039;appelle Pierre\" width=\"840\" height=\"473\" src=\"https:\/\/www.youtube.com\/embed\/3BRGv__xQKI?list=PL1nL8HRRj6UNSvKk_a5Nfo8kqBtAotzEY\" frameborder=\"0\" allow=\"accelerometer; autoplay; clipboard-write; encrypted-media; gyroscope; picture-in-picture; web-share\" referrerpolicy=\"strict-origin-when-cross-origin\" allowfullscreen><\/iframe>\n<\/div><\/figure>\n\n\n\n<p>voir aussi  <br><a href=\"https:\/\/allez-yalla.com\/index.php\/2020\/05\/16\/jaime-leglise-meme-si\/\">https:\/\/allez-yalla.com\/index.php\/2020\/05\/16\/jaime-leglise-meme-si\/<\/a> <\/p>\n\n\n\n<figure class=\"wp-block-embed is-type-wp-embed is-provider-aveclesimmigres wp-block-embed-aveclesimmigres\"><div class=\"wp-block-embed__wrapper\">\n<blockquote class=\"wp-embedded-content\" data-secret=\"ccQP4sjqGM\"><a href=\"https:\/\/aveclesimmigres.wordpress.com\/2012\/12\/31\/33\/\">Yalla avec les&nbsp;immigr\u00e9s<\/a><\/blockquote><iframe class=\"wp-embedded-content\" sandbox=\"allow-scripts\" security=\"restricted\" style=\"position: absolute; clip: rect(1px, 1px, 1px, 1px);\" title=\"&laquo;&nbsp;Yalla avec les&nbsp;immigr\u00e9s&nbsp;&raquo; &#8212; aveclesimmigres\" src=\"https:\/\/aveclesimmigres.wordpress.com\/2012\/12\/31\/33\/embed\/#?secret=5aT7yztWgb#?secret=ccQP4sjqGM\" data-secret=\"ccQP4sjqGM\" width=\"600\" height=\"338\" frameborder=\"0\" marginwidth=\"0\" marginheight=\"0\" scrolling=\"no\"><\/iframe>\n<\/div><\/figure>\n\n\n\n<figure class=\"wp-block-image size-full is-resized\"><img decoding=\"async\" loading=\"lazy\" width=\"247\" height=\"688\" src=\"https:\/\/allez-yalla.com\/wp-content\/uploads\/2025\/11\/Z.png\" alt=\"\" class=\"wp-image-20370\" style=\"aspect-ratio:0.35901162790697677;width:210px;height:auto\" srcset=\"https:\/\/allez-yalla.com\/wp-content\/uploads\/2025\/11\/Z.png 247w, https:\/\/allez-yalla.com\/wp-content\/uploads\/2025\/11\/Z-108x300.png 108w\" sizes=\"(max-width: 247px) 85vw, 247px\" \/><\/figure>\n","protected":false},"excerpt":{"rendered":"<p>La puissance de la suggestion: \u00ab\u00a0Oui, l&rsquo;Eglise va rena\u00eetre de ses cendres!\u00a0\u00bb Peale: \u00ab\u00a0Appliquez la m\u00e9thode de l&rsquo;articulation suggestive\u00a0\u00bb qui consiste \u00e0 r\u00e9p\u00e9ter \u00e0 haute voix des mots apaisants. Les mots sont tr\u00e8s puissants. Il suffit de les prononcer pour d\u00e9clencher leur pouvoir de suggestion. La seule r\u00e9p\u00e9tition de mots alarmistes vous rendra nerveux et &hellip; <a href=\"https:\/\/allez-yalla.com\/index.php\/2020\/04\/06\/1-2-et-si-on-remontait-la-pente-en-eglise\/\" class=\"more-link\">Continuer la lecture<span class=\"screen-reader-text\"> de &laquo;&nbsp;Et si on remontait la pente, en Eglise?&nbsp;&raquo;<\/span><\/a><\/p>\n","protected":false},"author":1,"featured_media":0,"comment_status":"closed","ping_status":"closed","sticky":false,"template":"","format":"standard","meta":{"footnotes":""},"categories":[428,785,347,20,1151,124],"tags":[],"_links":{"self":[{"href":"https:\/\/allez-yalla.com\/index.php\/wp-json\/wp\/v2\/posts\/49"}],"collection":[{"href":"https:\/\/allez-yalla.com\/index.php\/wp-json\/wp\/v2\/posts"}],"about":[{"href":"https:\/\/allez-yalla.com\/index.php\/wp-json\/wp\/v2\/types\/post"}],"author":[{"embeddable":true,"href":"https:\/\/allez-yalla.com\/index.php\/wp-json\/wp\/v2\/users\/1"}],"replies":[{"embeddable":true,"href":"https:\/\/allez-yalla.com\/index.php\/wp-json\/wp\/v2\/comments?post=49"}],"version-history":[{"count":77,"href":"https:\/\/allez-yalla.com\/index.php\/wp-json\/wp\/v2\/posts\/49\/revisions"}],"predecessor-version":[{"id":20375,"href":"https:\/\/allez-yalla.com\/index.php\/wp-json\/wp\/v2\/posts\/49\/revisions\/20375"}],"wp:attachment":[{"href":"https:\/\/allez-yalla.com\/index.php\/wp-json\/wp\/v2\/media?parent=49"}],"wp:term":[{"taxonomy":"category","embeddable":true,"href":"https:\/\/allez-yalla.com\/index.php\/wp-json\/wp\/v2\/categories?post=49"},{"taxonomy":"post_tag","embeddable":true,"href":"https:\/\/allez-yalla.com\/index.php\/wp-json\/wp\/v2\/tags?post=49"}],"curies":[{"name":"wp","href":"https:\/\/api.w.org\/{rel}","templated":true}]}}