{"id":488,"date":"2020-05-11T18:03:13","date_gmt":"2020-05-11T16:03:13","guid":{"rendered":"http:\/\/allez-yalla.com\/?page_id=488"},"modified":"2021-07-15T06:23:30","modified_gmt":"2021-07-15T04:23:30","slug":"8-quand-rien-ne-va-plus","status":"publish","type":"post","link":"https:\/\/allez-yalla.com\/index.php\/2020\/05\/11\/8-quand-rien-ne-va-plus\/","title":{"rendered":"Quand rien ne va plus, ou presque, la foi est une bou\u00e9e de secours."},"content":{"rendered":"\n<div class=\"wp-block-image\"><figure class=\"aligncenter is-resized\"><img decoding=\"async\" loading=\"lazy\" src=\"https:\/\/allez-yalla.com\/wp-content\/uploads\/2020\/05\/soul\u00e8ve-2.jpg\" alt=\"\" class=\"wp-image-513\" width=\"318\" height=\"279\" srcset=\"https:\/\/allez-yalla.com\/wp-content\/uploads\/2020\/05\/soul\u00e8ve-2.jpg 515w, https:\/\/allez-yalla.com\/wp-content\/uploads\/2020\/05\/soul\u00e8ve-2-300x263.jpg 300w\" sizes=\"(max-width: 318px) 85vw, 318px\" \/><\/figure><\/div>\n\n\n\n<h2 class=\"wp-block-heading\"><strong><em>Quand tout semble perdu, il est bon de penser aux grands t\u00e9moins de la foi.<\/em><\/strong><\/h2>\n\n\n\n<p> On peut faire des miracles avec la foi, s&rsquo;engager sur de nouveaux chemins. <\/p>\n\n\n\n<blockquote class=\"wp-block-quote\"><p>  <strong>11<\/strong> Mo\u00efse dit \u00e0 Dieu : \u00ab Qui suis-je pour aller trouver Pharaon, et pour faire sortir d\u2019\u00c9gypte les fils d\u2019Isra\u00ebl ? \u00bb <strong>12<\/strong> Dieu lui r\u00e9pondit : \u00a0\u00bb Je suis avec toi&#8230;.\u00a0\u00bb  Gr\u00e2ce \u00e0 la foi, il sortit le peuple de l&rsquo;esclavage. <br><a href=\"https:\/\/www.aelf.org\/bible\/Ex\/3\">https:\/\/www.aelf.org\/bible\/Ex\/3<\/a> <\/p><\/blockquote>\n\n\n\n<figure class=\"wp-block-embed-youtube wp-block-embed is-type-video is-provider-youtube wp-embed-aspect-4-3 wp-has-aspect-ratio\"><div class=\"wp-block-embed__wrapper\">\n<iframe loading=\"lazy\" title=\"Le prince d&#039;Egypte (avec la foi)\" width=\"840\" height=\"630\" src=\"https:\/\/www.youtube.com\/embed\/Juu-205MH9A?feature=oembed\" frameborder=\"0\" allow=\"accelerometer; autoplay; encrypted-media; gyroscope; picture-in-picture\" allowfullscreen><\/iframe>\n<\/div><\/figure>\n\n\n\n<h2 class=\"wp-block-heading\"><em>La foi est une fa\u00e7on de poss\u00e9der ce que l\u2019on esp\u00e8re, un moyen de conna\u00eetre des r\u00e9alit\u00e9s qu\u2019on ne voit pas.  <\/em><\/h2>\n\n\n\n<p>Et quand l\u2019\u00c9criture rend t\u00e9moignage aux anciens, c\u2019est \u00e0 cause de leur foi.\u00a0\u00bb  <br><a href=\"https:\/\/www.aelf.org\/bible\/He\/11\">https:\/\/www.aelf.org\/bible\/He\/11<\/a>   <\/p>\n\n\n\n<blockquote class=\"wp-block-quote\"><p><strong><em>Saint Thomas: \u00ab\u00a0Je ne croirai que si je le vois de mes yeux.\u00a0\u00bb <\/em><\/strong><\/p><\/blockquote>\n\n\n\n<p><em>L\u2019un des Douze, Thomas (dont le nom signifie&nbsp;: Jumeau), n\u2019\u00e9tait pas avec eux quand J\u00e9sus \u00e9tait venu. Les autres disciples lui disaient&nbsp;: \u00abNous avons vu le Seigneur&nbsp;!\u00bb Mais il leur d\u00e9clara&nbsp;: \u00abSi je ne vois pas dans ses mains la marque des clous, si je ne mets pas mon doigt \u00e0 l\u2019endroit des clous, si je ne mets la main dans son c\u00f4t\u00e9, non, je ne croirai pas!\u00bb<br> Huit jours plus tard, les disciples se trouvaient de nouveau dans la maison, et Thomas \u00e9tait avec eux. J\u00e9sus vient, alors que les portes \u00e9taient verrouill\u00e9es, et il \u00e9tait l\u00e0 au milieu d\u2019eux. Il dit&nbsp;: \u00abLa paix soit avec vous&nbsp;!\u00bb Puis il dit \u00e0 Thomas&nbsp;: \u00abAvance ton doigt ici, et vois mes mains&nbsp;; avance ta main, et mets-la dans mon c\u00f4t\u00e9&nbsp;: cesse d\u2019\u00eatre incr\u00e9dule, sois croyant.\u00bb Thomas lui dit alors&nbsp;: \u00abMon Seigneur et mon Dieu&nbsp;!\u00bb<br> J\u00e9sus lui dit&nbsp;: \u00abParce que tu m\u2019as vu, tu crois. Heureux ceux qui croient sans avoir vu.\u00bb<\/em>  https:\/\/www.prionseneglise.fr\/textes-du-jour\/evangile\/2014-07-03 <\/p>\n\n\n\n<p><\/p>\n\n\n\n<div class=\"wp-block-image\"><figure class=\"aligncenter is-resized\"><img decoding=\"async\" loading=\"lazy\" src=\"https:\/\/allez-yalla.com\/wp-content\/uploads\/2020\/05\/Caravage-LIncredulite-saint-Thomas-1595-1600-Huile-toile-Potsdam_0_728_533-1.jpg\" alt=\"\" class=\"wp-image-491\" width=\"505\" height=\"371\" srcset=\"https:\/\/allez-yalla.com\/wp-content\/uploads\/2020\/05\/Caravage-LIncredulite-saint-Thomas-1595-1600-Huile-toile-Potsdam_0_728_533-1.jpg 728w, https:\/\/allez-yalla.com\/wp-content\/uploads\/2020\/05\/Caravage-LIncredulite-saint-Thomas-1595-1600-Huile-toile-Potsdam_0_728_533-1-300x220.jpg 300w\" sizes=\"(max-width: 505px) 85vw, 505px\" \/><figcaption> <br><a href=\"https:\/\/croire.la-croix.com\/Abonnes\/Les-videos-Croire.com\/La-foi-dans-l-art\/Diaporama-l-incredulite-de-saint-Thomas-par-Le-Caravage\">https:\/\/croire.la-croix.com\/Abonnes\/Les-videos-Croire.com\/La-foi-dans-l-art\/Diaporama-l-incredulite-de-saint-Thomas-par-Le-Caravage<\/a> <\/figcaption><\/figure><\/div>\n\n\n\n<blockquote class=\"wp-block-quote\"><p><strong><em>Abraham n\u2019a pas attendu d\u2019avoir un fils pour croire. <\/em><\/strong><\/p><\/blockquote>\n\n\n\n<p><strong>18<\/strong>&nbsp;Esp\u00e9rant\ncontre toute esp\u00e9rance, il a cru&nbsp;; ainsi est-il devenu le p\u00e8re d\u2019un grand\nnombre de nations, selon cette parole&nbsp;: Telle sera la descendance que tu\nauras&nbsp;!<\/p>\n\n\n\n<p><strong>21<\/strong> car il \u00e9tait pleinement convaincu que Dieu a la puissance d\u2019accomplir ce qu\u2019il a promis.    https:\/\/www.aelf.org\/bible\/Rm\/4 <\/p>\n\n\n\n<blockquote class=\"wp-block-quote\"><p><strong><em>Mo\u00efse n\u2019a pas attendu d\u2019\u00eatre sorti d\u2019Egypte pour croire. <\/em><\/strong>Et nous, devant tant de souffrances et de morts, croyons-nous que Dieu peut nous sauver? <\/p><\/blockquote>\n\n\n\n<figure class=\"wp-block-embed-youtube wp-block-embed is-type-video is-provider-youtube wp-embed-aspect-16-9 wp-has-aspect-ratio\"><div class=\"wp-block-embed__wrapper\">\n<iframe loading=\"lazy\" title=\"&quot;When You Believe&quot; cover by One Voice Children&#039;s Choir\" width=\"840\" height=\"473\" src=\"https:\/\/www.youtube.com\/embed\/9jAtB_UBWh0?feature=oembed\" frameborder=\"0\" allow=\"accelerometer; autoplay; encrypted-media; gyroscope; picture-in-picture\" allowfullscreen><\/iframe>\n<\/div><\/figure>\n\n\n\n<h2 class=\"wp-block-heading\">Prions pour que se l\u00e8vent une multitude de  proph\u00e8tes, petits et grands.  <\/h2>\n\n\n\n<blockquote class=\"wp-block-quote\"><p>Chacun est appel\u00e9 \u00e0 servir Dieu pour le bien des fr\u00e8res et s\u0153urs en humanit\u00e9.   Tant de souffrances ne peut pas nous laisser indiff\u00e9rents tout de m\u00eame! <br><strong>Et moi, vais-je encore attendre pour dire \u00ab Je crois, envoie-moi\u00bb ? <\/strong>    <br><a href=\"https:\/\/www.youtube.com\/watch?v=mgLwH5RdtPk\">https:\/\/www.youtube.com\/watch?v=mgLwH5RdtPk<\/a> <\/p><\/blockquote>\n\n\n\n<figure class=\"wp-block-embed-youtube wp-block-embed is-type-video is-provider-youtube wp-embed-aspect-16-9 wp-has-aspect-ratio\"><div class=\"wp-block-embed__wrapper\">\n<iframe loading=\"lazy\" title=\"Here I am Lord with lyrics\" width=\"840\" height=\"473\" src=\"https:\/\/www.youtube.com\/embed\/EcxOkht8w7c?feature=oembed\" frameborder=\"0\" allow=\"accelerometer; autoplay; encrypted-media; gyroscope; picture-in-picture\" allowfullscreen><\/iframe>\n<\/div><\/figure>\n\n\n\n<div class=\"wp-block-image\"><figure class=\"aligncenter is-resized\"><img decoding=\"async\" loading=\"lazy\" src=\"https:\/\/allez-yalla.com\/wp-content\/uploads\/2020\/05\/Lapinbleu602C-Is6_8.jpg\" alt=\"\" class=\"wp-image-492\" width=\"526\" height=\"372\" srcset=\"https:\/\/allez-yalla.com\/wp-content\/uploads\/2020\/05\/Lapinbleu602C-Is6_8.jpg 600w, https:\/\/allez-yalla.com\/wp-content\/uploads\/2020\/05\/Lapinbleu602C-Is6_8-300x212.jpg 300w\" sizes=\"(max-width: 526px) 85vw, 526px\" \/><\/figure><\/div>\n\n\n\n<h2 class=\"wp-block-heading\"> Quelle attitude face au corona? <\/h2>\n\n\n\n<div class=\"wp-block-image\"><figure class=\"aligncenter is-resized\"><img decoding=\"async\" loading=\"lazy\" src=\"https:\/\/allez-yalla.com\/wp-content\/uploads\/2020\/05\/89856357_10219223252504465_952023614767497216_n.jpg\" alt=\"\" class=\"wp-image-501\" width=\"345\" height=\"471\" srcset=\"https:\/\/allez-yalla.com\/wp-content\/uploads\/2020\/05\/89856357_10219223252504465_952023614767497216_n.jpg 702w, https:\/\/allez-yalla.com\/wp-content\/uploads\/2020\/05\/89856357_10219223252504465_952023614767497216_n-219x300.jpg 219w\" sizes=\"(max-width: 345px) 85vw, 345px\" \/><\/figure><\/div>\n\n\n\n<p>Comment peut-on trouver des occasions de se r\u00e9jouir quand on ne parle que de morts et de souffrances? <\/p>\n\n\n\n<p>\u00ab\u00a0Comme dit Christian Merveille, <em>\u00ab C\u2019est parfois en creux qu\u2019on peut d\u00e9couvrir les choses. C\u2019est dans le d\u00e9sert qu\u2019on a le go\u00fbt de l\u2019eau, c\u2019est au c\u0153ur de la nuit qu\u2019on a le go\u00fbt du jour. Il y a une lucidit\u00e9 qui nous vient parfois dans ces moments-l\u00e0, quand on se surprend \u00e0 regarder le monde \u00e0 travers ses larmes, comme si elles servaient de lentilles pour rendre plus net ce que l\u2019on regarde.\u201d<\/em> (Jean Hegland &#8211; \u00ab Dans la for\u00eat \u00bb) Avec lui, je vous invite donc \u00e0 \u00ab voir autrement les choses, sous un jour nouveau et \u00e9clatant \u00bb Comme le printemps l\u2019annonce (avec ce beau soleil en prime !), la vie reprend toujours le dessus, germe discr\u00e8tement pour finir par s\u2019imposer. Nous pouvons sentir autour de nous o\u00f9 se trouve la vie, l\u00e0 o\u00f9 nos d\u00e9funts sont vivants, ce qui nous donne vie, ce qui donne vie au monde, l\u00e0 o\u00f9 la vie et l\u2019amour palpitent, la vie partout\u2026\u00a0\u00bb(anonyme) <\/p>\n\n\n\n<h2 class=\"wp-block-heading\">Combien de temps vas-tu reporter  l&rsquo;appel \u00e0 t\u2019agripper \u00e0 la bou\u00e9e que Dieu te lance?<\/h2>\n\n\n\n<p> Voici le temps, Esprit tr\u00e8s saint,<br>O\u00f9 dans le c\u0153ur de tes fid\u00e8les,<br>Uni au P\u00e8re et \u00e0 son Fils,<br>Tu viens r\u00e9pandre ta lumi\u00e8re.  <br><a href=\"https:\/\/www.aelf.org\/2020-02-01\/romain\/tierce\">https:\/\/www.aelf.org\/2020-02-01\/romain\/tierce<\/a> <\/p>\n\n\n\n<div class=\"wp-block-image\"><figure class=\"aligncenter is-resized\"><img decoding=\"async\" loading=\"lazy\" src=\"https:\/\/allez-yalla.com\/wp-content\/uploads\/2020\/05\/image-12.png\" alt=\"L\u2019attribut alt de cette image est vide, son nom de fichier est image-12.png.\" width=\"447\" height=\"306\"\/><\/figure><\/div>\n\n\n\n<p>Combien de temps vas-tu reporter cet appel?  <br><a href=\"https:\/\/www.youtube.com\/watch?v=KwPz8Dv6NnA\">https:\/\/www.youtube.com\/watch?v=KwPz8Dv6NnA<\/a>  <\/p>\n\n\n\n<figure class=\"wp-block-embed-youtube wp-block-embed is-type-video is-provider-youtube wp-embed-aspect-4-3 wp-has-aspect-ratio\"><div class=\"wp-block-embed__wrapper\">\n<iframe loading=\"lazy\" title=\"&quot;Nouveau&quot; Mohamed de marseille chante pour J\u00e9sus\" width=\"840\" height=\"630\" src=\"https:\/\/www.youtube.com\/embed\/L9iuckj4bPM?feature=oembed\" frameborder=\"0\" allow=\"accelerometer; autoplay; encrypted-media; gyroscope; picture-in-picture\" allowfullscreen><\/iframe>\n<\/div><\/figure>\n\n\n\n<h2 class=\"wp-block-heading\"><em>L\u2019infime coronavirus a &nbsp;d\u00e9montr\u00e9 \u00e0 l\u2019homme qu\u2019il n\u2019est pas tout puissant, mais au contraire&nbsp;: il est tout petit face \u00e0 Dieu.<\/em><\/h2>\n\n\n\n<p><\/p>\n\n\n\n<blockquote class=\"wp-block-quote\"><p><em> Reconna\u00eetre que tout est dans la main de Dieu aide \u00e0 passer le cap, sans trop de crainte.  <\/em><\/p><\/blockquote>\n\n\n\n<p><br><strong>Psaume 138: 7<\/strong>&nbsp;<em>Quand je marche au milieu de la d\u00e9tresse, tu me rends la vie, Tu \u00e9tends ta main sur la col\u00e8re de mes ennemis, Et ta droite me sauve.&nbsp;<\/em><strong><em>8<\/em><\/strong><em> L\u2019\u00c9ternel agira en ma faveur. \u00c9ternel, ta bont\u00e9 dure toujours, N&rsquo;abandonne pas les \u0153uvres de tes mains!    <\/em><\/p>\n\n\n\n<figure class=\"wp-block-embed-youtube wp-block-embed is-type-video is-provider-youtube wp-embed-aspect-16-9 wp-has-aspect-ratio\"><div class=\"wp-block-embed__wrapper\">\n<iframe loading=\"lazy\" title=\"Psaume 138\" width=\"840\" height=\"473\" src=\"https:\/\/www.youtube.com\/embed\/VZXfcSH5dYA?feature=oembed\" frameborder=\"0\" allow=\"accelerometer; autoplay; encrypted-media; gyroscope; picture-in-picture\" allowfullscreen><\/iframe>\n<\/div><\/figure>\n\n\n\n<h2 class=\"wp-block-heading\">Il est bon de savoir que DIEU EST GRAND D&rsquo;AMOUR! DIEU EST BEAU! DIEU EST BON! Il m\u00e9rite notre confiance.<\/h2>\n\n\n\n<figure class=\"wp-block-image is-resized\"><img decoding=\"async\" loading=\"lazy\" src=\"https:\/\/allez-yalla.com\/wp-content\/uploads\/2020\/05\/main.jpg\" alt=\"\" class=\"wp-image-494\" width=\"683\" height=\"396\" srcset=\"https:\/\/allez-yalla.com\/wp-content\/uploads\/2020\/05\/main.jpg 850w, https:\/\/allez-yalla.com\/wp-content\/uploads\/2020\/05\/main-300x174.jpg 300w, https:\/\/allez-yalla.com\/wp-content\/uploads\/2020\/05\/main-768x446.jpg 768w\" sizes=\"(max-width: 709px) 85vw, (max-width: 909px) 67vw, (max-width: 984px) 61vw, (max-width: 1362px) 45vw, 600px\" \/><\/figure>\n\n\n\n<blockquote class=\"wp-block-quote\"><p>Louons Dieu, sinc\u00e8rement, r\u00e9jouissons-nous. <\/p><\/blockquote>\n\n\n\n<p>Victoire au Seigneur de la vie.  <br><a href=\"https:\/\/www.youtube.com\/watch?v=1m6XRUfuL20\">https:\/\/www.youtube.com\/watch?v=1m6XRUfuL20<\/a> <\/p>\n\n\n\n<figure class=\"wp-block-embed-youtube wp-block-embed is-type-video is-provider-youtube wp-embed-aspect-16-9 wp-has-aspect-ratio\"><div class=\"wp-block-embed__wrapper\">\n<iframe loading=\"lazy\" title=\"Victoire au Seigneur\" width=\"840\" height=\"473\" src=\"https:\/\/www.youtube.com\/embed\/1m6XRUfuL20?feature=oembed\" frameborder=\"0\" allow=\"accelerometer; autoplay; encrypted-media; gyroscope; picture-in-picture\" allowfullscreen><\/iframe>\n<\/div><\/figure>\n\n\n\n<figure class=\"wp-block-embed-youtube wp-block-embed is-type-video is-provider-youtube wp-embed-aspect-16-9 wp-has-aspect-ratio\"><div class=\"wp-block-embed__wrapper\">\n<iframe loading=\"lazy\" title=\"Glorious - Dans la joie - Electro Pop Louange\" width=\"840\" height=\"473\" src=\"https:\/\/www.youtube.com\/embed\/cQHu1QSdWmk?feature=oembed\" frameborder=\"0\" allow=\"accelerometer; autoplay; encrypted-media; gyroscope; picture-in-picture\" allowfullscreen><\/iframe>\n<\/div><\/figure>\n\n\n\n<figure class=\"wp-block-embed-youtube wp-block-embed is-type-video is-provider-youtube wp-embed-aspect-16-9 wp-has-aspect-ratio\"><div class=\"wp-block-embed__wrapper\">\n<iframe loading=\"lazy\" title=\"Glorious - Quand Tu poses Ta main - album : Promesse\" width=\"840\" height=\"473\" src=\"https:\/\/www.youtube.com\/embed\/db1t4_igoDk?feature=oembed\" frameborder=\"0\" allow=\"accelerometer; autoplay; encrypted-media; gyroscope; picture-in-picture\" allowfullscreen><\/iframe>\n<\/div><\/figure>\n\n\n\n<p>Louez-le.<strong> <\/strong><a href=\"https:\/\/www.youtube.com\/watch?v=3TFba5ftz0Q\">https:\/\/www.youtube.com\/watch?v=3TFba5ftz0Q<\/a><\/p>\n\n\n\n<figure class=\"wp-block-embed-youtube wp-block-embed is-type-video is-provider-youtube wp-embed-aspect-16-9 wp-has-aspect-ratio\"><div class=\"wp-block-embed__wrapper\">\n<iframe loading=\"lazy\" title=\"Louez-le - Eglise Lyon centre\" width=\"840\" height=\"473\" src=\"https:\/\/www.youtube.com\/embed\/jW0byz15J0U?feature=oembed\" frameborder=\"0\" allow=\"accelerometer; autoplay; encrypted-media; gyroscope; picture-in-picture\" allowfullscreen><\/iframe>\n<\/div><\/figure>\n\n\n\n<p><\/p>\n\n\n\n<h2 class=\"wp-block-heading\"><strong>Ne pas porter de jugement pr\u00e9matur\u00e9, lire entre les lignes facilitent notre vie de foi. <\/strong><\/h2>\n\n\n\n<p>Si nous fixons notre regard sur les richesses du Vatican, si nous\nregardons les personnes boiteuses, fragiles qui portent le message de\nl\u2019Evangile, nous risquons de dire&nbsp;: \u00ab&nbsp;Nous ne croyons pas \u00e0 tout\ncela.&nbsp;\u00bb C\u2019est pourquoi il est bon d\u2019APPRENDRE \u00e0 LIRE entre les lignes, \u00e0 ECOUTER,\nles yeux ferm\u00e9s, ce que Dieu, ce que l\u2019Esprit nous souffle. <\/p>\n\n\n\n<p>Pendant la pand\u00e9mie, la messe avec le pape Fran\u00e7ois est retransmise\nchaque jour \u00e0 7h du matin en direct de Rome. Heureusement, nous pouvons la\nretrouver sur internet. J\u2019invite tous ceux qui ont soif de comprendre le\nmyst\u00e8re de J\u00e9sus-Christ, le myst\u00e8re de l\u2019Eglise, \u00e0 suivre l\u2019une ou l\u2019autre\nmesse et \u00e0 prier intens\u00e9ment pour le don, le cadeau &nbsp;de l\u2019ESPRIT SAINT&nbsp;: c\u2019est lui qui donne\nla FOI. &nbsp;&nbsp;<\/p>\n\n\n\n<p><em>NB&nbsp;: Les lectures bibliques commencent avec l\u2019arriv\u00e9e de la religieuse. <\/em><\/p>\n\n\n\n<figure class=\"wp-block-embed-youtube wp-block-embed is-type-video is-provider-youtube wp-embed-aspect-16-9 wp-has-aspect-ratio\"><div class=\"wp-block-embed__wrapper\">\n<iframe loading=\"lazy\" title=\"Messe du pape Fran\u00e7ois du 11 mai 2020\" width=\"840\" height=\"473\" src=\"https:\/\/www.youtube.com\/embed\/Z5UUteLVq48?start=1&#038;feature=oembed\" frameborder=\"0\" allow=\"accelerometer; autoplay; encrypted-media; gyroscope; picture-in-picture\" allowfullscreen><\/iframe>\n<\/div><\/figure>\n\n\n\n<figure class=\"wp-block-embed-youtube wp-block-embed is-type-video is-provider-youtube wp-embed-aspect-16-9 wp-has-aspect-ratio\"><div class=\"wp-block-embed__wrapper\">\n<iframe loading=\"lazy\" title=\"Messe du pape Fran\u00e7ois du mercredi 15 avril\" width=\"840\" height=\"473\" src=\"https:\/\/www.youtube.com\/embed\/rISbm0Is6xI?feature=oembed\" frameborder=\"0\" allow=\"accelerometer; autoplay; encrypted-media; gyroscope; picture-in-picture\" allowfullscreen><\/iframe>\n<\/div><\/figure>\n\n\n\n<div class=\"wp-block-image\"><figure class=\"aligncenter is-resized\"><img decoding=\"async\" loading=\"lazy\" src=\"https:\/\/allez-yalla.com\/wp-content\/uploads\/2020\/05\/nnn.jpg\" alt=\"\" class=\"wp-image-540\" width=\"618\" height=\"549\" srcset=\"https:\/\/allez-yalla.com\/wp-content\/uploads\/2020\/05\/nnn.jpg 451w, https:\/\/allez-yalla.com\/wp-content\/uploads\/2020\/05\/nnn-300x267.jpg 300w\" sizes=\"(max-width: 709px) 85vw, (max-width: 909px) 67vw, (max-width: 984px) 61vw, (max-width: 1362px) 45vw, 600px\" \/><figcaption> <br><em>\u00ab\u00a0Car mes pens\u00e9es ne sont pas vos pens\u00e9es, et mes chemins ne sont pas vos chemins, d\u00e9clare le Seigneur. Autant le ciel est \u00e9lev\u00e9 au-dessus de la terre, autant mes chemins sont \u00e9lev\u00e9s au-dessus des v\u00f4tres, et mes pens\u00e9es, au-dessus de vos pens\u00e9es. \u00bb&nbsp; <\/em><a href=\"https:\/\/www.prionseneglise.fr\/textes-du-jour\/lecture\/2011-09-18\">https:\/\/www.prionseneglise.fr\/textes-du-jour\/lecture\/2011-09-18<\/a> <\/figcaption><\/figure><\/div>\n\n\n\n<h2 class=\"wp-block-heading\">Joie pour les c\u0153urs qui cherchent Dieu. <\/h2>\n\n\n\n<figure class=\"wp-block-embed-youtube wp-block-embed is-type-video is-provider-youtube wp-embed-aspect-16-9 wp-has-aspect-ratio\"><div class=\"wp-block-embed__wrapper\">\n<iframe loading=\"lazy\" title=\"Psaume 105\" width=\"840\" height=\"473\" src=\"https:\/\/www.youtube.com\/embed\/912-JIKOX7A?feature=oembed\" frameborder=\"0\" allow=\"accelerometer; autoplay; encrypted-media; gyroscope; picture-in-picture\" allowfullscreen><\/iframe>\n<\/div><\/figure>\n\n\n\n<p><\/p>\n\n\n\n<h2 class=\"wp-block-heading\"><strong><em>\u00ab\u00a0<\/em><\/strong><em>La foi des chr\u00e9tiens repose non sur un linceul, mais sur les \u00c9vangiles\u00a0\u00bb<\/em> <\/h2>\n\n\n\n<p><strong>Diaporama&nbsp;: <\/strong><a href=\"http:\/\/users.skynet.be\/prier\/content\/linceul.pdf\">http:\/\/users.skynet.be\/prier\/content\/linceul.pdf<\/a><\/p>\n\n\n\n<figure class=\"wp-block-image is-resized\"><img decoding=\"async\" loading=\"lazy\" src=\"https:\/\/allez-yalla.com\/wp-content\/uploads\/2020\/05\/download-5.jpg\" alt=\"\" class=\"wp-image-498\" width=\"619\" height=\"347\"\/><\/figure>\n\n\n\n<p>Venu v\u00e9n\u00e9rer l\u2019objet en&nbsp;1998, Jean Paul&nbsp;II avait vu dans le Saint Suaire \u00ab\u00a0une provocation \u00e0 l\u2019intelligence\u00a0\u00bb.<\/p>\n\n\n\n<figure class=\"wp-block-embed-youtube wp-block-embed is-type-video is-provider-youtube wp-embed-aspect-16-9 wp-has-aspect-ratio\"><div class=\"wp-block-embed__wrapper\">\n<iframe loading=\"lazy\" title=\"Le Linceul de Turin ne peut venir que de la R\u00e9surrection du Christ\" width=\"840\" height=\"473\" src=\"https:\/\/www.youtube.com\/embed\/x8kXiDm5rLc?start=1800&#038;feature=oembed\" frameborder=\"0\" allow=\"accelerometer; autoplay; encrypted-media; gyroscope; picture-in-picture\" allowfullscreen><\/iframe>\n<\/div><\/figure>\n\n\n\n<p><strong>Quelles reliques de la Passion&nbsp;? <\/strong><\/p>\n\n\n\n<p>D\u00e8s la naissance du christianisme, les reliques ont \u00e9t\u00e9 l\u2019objet d\u2019une\nattention particuli\u00e8re. On peut comprendre qu\u2019ap\u00f4tres et disciples aient pris\nde grands risques pour sauvegarder celles qui ont touch\u00e9 le corps du Seigneur.\nH\u00e9las les tourments de l\u2019histoire les ont dispers\u00e9es et la cupidit\u00e9 humaine a\njet\u00e9 le trouble sur l\u2019authenticit\u00e9 de nombre d\u2019entre elles. La recherche\nhistorique et arch\u00e9ologique, alli\u00e9e au progr\u00e8s scientifique, peut-elle \u00e9clairer\ncroyants et incroyants&nbsp;? <\/p>\n\n\n\n<p><strong>Le Suaire d\u2019Oviedo.<\/strong><\/p>\n\n\n\n<p>C\u2019est un rectangle de lin destin\u00e9 \u00e0 essuyer la sueur, ou appliqu\u00e9, d\u00e8s\nleur mort, sur le visage des supplici\u00e9s pour le dissimuler aux passants. Celui\nqui nous int\u00e9resse est conserv\u00e9 dans la crypte de la cath\u00e9drale d\u2019Oviedo, en\nEspagne. Son existence est attest\u00e9e par saint Cyrille de J\u00e9rusalem (315-387)\ndans l\u2019\u00e9glise du Saint-S\u00e9pulcre. Des historiens ont ensuite consign\u00e9 les \u00e9tapes\nde son trajet entre J\u00e9rusalem, lors de l\u2019arriv\u00e9e des Perses en 614, et\nl\u2019Espagne, o\u00f9 il est mentionn\u00e9 au concile de Braga (679). Au IX\u00e8me si\u00e8cle, le\nroi Alphonse III fera fortifier l\u2019\u00e9glise qui l\u2019abrite, montrant l\u2019importance\nattach\u00e9e \u00e0 ce pr\u00e9cieux tissu. <\/p>\n\n\n\n<p>Ce suaire ne repr\u00e9sente aucune image humaine mais de nombreuses taches\nde sang et de s\u00e9rum dont l\u2019analyse, par informatique, a r\u00e9v\u00e9l\u00e9 l\u2019apparition \u00e0\ndes moments successifs. La premi\u00e8re se forme lorsque le corps en encore en\nposition verticale, \u00e9coulement nasal, la t\u00eate du condamn\u00e9 \u00e9tant pench\u00e9e vers\nl\u2019avant. La seconde et les suivantes se produisent une heure plus tard e et\nindiquent avec pr\u00e9cision comment le corps a \u00e9t\u00e9 port\u00e9 sur sa droite puis sur sa\ngauche, avant d\u2019\u00eatre plac\u00e9 horizontalement. Cette \u00e9tude d\u00e9taill\u00e9e a permis de\nreconstituer plusieurs \u00e9trapes entre crucifixion et ensevelissement. <\/p>\n\n\n\n<p>&nbsp;Les tr\u00e8s nombreuses recherches\nscientifiques ont abouti \u00e0 plusieurs certitudes&nbsp;: \u00ab&nbsp;un linge\nmortuaire, pos\u00e9 sur le cadavre d\u2019un homme car le m\u00e9canisme de formation des\ntaches est incompatible avec un mouvement respiratoire&nbsp;; la bouche de\nl\u2019homme \u00e9tait ferm\u00e9e, les \u00e9coulements constat\u00e9s proviennent d\u2019un \u0153d\u00e8me\npulmonaire, le haut de la nuque pr\u00e9sente des traces de saignements faites\nlorsque le corps \u00e9tait encore en vie et qui ont cess\u00e9, une heure environ avant\nle placement du suaire.&nbsp;\u00bb (Congr\u00e8s de 1990 et 1994) De plus, des pollens\ntr\u00e8s anciens de deux esp\u00e8ces end\u00e9miques de la Palestine ont \u00e9t\u00e9 d\u00e9cel\u00e9s sur ce\ntissu, en 1978, ce qui pointe une origine g\u00e9ographique pr\u00e9cise. <\/p>\n\n\n\n<p><strong>La Tunique d\u2019Argenteuil.<\/strong><\/p>\n\n\n\n<p>C\u2019est un v\u00eatement souple, en fil de laine, qui se portait \u00e0 m\u00eame la\npeau, r\u00e9alis\u00e9 sans couture sur un m\u00e9tier \u00e0 tisser domestique et peint \u00e0 la\ngarance. Ces d\u00e9tails t\u00e9moignent de techniques du Proche-Orient, au d\u00e9but de\nnotre \u00e8re. Cette tunique est v\u00e9n\u00e9r\u00e9e comme celle que le Christ portait durant\nsa Passion, apr\u00e8s la flagellation, jusqu\u2019\u00e0 sa crucifixion. L\u00e0 o\u00f9 les soldats\nl\u2019ont tir\u00e9e au sort, comme le relate l\u2019\u00e9vangile de Saint Jean. (9&nbsp;:23)<\/p>\n\n\n\n<p>Certains historiens confirment sa pr\u00e9sence dans un coffre de marbre, en\npartance pour Constantinople, \u00e0 la fin du VI\u00e8me si\u00e8cle. D\u2019autres attendent 1156\npour se prononcer car seule la tradition dit que Charlemagne l\u2019aurait re\u00e7ue\npour son sacre, avant de la confier \u00e0 sa fille, abbesse du monast\u00e8re\nd\u2019Argenteuil, pr\u00e8s de Paris. En 1156, on l\u2019y retrouve dans un mur, probablement\ncach\u00e9e pour \u00e9chapper au pillage des Normands. Commence alors une grande p\u00e9riode\nd\u2019ostensions solennelles \u00e0 la pi\u00e9t\u00e9 des fid\u00e8les. De nos jours, on ne peut voir\nque son reliquaire mais une ostension est pr\u00e9vue tous les 50 ans.<\/p>\n\n\n\n<p>Ce v\u00eatement, malgr\u00e9 son tr\u00e8s mauvais \u00e9tat, a lui aussi \u00e9t\u00e9 auscult\u00e9 par\nla science. Les m\u00e9decins l\u00e9gistes y ont d\u00e9couvert une grande quantit\u00e9 de sang\nhumain s\u00e9ch\u00e9, du groupe sanguin AB, le plus rare, ses cellules t\u00e9moignant d\u2019une\nd\u00e9shydratation du sujet, ainsi que de la sueur. Les taches observ\u00e9es sont\nessentiellement r\u00e9parties sur les \u00e9paules et le milieu du dos. Enfin, on y a\nrecens\u00e9 les deux pollens end\u00e9miques de Palestine pr\u00e9sents sur le suaire\nd\u2019Oviedo, ainsi que les spores qui s\u2019y dispersent au printemps, saison de la\npassion du Christ. Dans les ann\u00e9es 2000, des analyses au carbone 14 proposent\ndes datations entre le VI\u00e8 et le IX\u00e8 si\u00e8cle mais elles ne sont pas\ninfaillibles, faisant l\u2019impasse sur leurs lieux de conservation, dans du marbre\n(de la calcite pure), et, cache sous terre pendant la R\u00e9volution, soumise aux\ncomposantes chimiques du sol. <\/p>\n\n\n\n<p><strong>Le Linceul de Turin.<\/strong><\/p>\n\n\n\n<p>C\u2019est de loin la plus connue de ces trois reliques. Il est conserv\u00e9 dans\nune chapelle de la cath\u00e9drale de Turin, depuis le XVI\u00e8me si\u00e8cle. On connait\napproximativement son parcours depuis J\u00e9rusalem, gr\u00e2ce \u00e0 des textes des III\u00e8 et\nIV\u00e8 si\u00e8cles, via Constantinople en 944, puis sa pr\u00e9sence attest\u00e9e en Champagne\npuis \u00e0 Chamb\u00e9ry. Il a subi de nombreux dommages dont trois incendies alors\nqu\u2019il \u00e9tait pli\u00e9, ce qui laisse des marques sym\u00e9triques. <\/p>\n\n\n\n<p>Cette pi\u00e8ce de lin (4,39 m x 1,10 m) de grande qualit\u00e9 porte, en\nn\u00e9gatif, l\u2019image du corps d\u2019un homme, de face et de dos. Des taches de sang y\ndessinent le tour de ses blessures. Le tissu ne comporte aucun reste de\nproduit, mais une oxydation telle une br\u00fblure, qui n\u2019atteint que la surface des\nfibres, les traces de sang l\u2019auraient donc impr\u00e9gn\u00e9 d\u2019abord.<\/p>\n\n\n\n<p>Le myst\u00e8re de la composition de cette image a impos\u00e9 tant d\u2019enqu\u00eates\nhistoriques et scientifiques qu\u2019il est impossible de les citer toutes. Les\npremi\u00e8res ont constat\u00e9 que les blessures correspondent exactement \u00e0 la\ndescription de la passion de j\u00e9sus de Nazareth dans les \u00e9vangiles et aux\nm\u00e9thodes en vigueur sous le r\u00e9gime romain&nbsp;: r\u00e9partition des 120 coups de\nfouet sur toute la hauteur du corps, pour \u00e9viter la zone du c\u0153ur et la mort\npr\u00e9matur\u00e9e, ou coup de pilum entre les c\u00f4tes pour l\u2019achever. De plus, le d\u00e9funt\na \u00e9t\u00e9 enseveli sur le dos, mains crois\u00e9es sur le bas ventre, \u00e0 la mani\u00e8re\njuive. Quant aux analyses chimiques, elles r\u00e9v\u00e9l\u00e8rent notamment qu\u2019aucun\ncolorant n\u2019aurait pu r\u00e9sister \u00e0 la chaleur de l\u2019incendie (en 1532) qui provoqua\nla fusion partielle du coffre en argent renfermant la relique. <\/p>\n\n\n\n<p>Mais en 1988, la datation au carbone 14 semble contenter ses\nd\u00e9tracteurs&nbsp;: elle conduit \u00e0 une origine m\u00e9di\u00e9vale. Or cette analyse a \u00e9t\u00e9\ncontest\u00e9e par des chercheurs de tous bords, \u00e0 cause du manque de rigueur\nscientifique de son d\u00e9roulement. Ils d\u00e9noncent des irr\u00e9gularit\u00e9s d\u00e8s le d\u00e9but\ndu protocole (une seule technique retenue au lieu de deux, un seul organisme de\ncontr\u00f4le au lieu de trois\u2026) l\u2019abandon de la proc\u00e9dure en aveugle, des anomalies\ndans les pr\u00e9l\u00e8vements des \u00e9chantillons et le non-acc\u00e8s \u00e0 l\u2019ensemble des\nr\u00e9sultats.<\/p>\n\n\n\n<p>Il est donc pr\u00e9f\u00e9rable de s\u2019en tenir aux conclusions de recherches\nrigoureuses, sont, en 2010, le d\u00e9cryptage des lettres, qui avait d\u00e9teint sur le\nlinceul, destin\u00e9s \u00e0 identifier le corps du condamn\u00e9, un an plus tard, quand on\nle rendrait \u00e0 sa famille. \u00ab&nbsp;Dans la 16\u00e8me ann\u00e9e, du r\u00e8gne de Tib\u00e8re, J\u00e9sus\nde Nazareth, mort \u00e0 la neuvi\u00e8me heure\u2026&nbsp;\u00bb<\/p>\n\n\n\n<p>Mais c\u2019est l\u2019\u00e9tude comparative avec le Suaire d\u2019Oviedo qui apporte les\nconcordances les plus \u00e9tonnantes&nbsp;: la superposition des deux linges fait\nexactement co\u00efncider les taches de sang du visage&nbsp;; les m\u00eames pollens\nanciens y sont \u00e9t\u00e9 rep\u00e9r\u00e9s, comme sur la tunique d\u2019Argenteuil&nbsp;; les trois\nreliques sont impr\u00e9gn\u00e9es du sang du groupe AB, le plus rare. Sachant que les\ngroupes sanguins n\u2019ont \u00e9t\u00e9 mis en \u00e9vidence qu\u2019en 1901, qui aurait pu, en au\nXVI\u00e8me si\u00e8cle ou au Moyen-\u00c2ge, faire co\u00efncider une telle caract\u00e9ristique sur\nles trois reliques&nbsp;? <\/p>\n\n\n\n<p>Si la libert\u00e9 humaine est indispensable \u00e0 l\u2019acte de croire, pourquoi\nopposer foi et science quand elles peuvent s\u2019\u00e9clairer mutuellement&nbsp;?&nbsp; (Sabine PEROUSE. Journal Dimanche 19 avril\n2015)<\/p>\n\n\n\n<p>Voir aussi&nbsp;:&nbsp; <a href=\"http:\/\/www.30giorni.it\/articoli_id_21122_l4.htm\">http:\/\/www.30giorni.it\/articoli_id_21122_l4.htm<\/a><\/p>\n\n\n\n<p>Diaporama&nbsp;&#8211; cliquez sur <a href=\"http:\/\/users.skynet.be\/prier\/content\/linceul.pdf\">http:\/\/users.skynet.be\/prier\/content\/linceul.pdf<\/a><\/p>\n\n\n\n<figure class=\"wp-block-embed-youtube wp-block-embed is-type-video is-provider-youtube wp-embed-aspect-4-3 wp-has-aspect-ratio\"><div class=\"wp-block-embed__wrapper\">\n<iframe loading=\"lazy\" title=\"slam Dieu\" width=\"840\" height=\"630\" src=\"https:\/\/www.youtube.com\/embed\/SwMS_mRXawk?feature=oembed\" frameborder=\"0\" allow=\"accelerometer; autoplay; encrypted-media; gyroscope; picture-in-picture\" allowfullscreen><\/iframe>\n<\/div><\/figure>\n","protected":false},"excerpt":{"rendered":"<p>Quand tout semble perdu, il est bon de penser aux grands t\u00e9moins de la foi. On peut faire des miracles avec la foi, s&rsquo;engager sur de nouveaux chemins. 11 Mo\u00efse dit \u00e0 Dieu : \u00ab Qui suis-je pour aller trouver Pharaon, et pour faire sortir d\u2019\u00c9gypte les fils d\u2019Isra\u00ebl ? \u00bb 12 Dieu lui r\u00e9pondit &hellip; <a href=\"https:\/\/allez-yalla.com\/index.php\/2020\/05\/11\/8-quand-rien-ne-va-plus\/\" class=\"more-link\">Continuer la lecture<span class=\"screen-reader-text\"> de &laquo;&nbsp;Quand rien ne va plus, ou presque, la foi est une bou\u00e9e de secours.&nbsp;&raquo;<\/span><\/a><\/p>\n","protected":false},"author":1,"featured_media":0,"comment_status":"closed","ping_status":"closed","sticky":false,"template":"","format":"standard","meta":{"footnotes":""},"categories":[20],"tags":[93],"_links":{"self":[{"href":"https:\/\/allez-yalla.com\/index.php\/wp-json\/wp\/v2\/posts\/488"}],"collection":[{"href":"https:\/\/allez-yalla.com\/index.php\/wp-json\/wp\/v2\/posts"}],"about":[{"href":"https:\/\/allez-yalla.com\/index.php\/wp-json\/wp\/v2\/types\/post"}],"author":[{"embeddable":true,"href":"https:\/\/allez-yalla.com\/index.php\/wp-json\/wp\/v2\/users\/1"}],"replies":[{"embeddable":true,"href":"https:\/\/allez-yalla.com\/index.php\/wp-json\/wp\/v2\/comments?post=488"}],"version-history":[{"count":49,"href":"https:\/\/allez-yalla.com\/index.php\/wp-json\/wp\/v2\/posts\/488\/revisions"}],"predecessor-version":[{"id":1294,"href":"https:\/\/allez-yalla.com\/index.php\/wp-json\/wp\/v2\/posts\/488\/revisions\/1294"}],"wp:attachment":[{"href":"https:\/\/allez-yalla.com\/index.php\/wp-json\/wp\/v2\/media?parent=488"}],"wp:term":[{"taxonomy":"category","embeddable":true,"href":"https:\/\/allez-yalla.com\/index.php\/wp-json\/wp\/v2\/categories?post=488"},{"taxonomy":"post_tag","embeddable":true,"href":"https:\/\/allez-yalla.com\/index.php\/wp-json\/wp\/v2\/tags?post=488"}],"curies":[{"name":"wp","href":"https:\/\/api.w.org\/{rel}","templated":true}]}}