{"id":3692,"date":"2020-11-25T08:11:45","date_gmt":"2020-11-25T07:11:45","guid":{"rendered":"http:\/\/allez-yalla.com\/?p=3692"},"modified":"2021-07-17T22:11:08","modified_gmt":"2021-07-17T20:11:08","slug":"alerte-societe-syndrome-de-glissement","status":"publish","type":"post","link":"https:\/\/allez-yalla.com\/index.php\/2020\/11\/25\/alerte-societe-syndrome-de-glissement\/","title":{"rendered":"ALERTE: Syndrome de glissement de la soci\u00e9t\u00e9."},"content":{"rendered":"\n<div class=\"wp-block-image\"><figure class=\"aligncenter is-resized\"><img decoding=\"async\" loading=\"lazy\" src=\"https:\/\/allez-yalla.com\/wp-content\/uploads\/2020\/11\/danger-syndrome-de-glissement-1.jpg\" alt=\"\" class=\"wp-image-3736\" width=\"410\" height=\"410\" srcset=\"https:\/\/allez-yalla.com\/wp-content\/uploads\/2020\/11\/danger-syndrome-de-glissement-1.jpg 352w, https:\/\/allez-yalla.com\/wp-content\/uploads\/2020\/11\/danger-syndrome-de-glissement-1-150x150.jpg 150w, https:\/\/allez-yalla.com\/wp-content\/uploads\/2020\/11\/danger-syndrome-de-glissement-1-300x300.jpg 300w\" sizes=\"(max-width: 410px) 85vw, 410px\" \/><\/figure><\/div>\n\n\n\n<p><strong>La peur paralyse la vie en soci\u00e9t\u00e9, la vie familiale. On est comme fig\u00e9, on ne vit plus. On ne se parle plus. Pour combien de temps encore ?<\/strong><\/p>\n\n\n\n<h2 class=\"wp-block-heading\"><strong> Quand allons-nous nous d\u00e9cider \u00e0 sortir de nos orni\u00e8res?&nbsp; <\/strong><\/h2>\n\n\n\n<div class=\"wp-block-image\"><figure class=\"aligncenter is-resized\"><img decoding=\"async\" loading=\"lazy\" src=\"https:\/\/allez-yalla.com\/wp-content\/uploads\/2020\/11\/qhtrej.jpg\" alt=\"\" class=\"wp-image-3695\" width=\"600\" height=\"341\" srcset=\"https:\/\/allez-yalla.com\/wp-content\/uploads\/2020\/11\/qhtrej.jpg 952w, https:\/\/allez-yalla.com\/wp-content\/uploads\/2020\/11\/qhtrej-300x170.jpg 300w, https:\/\/allez-yalla.com\/wp-content\/uploads\/2020\/11\/qhtrej-768x436.jpg 768w, https:\/\/allez-yalla.com\/wp-content\/uploads\/2020\/11\/qhtrej-600x341.jpg 600w\" sizes=\"(max-width: 709px) 85vw, (max-width: 909px) 67vw, (max-width: 984px) 61vw, (max-width: 1362px) 45vw, 600px\" \/><figcaption>  <a href=\"https:\/\/www.youtube.com\/watch?v=EAkgk5HHlEg&amp;ab_channel=KTOTV\"><strong>https:\/\/www.youtube.com\/watch?v=EAkgk5HHlEg&amp;ab_channel=KTOTV<\/strong><\/a> <\/figcaption><\/figure><\/div>\n\n\n\n<p>A l\u2019heure o\u00f9 la peur est partout, me revient \u00e0 l\u2019esprit une petite aventure dont j\u2019ai tir\u00e9 la le\u00e7on suivante&nbsp;:<\/p>\n\n\n\n<h2 class=\"wp-block-heading\"><em> I<strong>l faut sans plus attendre chercher \u00e0 remonter la pente.  <\/strong><\/em><\/h2>\n\n\n\n<p><strong>Fait de vie.&nbsp;<\/strong><strong>&nbsp;<\/strong><\/p>\n\n\n\n<p>Un jour, alors que j&rsquo;\u00e9tais morte de peur, j\u2019ai re\u00e7u l\u2019aide capitale et inattendue d\u2019un personnage inconnu. Il m\u2019a aid\u00e9e \u00e0 poursuivre ma route.&nbsp;&nbsp;Voici cette histoire. <\/p>\n\n\n\n<blockquote class=\"wp-block-quote\"><p>J\u2019\u00e9tais au volant d\u2019une voiture familiale genre camionnette. Il y avait du verglas sur la route, sp\u00e9cialement sur celle en pente que j\u2019empruntais car elle n\u2019avait pas \u00e9t\u00e9 sabl\u00e9e. Bref, j\u2019ai perdu le contr\u00f4le de mon v\u00e9hicule qui tanguait de droite et de gauche. C\u2019\u00e9tait foutu&nbsp;! J\u2019allais me jeter sur le mur ou sur les voitures au bas de la c\u00f4te. He non&nbsp;! Cette pr\u00e9diction ne s\u2019est pas r\u00e9alis\u00e9e car j\u2019ai re\u00e7u de l\u2019aide. Un personnage pr\u00e8s du pont au bas de la route, me fit signe d\u2019acc\u00e9l\u00e9rer, de mettre des gaz.&nbsp;&nbsp;Je n\u2019avais rien \u00e0 perdre de toute mani\u00e8re mais tout \u00e0 gagner. J\u2019ai os\u00e9, j\u2019ai appuy\u00e9 sur la p\u00e9dale d\u2019acc\u00e9l\u00e9ration au risque de me jeter encore plus vite sur le mur&nbsp;! Miracle, je repris le contr\u00f4le de mon v\u00e9hicule et je parvins au-dessus de la c\u00f4te tout en continuant d\u2019appuyer sur la p\u00e9dale d\u2019acc\u00e9l\u00e9rateur. &nbsp;<\/p><\/blockquote>\n\n\n\n<p>Qui \u00e9tait ce personnage&nbsp;? Mon ange gardien, ai-je pens\u00e9, ou quelqu\u2019un qu\u2019il a envoy\u00e9 sur place pour me secourir. Des anges, nous en rencontrons sur notre route et ils nous encouragent \u00e0 relever la t\u00eate et \u00e0 oser la VIE.&nbsp;&nbsp;Nous ne les reconnaissons pas n\u00e9cessairement. Nous pouvons m\u00eame les r\u00e9duire au silence. &nbsp;<strong>NB : Nous avons tous des anges pr\u00e8s de nous, des bons et des mauvais.  <\/strong>&nbsp;Il arrive que nous nous trouvions au mauvais moment au mauvais endroit. Demandons \u00e0 l\u2019Esprit Saint de nous aider \u00e0 DISCERNER si nous pouvons prendre la direction qui s\u2019offre \u00e0 nous ou au contraire l\u2019\u00e9viter. Demandons-lui d\u2019\u00e9loigner de nous les mauvais anges tout brillants qui nous tirent vers le bas. &nbsp;<\/p>\n\n\n\n<blockquote class=\"wp-block-quote\"><p><strong>14<\/strong>&nbsp;Cela n\u2019a rien d\u2019\u00e9tonnant&nbsp;: Satan lui-m\u00eame se d\u00e9guise en ange de lumi\u00e8re.&nbsp;<a rel=\"noreferrer noopener\" href=\"https:\/\/www.aelf.org\/bible\/2Co\/11\" target=\"_blank\">https:\/\/www.aelf.org\/bible\/2Co\/11<\/a>&nbsp;<\/p><\/blockquote>\n\n\n\n<h2 class=\"wp-block-heading\"><strong><em>Des personnes d\u00e9noncent les m\u00e9faits de la distanciation sociale. <\/em><\/strong><strong><em>Que chacun en fasse autant!  <\/em><\/strong><\/h2>\n\n\n\n<div class=\"wp-block-image\"><figure class=\"aligncenter is-resized\"><img decoding=\"async\" loading=\"lazy\" src=\"https:\/\/allez-yalla.com\/wp-content\/uploads\/2020\/11\/bw.jpg\" alt=\"\" class=\"wp-image-3754\" width=\"348\" height=\"485\" srcset=\"https:\/\/allez-yalla.com\/wp-content\/uploads\/2020\/11\/bw.jpg 420w, https:\/\/allez-yalla.com\/wp-content\/uploads\/2020\/11\/bw-215x300.jpg 215w\" sizes=\"(max-width: 348px) 85vw, 348px\" \/><\/figure><\/div>\n\n\n\n<h2 class=\"wp-block-heading\"><strong>Quelle piste vais-je emprunter pour ne pas m\u2019enliser&nbsp;? Quel ange va me re-mettre en route&nbsp;?&nbsp;<\/strong><strong>&nbsp;<\/strong><\/h2>\n\n\n\n<figure class=\"wp-block-image is-resized\"><img decoding=\"async\" loading=\"lazy\" src=\"https:\/\/allez-yalla.com\/wp-content\/uploads\/2020\/11\/124680171_1970394713114648_4670783787700040089_o-1024x598.jpg\" alt=\"\" class=\"wp-image-3697\" width=\"644\" height=\"376\" srcset=\"https:\/\/allez-yalla.com\/wp-content\/uploads\/2020\/11\/124680171_1970394713114648_4670783787700040089_o-1024x598.jpg 1024w, https:\/\/allez-yalla.com\/wp-content\/uploads\/2020\/11\/124680171_1970394713114648_4670783787700040089_o-300x175.jpg 300w, https:\/\/allez-yalla.com\/wp-content\/uploads\/2020\/11\/124680171_1970394713114648_4670783787700040089_o-768x448.jpg 768w, https:\/\/allez-yalla.com\/wp-content\/uploads\/2020\/11\/124680171_1970394713114648_4670783787700040089_o-600x350.jpg 600w, https:\/\/allez-yalla.com\/wp-content\/uploads\/2020\/11\/124680171_1970394713114648_4670783787700040089_o-1200x700.jpg 1200w, https:\/\/allez-yalla.com\/wp-content\/uploads\/2020\/11\/124680171_1970394713114648_4670783787700040089_o.jpg 1645w\" sizes=\"(max-width: 709px) 85vw, (max-width: 909px) 67vw, (max-width: 984px) 61vw, (max-width: 1362px) 45vw, 600px\" \/><figcaption> <br> <a href=\"https:\/\/www.facebook.com\/jean.benoit.edmond\"><strong>https:\/\/www.facebook.com\/jean.benoit.edmond<\/strong><\/a> <\/figcaption><\/figure>\n\n\n\n<h2 class=\"wp-block-heading\"><strong>Le pape Fran\u00e7ois nous stimule. &nbsp;<\/strong><\/h2>\n\n\n\n<p>Le pape Fran\u00e7ois invite les jeunes\n\u00e9conomistes, entrepreneurs et \u00ab change-makers \u00bb du monde entier \u00e0 une rencontre\ndu 19 au 21 novembre 2020, pour s\u2019engager, dans l\u2019esprit de Saint Fran\u00e7ois, \u00e0\n\u0153uvrer \u00e0 une \u00e9conomie juste, durable et inclusive ne laissant personne \u00e0 la\ntra\u00eene. <\/p>\n\n\n\n<figure class=\"wp-block-embed-youtube wp-block-embed is-type-video is-provider-youtube wp-embed-aspect-16-9 wp-has-aspect-ratio\"><div class=\"wp-block-embed__wrapper\">\n<iframe loading=\"lazy\" title=\"&quot;L&#039;\u00c9conomie de Fran\u00e7ois&quot; : Message de cl\u00f4ture du Pape Fran\u00e7ois\" width=\"840\" height=\"473\" src=\"https:\/\/www.youtube.com\/embed\/EAkgk5HHlEg?feature=oembed\" frameborder=\"0\" allow=\"accelerometer; autoplay; clipboard-write; encrypted-media; gyroscope; picture-in-picture\" allowfullscreen><\/iframe>\n<\/div><\/figure>\n\n\n\n<h2 class=\"wp-block-heading\"><strong>DISCERNER.&nbsp;&nbsp;Vaccin, pas vaccin&nbsp;?&nbsp;&nbsp;&nbsp;<\/strong><\/h2>\n\n\n\n<p><strong>Posons-nous de bonnes questions avant de passer \u00e0 l\u2019acte.<\/strong>&nbsp;&nbsp;<\/p>\n\n\n\n<div class=\"wp-block-image\"><figure class=\"aligncenter is-resized\"><img decoding=\"async\" loading=\"lazy\" src=\"https:\/\/allez-yalla.com\/wp-content\/uploads\/2020\/11\/gra.jpg\" alt=\"\" class=\"wp-image-3700\" width=\"478\" height=\"424\" srcset=\"https:\/\/allez-yalla.com\/wp-content\/uploads\/2020\/11\/gra.jpg 550w, https:\/\/allez-yalla.com\/wp-content\/uploads\/2020\/11\/gra-300x266.jpg 300w\" sizes=\"(max-width: 478px) 85vw, 478px\" \/><\/figure><\/div>\n\n\n\n<ul><li>Si je me fais vacciner, ne vais-je pas le regretter ?&nbsp;&nbsp;Comme Stromae, des milliers de personnes souffrent de maladies \u00e0 cause des&nbsp;&nbsp;m\u00e9dicaments, de vaccins. &nbsp;Avant de partir au Rwanda, cette star avait suivi un traitement qui l&rsquo;a amen\u00e9 au bord du suicide. <\/li><\/ul>\n\n\n\n<div class=\"wp-block-image\"><figure class=\"aligncenter is-resized\"><img decoding=\"async\" loading=\"lazy\" src=\"https:\/\/allez-yalla.com\/wp-content\/uploads\/2020\/11\/fcde14913c766cf307c75059e0e89af5-1515503127-1024x576.jpg\" alt=\"\" class=\"wp-image-3698\" width=\"587\" height=\"329\" srcset=\"https:\/\/allez-yalla.com\/wp-content\/uploads\/2020\/11\/fcde14913c766cf307c75059e0e89af5-1515503127-1024x576.jpg 1024w, https:\/\/allez-yalla.com\/wp-content\/uploads\/2020\/11\/fcde14913c766cf307c75059e0e89af5-1515503127-300x169.jpg 300w, https:\/\/allez-yalla.com\/wp-content\/uploads\/2020\/11\/fcde14913c766cf307c75059e0e89af5-1515503127-768x432.jpg 768w, https:\/\/allez-yalla.com\/wp-content\/uploads\/2020\/11\/fcde14913c766cf307c75059e0e89af5-1515503127-1200x675.jpg 1200w, https:\/\/allez-yalla.com\/wp-content\/uploads\/2020\/11\/fcde14913c766cf307c75059e0e89af5-1515503127.jpg 1248w\" sizes=\"(max-width: 587px) 85vw, 587px\" \/><figcaption>  <a href=\"https:\/\/www.rtbf.be\/emission\/doc-shot\/detail_stromae-son-temoignage-poignant-sur-ses-problemes-de-sante?id=9806674\">https:\/\/www.rtbf.be\/emission\/doc-shot\/detail_stromae-son-temoignage-poignant-sur-ses-problemes-de-sante?id=9806674<\/a> <\/figcaption><\/figure><\/div>\n\n\n\n<ul><li>Si je ne me fais pas vacciner, que va-t-il se passer? Pourrai-je&nbsp;&nbsp;encore aller en avion, car ce sera certainement renseign\u00e9 sur ma carte d\u2019identit\u00e9 ? <\/li><\/ul>\n\n\n\n<ul><li>Ne devrais-je pas soutenir les manifestations anti-vaccins ? anti-confinement? anti-masques?  <\/li><\/ul>\n\n\n\n<h2 class=\"wp-block-heading\"><strong>Renseignons-nous \u00e0 diff\u00e9rentes sources. &nbsp;<\/strong><\/h2>\n\n\n\n<p>Les m\u00e9dias subsidi\u00e9s ne sont pas impartiels, ils ne sont pas \u00ab&nbsp;libres&nbsp;\u00bb et peuvent nous manipuler en installant la peur, tout comme on est manipul\u00e9 par les pubs que l\u2019on entend \u00e0 longueur de journ\u00e9e.&nbsp;<\/p>\n\n\n\n<p>N\u2019agissons pas \u00e0 l\u2019aveuglette&nbsp;! Tant que le doute subsiste en notre esprit,&nbsp;&nbsp;il ne faut jamais prendre de grande d\u00e9cision. &nbsp;<\/p>\n\n\n\n<blockquote class=\"wp-block-quote\"><p><strong>Que penser de nos gouvernants&nbsp;? On aimerait leur faire confiance, mais tous la m\u00e9ritent-ils&nbsp;? &nbsp;<\/strong><\/p><\/blockquote>\n\n\n\n<p>Ariane Bilheran est interrog\u00e9e \u00e0 ce sujet.  <\/p>\n\n\n\n<div class=\"wp-block-image\"><figure class=\"aligncenter is-resized\"><img decoding=\"async\" loading=\"lazy\" src=\"https:\/\/allez-yalla.com\/wp-content\/uploads\/2020\/11\/ghsfs.jpg\" alt=\"\" class=\"wp-image-3747\" width=\"605\" height=\"292\" srcset=\"https:\/\/allez-yalla.com\/wp-content\/uploads\/2020\/11\/ghsfs.jpg 987w, https:\/\/allez-yalla.com\/wp-content\/uploads\/2020\/11\/ghsfs-300x145.jpg 300w, https:\/\/allez-yalla.com\/wp-content\/uploads\/2020\/11\/ghsfs-768x372.jpg 768w, https:\/\/allez-yalla.com\/wp-content\/uploads\/2020\/11\/ghsfs-600x291.jpg 600w\" sizes=\"(max-width: 709px) 85vw, (max-width: 909px) 67vw, (max-width: 984px) 61vw, (max-width: 1362px) 45vw, 600px\" \/><figcaption>  <br> <a href=\"https:\/\/www.youtube.com\/watch?v=iJHNRwmPkUg&amp;ab_channel=ThanaTV\">https:\/\/www.youtube.com\/watch?v=iJHNRwmPkUg&amp;ab_channel=ThanaTV<\/a> <\/figcaption><\/figure><\/div>\n\n\n\n<h2 class=\"wp-block-heading\"><strong>Les SOLUTIONS \u00e9mergent de l\u2019AMOUR.&nbsp;&nbsp;&nbsp;&nbsp;&nbsp;     ENSEMBLE,&nbsp;&nbsp;&nbsp;REMONTONS LA PENTE !&nbsp;&nbsp; <\/strong><\/h2>\n\n\n\n<figure class=\"wp-block-image\"><img decoding=\"async\" loading=\"lazy\" width=\"701\" height=\"528\" src=\"https:\/\/allez-yalla.com\/wp-content\/uploads\/2020\/11\/fnjtrxc.jpg\" alt=\"\" class=\"wp-image-3719\" srcset=\"https:\/\/allez-yalla.com\/wp-content\/uploads\/2020\/11\/fnjtrxc.jpg 701w, https:\/\/allez-yalla.com\/wp-content\/uploads\/2020\/11\/fnjtrxc-300x226.jpg 300w, https:\/\/allez-yalla.com\/wp-content\/uploads\/2020\/11\/fnjtrxc-600x452.jpg 600w\" sizes=\"(max-width: 709px) 85vw, (max-width: 909px) 67vw, (max-width: 984px) 61vw, (max-width: 1362px) 45vw, 600px\" \/><\/figure>\n\n\n\n<h2 class=\"wp-block-heading\">Fortifier sa sant\u00e9 et celle de nos enfants. Booster notre immunit\u00e9.  <\/h2>\n\n\n\n<blockquote class=\"wp-block-quote\"><p>Fait de vie. Des mamans discutent.  <\/p><\/blockquote>\n\n\n\n<p>&#8211;&nbsp;Tu as vu&nbsp;: les enfants qui portent des masques \u00e0 l\u2019\u00e9cole d\u00e8s l\u2019\u00e2ge de 6 ans&nbsp;?&nbsp;&nbsp;C\u2019est choquant&nbsp;! &nbsp;<\/p>\n\n\n\n<p>&#8211; Oui, je sais que c\u2019est mauvais, on ravale ses microbes. J\u2019ai mal \u00e0 la t\u00eate tous les jours \u2026&nbsp;&nbsp;Je le porte car c\u2019est obligatoire sur le lieu de travail. Mais &#8230;ma  petite fille de 6 ans veut le porter. C\u2019est sa d\u00e9cision. Elle a des poumons fragiles. Elle a tr\u00e8s peur.  <\/p>\n\n\n\n<p>&#8211; Et si tu fortifiais sa sant\u00e9 par un traitement naturel, par un traitement hom\u00e9opathique ? Ce matin, j\u2019ai parl\u00e9 avec L\u00e9onie, une maman port\u00e9e pour les traitements naturels &#8230; Sa fille n\u2019\u00e9tait pas \u00e0 l\u2019\u00e9cole car elle n\u2019\u00e9tait pas bien quand elle s\u2019est lev\u00e9e. Elle lui a donn\u00e9 un comprim\u00e9 d\u2019origan et elle lui a frictionn\u00e9 sa poitrine avec de l\u2019huile essentielle de ravintsara dilu\u00e9e dans de l\u2019huile ordinaire. \u00ab Demain elle sera en forme ! \u00bb m\u2019assura L\u00e9onie.&nbsp;&nbsp;&nbsp; <\/p>\n\n\n\n<p>L\u2019hiver, cette jeune maman donne chaque jour \u00e0 ses enfrrants un comprim\u00e9 de cuivre-or-argent et&nbsp;&nbsp;de la vitamine D sous forme huileuse. C\u2019est anti-covid.&nbsp;&nbsp;Moi-m\u00eame,&nbsp;&nbsp;c\u2019est l\u2019hom\u00e9opathie qui m\u2019a aid\u00e9e \u00e0 soigner mes enfants. Bref, si tu dis \u00e0 ta fille que tu vas bien la soigner pour que ses poumons soient forts et r\u00e9sistants,&nbsp;&nbsp;elle arrivera sans doute&nbsp;&nbsp;un jour \u00e0 renoncer d\u2019elle-m\u00eame au masque&nbsp;!&nbsp;&nbsp;<a href=\"https:\/\/www.alternativesante.fr\/coronavirus\/covid-19-une-nouvelle-etude-montre-l-interet-de-la-vitamine-d-en-supplementation-precoce\" target=\"_blank\" rel=\"noreferrer noopener\">https:\/\/www.alternativesante.fr\/coronavirus\/covid-19-une-nouvelle-etude-montre-l-interet-de-la-vitamine-d-en-supplementation-precoce<\/a>&nbsp;<\/p>\n\n\n\n<h2 class=\"wp-block-heading\">Aller \u00e0 la rencontre des ind\u00e9pendants, les soutenir. &nbsp;<\/h2>\n\n\n\n<p><em>Ils&nbsp;<\/em>risquent de tout perdre, maison comprise,&nbsp;&nbsp;s\u2019ils font faillite. Cheminer avec eux jusqu\u2019\u00e0 ce qu\u2019ils puissent sortir la t\u00eate de l\u2019eau, les soutenir financi\u00e8rement jusqu\u2019au bout, c\u2019est tout simplement HUMAIN. Alysson (vid\u00e9o ci-dessous) s\u2019est suicid\u00e9e \u00e0 cause du confinement. Elle ne savait plus payer son loyer, rembourser ses emprunts&#8230;. <\/p>\n\n\n\n<div class=\"wp-block-image\"><figure class=\"aligncenter is-resized\"><img decoding=\"async\" loading=\"lazy\" src=\"https:\/\/allez-yalla.com\/wp-content\/uploads\/2020\/11\/qbhfd.jpg\" alt=\"\" class=\"wp-image-3702\" width=\"599\" height=\"371\" srcset=\"https:\/\/allez-yalla.com\/wp-content\/uploads\/2020\/11\/qbhfd.jpg 925w, https:\/\/allez-yalla.com\/wp-content\/uploads\/2020\/11\/qbhfd-300x186.jpg 300w, https:\/\/allez-yalla.com\/wp-content\/uploads\/2020\/11\/qbhfd-768x477.jpg 768w, https:\/\/allez-yalla.com\/wp-content\/uploads\/2020\/11\/qbhfd-600x372.jpg 600w\" sizes=\"(max-width: 599px) 85vw, 599px\" \/><figcaption>  <br> <a href=\"https:\/\/www.facebook.com\/watch\/?v=919857101878186\">https:\/\/www.facebook.com\/watch\/?v=919857101878186<\/a> <\/figcaption><\/figure><\/div>\n\n\n\n<p>L\u2019argent plac\u00e9 en banque risque bien d\u2019\u00eatre perdu lors du prochain krach boursier. Alors, utilisons-le bien d\u00e8s maintenant ! Le partage, c\u2019est la VIE.  <\/p>\n\n\n\n<div class=\"wp-block-image\"><figure class=\"aligncenter is-resized\"><img decoding=\"async\" loading=\"lazy\" src=\"https:\/\/allez-yalla.com\/wp-content\/uploads\/2021\/04\/sddffd.jpg\" alt=\"\" class=\"wp-image-6350\" width=\"362\" height=\"266\"\/><\/figure><\/div>\n\n\n\n<h2 class=\"wp-block-heading\">Ouvrir sa porte aux personnes de la rue, en lien avec une association<\/h2>\n\n\n\n<p> Accueillir les personnes qui ont tout perdu, \u00e9pauler s\u00e9rieusement des personnes fragiles sur le plan psychologique car, plus que toute autre, elles ont besoin de relations humaines. &nbsp; Agir ENSEMBLE.<\/p>\n\n\n\n<p><a href=\"https:\/\/www.facebook.com\/lazare.eu\/\">https:\/\/www.facebook.com\/lazare.eu\/<\/a><\/p>\n\n\n\n<h2 class=\"wp-block-heading\">Mobiliser les pouvoirs publics. &nbsp;<\/h2>\n\n\n\n<figure class=\"wp-block-image\"><img decoding=\"async\" loading=\"lazy\" width=\"554\" height=\"602\" src=\"https:\/\/allez-yalla.com\/wp-content\/uploads\/2020\/11\/ngs.jpg\" alt=\"\" class=\"wp-image-3705\" srcset=\"https:\/\/allez-yalla.com\/wp-content\/uploads\/2020\/11\/ngs.jpg 554w, https:\/\/allez-yalla.com\/wp-content\/uploads\/2020\/11\/ngs-276x300.jpg 276w\" sizes=\"(max-width: 554px) 85vw, 554px\" \/><\/figure>\n\n\n\n<p><a href=\"https:\/\/www.facebook.com\/profile.php?id=100003802358153\">https:\/\/www.facebook.com\/profile.php?id=100003802358153<\/a><\/p>\n\n\n\n<h2 class=\"wp-block-heading\">Agir aussi ailleurs que dans notre pays.&nbsp;<\/h2>\n\n\n\n<p>Depuis 50 ans, P\u00e8re Pedro offre une aide s\u00e9rieuse aux&nbsp;&nbsp;familles de Madagascar. C\u2019est autant de familles qui ne penseront pas \u00e0 quitter leur pays, car elles se plaisent d\u00e9sormais chez elles. <\/p>\n\n\n\n<div class=\"wp-block-image\"><figure class=\"aligncenter is-resized\"><img decoding=\"async\" loading=\"lazy\" src=\"https:\/\/allez-yalla.com\/wp-content\/uploads\/2020\/11\/Sans-titre.jpg\" alt=\"\" class=\"wp-image-3707\" width=\"612\" height=\"547\" srcset=\"https:\/\/allez-yalla.com\/wp-content\/uploads\/2020\/11\/Sans-titre.jpg 562w, https:\/\/allez-yalla.com\/wp-content\/uploads\/2020\/11\/Sans-titre-300x268.jpg 300w\" sizes=\"(max-width: 709px) 85vw, (max-width: 909px) 67vw, (max-width: 984px) 61vw, (max-width: 1362px) 45vw, 600px\" \/><\/figure><\/div>\n\n\n\n<p><a href=\"https:\/\/www.facebook.com\/ana.soberon.16\/videos\/3510520925722259\">https:\/\/www.facebook.com\/ana.soberon.16\/videos\/3510520925722259<\/a><\/p>\n\n\n\n<p>\u00ab50 ans apr\u00e8s mon arriv\u00e9e sur cette belle \u00eele de Madagascar, aujourd&rsquo;hui la vie et le travail continuent. Ce matin je suis all\u00e9 saluer les 3 200 \u00e9l\u00e8ves du primaire pour la rentr\u00e9e, c&rsquo;est ainsi que ces gar\u00e7ons et filles d&rsquo;Akamasoa m&rsquo;ont accueilli. Dans cet endroit o\u00f9 sont assis les \u00e9l\u00e8ves il y avait des ordures, aujourd&rsquo;hui cet endroit est plein de belles fleurs que sont ces enfants \u00bb, \u00e9crit le P\u00e8re Pedro au bas de la vid\u00e9o qu&rsquo;il \u00e9crit \u00e0 chacun de nous. Et nous transmet la joie \u00e9crasante des plus petits en le voyant arriver\u2026 !!! Ils sont l&rsquo;avenir, l&rsquo;espoir de la paix et de la justice, pour un monde meilleur\u2026 !!! \u00bb<\/p>\n\n\n\n<h2 class=\"wp-block-heading\">Venir en aide aux personnes \u00e2g\u00e9es. C\u2019est une urgence&nbsp;!&nbsp;&nbsp;&nbsp;<\/h2>\n\n\n\n<p><strong><em>Une personne \u00e2g\u00e9e autonome peut devenir compl\u00e8tement d\u00e9pendante et se laisser mourir en quelques semaines.&nbsp;<\/em><\/strong><em>&nbsp;<\/em><strong><em>D\u00e9pister rapidement un syndrome de glissement permet de diminuer le risque de d\u00e9c\u00e8s, mais aussi d\u2019augmenter les chances pour que la personne \u00e2g\u00e9e retrouve l\u2019autonomie qu\u2019elle avait avant cet \u00e9pisode.&nbsp;<\/em><\/strong><em>&nbsp;<\/em><\/p>\n\n\n\n<figure class=\"wp-block-image\"><img decoding=\"async\" loading=\"lazy\" width=\"747\" height=\"705\" src=\"https:\/\/allez-yalla.com\/wp-content\/uploads\/2020\/11\/glissementg-ephad.jpg\" alt=\"\" class=\"wp-image-3710\" srcset=\"https:\/\/allez-yalla.com\/wp-content\/uploads\/2020\/11\/glissementg-ephad.jpg 747w, https:\/\/allez-yalla.com\/wp-content\/uploads\/2020\/11\/glissementg-ephad-300x283.jpg 300w, https:\/\/allez-yalla.com\/wp-content\/uploads\/2020\/11\/glissementg-ephad-600x566.jpg 600w\" sizes=\"(max-width: 709px) 85vw, (max-width: 909px) 67vw, (max-width: 984px) 61vw, (max-width: 1362px) 45vw, 600px\" \/><figcaption> <a href=\"https:\/\/www.facebook.com\/allodoc\/videos\/254092679151319\">https:\/\/www.facebook.com\/allodoc\/videos\/254092679151319<\/a> <\/figcaption><\/figure>\n\n\n\n<h2 class=\"wp-block-heading\">S\u2019INFORMER et PARTAGER calmement sur les r\u00e9seaux sociaux.&nbsp;&nbsp;&nbsp;<\/h2>\n\n\n\n<p>Beaucoup de personnes ne veulent pas facebook. Et pourtant c\u2019est une fa\u00e7on de faire entendre d\u2019autres messages que ceux des m\u00e9dias subsidi\u00e9s par l\u2019Etat. Ainsi Jean Benoit r\u00e9veille la m\u00e9moire. &nbsp;<\/p>\n\n\n\n<div class=\"wp-block-image\"><figure class=\"aligncenter\"><img decoding=\"async\" loading=\"lazy\" width=\"536\" height=\"606\" src=\"https:\/\/allez-yalla.com\/wp-content\/uploads\/2020\/11\/gsj.jpg\" alt=\"\" class=\"wp-image-3712\" srcset=\"https:\/\/allez-yalla.com\/wp-content\/uploads\/2020\/11\/gsj.jpg 536w, https:\/\/allez-yalla.com\/wp-content\/uploads\/2020\/11\/gsj-265x300.jpg 265w\" sizes=\"(max-width: 536px) 85vw, 536px\" \/><\/figure><\/div>\n\n\n\n<h2 class=\"wp-block-heading\"><strong>Pourrons-nous dire \u00e0 nos enfants que nous ne savions pas? <\/strong><\/h2>\n\n\n\n<figure class=\"wp-block-embed-youtube wp-block-embed is-type-video is-provider-youtube wp-embed-aspect-16-9 wp-has-aspect-ratio\"><div class=\"wp-block-embed__wrapper\">\n<iframe loading=\"lazy\" title=\"Pourrons nous dire \u00e0 nos enfants que nous ne savions pas?\" width=\"840\" height=\"473\" src=\"https:\/\/www.youtube.com\/embed\/PaWYqtwM22o?feature=oembed\" frameborder=\"0\" allow=\"accelerometer; autoplay; clipboard-write; encrypted-media; gyroscope; picture-in-picture\" allowfullscreen><\/iframe>\n<\/div><\/figure>\n\n\n\n<h2 class=\"wp-block-heading\"><strong>L\u2019envoy\u00e9 du ciel par excellence: le Christ-Roi nous tire vers le HAUT.  <\/strong><\/h2>\n\n\n\n<p>Voici ce qu\u2019en dit l\u2019abb\u00e9 Apollinaire. Il n\u2019y a plus de messe mais, Dieu merci,&nbsp;&nbsp;des pr\u00eatres restent en habit de service et nous relient au ciel.&nbsp;&nbsp;&nbsp;<\/p>\n\n\n\n<div class=\"wp-block-image\"><figure class=\"aligncenter is-resized\"><img decoding=\"async\" loading=\"lazy\" src=\"https:\/\/allez-yalla.com\/wp-content\/uploads\/2020\/11\/noel-lourdes.jpg\" alt=\"\" class=\"wp-image-3713\" width=\"603\" height=\"307\" srcset=\"https:\/\/allez-yalla.com\/wp-content\/uploads\/2020\/11\/noel-lourdes.jpg 957w, https:\/\/allez-yalla.com\/wp-content\/uploads\/2020\/11\/noel-lourdes-300x153.jpg 300w, https:\/\/allez-yalla.com\/wp-content\/uploads\/2020\/11\/noel-lourdes-768x391.jpg 768w, https:\/\/allez-yalla.com\/wp-content\/uploads\/2020\/11\/noel-lourdes-600x305.jpg 600w\" sizes=\"(max-width: 709px) 85vw, (max-width: 909px) 67vw, (max-width: 984px) 61vw, (max-width: 1362px) 45vw, 600px\" \/><\/figure><\/div>\n\n\n\n<blockquote class=\"wp-block-quote\"><p>\u00ab&nbsp;Quelle est la nature de cette royaut\u00e9 que nous f\u00eatons aujourd\u2019hui ?&nbsp;<\/p><\/blockquote>\n\n\n\n<p><em>Ce roi a pour premier tr\u00f4ne une mangeoire d&rsquo;animaux et le deuxi\u00e8me tr\u00f4ne est une croix. Il fait son entr\u00e9e triomphale \u00e0 J\u00e9rusalem sur un \u00e2ne, l&rsquo;animal des pauvres et des simples. Sa couronne est d&rsquo;\u00e9pines. On ne d\u00e9roule pas un tapis rouge sur son passage. Il est un roi sans arm\u00e9e. Car sa royaut\u00e9 n&rsquo;est pas de ce monde.&nbsp;&nbsp;<\/em><\/p>\n\n\n\n<p><em>\u2026 Il est l&rsquo;alpha et l&rsquo;omega, le commencement et la fin de tout, selon Jean.&nbsp;&nbsp;<\/em><\/p>\n\n\n\n<p><em>Dans son annonce de la Bonne Nouvelle, il s&rsquo;est fait proche de l&rsquo;homme. Ce n&rsquo;est plus une r\u00e9alit\u00e9 lointaine ; la pr\u00e9sence de Dieu est devenue palpable. Il est l&rsquo;Emmanuel, c&rsquo;est-\u00e0-dire Dieu parmi nous.&nbsp;&nbsp;<\/em><\/p>\n\n\n\n<p><em>J\u00e9sus est roi. Un roi qui rassemble comme nous le lisons dans la premi\u00e8re lecture d&rsquo;aujourd&rsquo;hui. Le roi est celui qui r\u00e9unit son peuple comme un berger qui rassemble son troupeau. Il a le souci de chacune de ses brebis. Il va chercher celle qui est \u00e9gar\u00e9e, soigner celle qui est malade. Sous la conduite d&rsquo;un tel berger, \u00ab\u00a0on ne manque de rien\u00a0\u00bb, nous dit le psaume 22.&nbsp;&nbsp;<\/em><\/p>\n\n\n\n<p><em>Dans la page d&rsquo;\u00e9vangile, il est question du jugement dernier, de la fin des temps. Elle marque l&rsquo;entr\u00e9e d\u00e9finitive dans le r\u00e8gne de Dieu. Et ce r\u00e8gne de Dieu ne se r\u00e9alise pas dans le chacun pour soi, mais plut\u00f4t dans la communion des uns et des autres.&nbsp;<\/em><\/p>\n\n\n\n<p><em>Confions-nous au Roi de l&rsquo;univers afin qu&rsquo;il nous aide \u00e0 surmonter les affres de la pand\u00e9mie du coronavirus.&nbsp;&nbsp;<\/em><\/p>\n\n\n\n<p><em>Bonne F\u00eate du Christ Roi de l&rsquo;univers \u00e0 toutes et \u00e0 tous. Amen.&nbsp;\u00bb<\/em> Extrait hom\u00e9lie abb\u00e9 Apollinaire Bounzaki. <a rel=\"noreferrer noopener\" href=\"https:\/\/www.aelf.org\/2020-11-22\/romain\/messe\" target=\"_blank\">https:\/\/www.aelf.org\/2020-11-22\/romain\/messe<\/a> .   <\/p>\n\n\n\n<p>Voir aussi&nbsp;:&nbsp;&nbsp;<a href=\"https:\/\/www.vaticannews.va\/fr\/pape\/news\/2020-11\/pape-francois-messe-christ-roi-croix-jmj-homelie-saint-pere-rome.html\" target=\"_blank\" rel=\"noreferrer noopener\">https:\/\/www.vaticannews.va\/fr\/pape\/news\/2020-11\/pape-francois-messe-christ-roi-croix-jmj-homelie-saint-pere-rome.html<\/a>&nbsp;<\/p>\n\n\n\n<p><a rel=\"noreferrer noopener\" href=\"https:\/\/www.youtube.com\/watch?v=XSIM_-53WsI&amp;ab_channel=KTOTV\" target=\"_blank\">https:\/\/www.youtube.com\/watch?v=XSIM_-53WsI&amp;ab_channel=KTOTV<\/a>&nbsp; (Ecouter \u00e0 20 minutes l\u2019Evangile et l\u2019hom\u00e9lie du pape Fran\u00e7ois)&nbsp;<\/p>\n\n\n\n<h2 class=\"wp-block-heading\"><strong>Bref&nbsp;:&nbsp;&nbsp;&nbsp;Faire grandir l\u2019AMOUR, c\u2019est l\u2019unique porte de sortie de ce marasme.&nbsp;<\/strong><\/h2>\n\n\n\n<figure class=\"wp-block-embed-youtube wp-block-embed is-type-video is-provider-youtube wp-embed-aspect-16-9 wp-has-aspect-ratio\"><div class=\"wp-block-embed__wrapper\">\n<iframe loading=\"lazy\" title=\"&quot;L&#039;\u00c9conomie de Fran\u00e7ois&quot; : Message de cl\u00f4ture du Pape Fran\u00e7ois\" width=\"840\" height=\"473\" src=\"https:\/\/www.youtube.com\/embed\/EAkgk5HHlEg?feature=oembed\" frameborder=\"0\" allow=\"accelerometer; autoplay; clipboard-write; encrypted-media; gyroscope; picture-in-picture\" allowfullscreen><\/iframe>\n<\/div><\/figure>\n\n\n\n<p>L\u2019histoire nous enseigne qu\u2019il n\u2019y a pas de syst\u00e8mes ni de crises qui soient en mesure d\u2019annuler compl\u00e8tement la capacit\u00e9, l\u2019ing\u00e9niosit\u00e9 et la cr\u00e9ativit\u00e9 que Dieu ne cesse de susciter dans les c\u0153urs. Avec d\u00e9vouement et fid\u00e9lit\u00e9 \u00e0 vos peuples, \u00e0 votre pr\u00e9sent et \u00e0 votre avenir, vous pouvez vous unir \u00e0 d\u2019autres pour tisser une nouvelle mani\u00e8re de faire l\u2019histoire. N\u2019ayez pas peur de vous impliquer et de toucher l\u2019\u00e2me des cit\u00e9s avec le regard de J\u00e9sus&nbsp;; n\u2019ayez pas peur d\u2019habiter courageusement les conflits et les carrefours de l\u2019histoire pour les oindre avec l\u2019ar\u00f4me des B\u00e9atitudes. N\u2019ayez pas peur, parce que&nbsp;<em>personne ne se sauve tout seul<\/em>. Personne ne se sauve tout seul.<\/p>\n\n\n\n<p>A vous, jeunes, provenant de 115 Pays, j\u2019adresse l\u2019invitation \u00e0 reconna\u00eetre que nous avons besoin les uns des autres pour donner vie \u00e0 cette culture \u00e9conomique, capable de \u00ab faire germer des r\u00eaves, susciter des proph\u00e9ties et des visions, faire fleurir des esp\u00e9rances, stimuler la confiance, bander les blessures, tisser des relations, ressusciter une aube d\u2019esp\u00e9rance, apprendre l\u2019un de l\u2019autre, et cr\u00e9er un imaginaire positif qui \u00e9claire les esprits, r\u00e9chauffe les c\u0153urs, redonne des forces aux mains, et inspire aux jeunes \u2013 \u00e0 tous les jeunes, personne n\u2019est exclu \u2013 la vision d\u2019un avenir rempli de la joie de l\u2019Evangile \u00bb.<a rel=\"noreferrer noopener\" href=\"http:\/\/www.vatican.va\/content\/francesco\/fr\/messages\/pont-messages\/2020\/documents\/papa-francesco_20201121_videomessaggio-economy-of-francesco.html#_ftn24\" target=\"_blank\">[24]<\/a>&nbsp;Merci.&nbsp;<\/p>\n\n\n\n<p><a href=\"http:\/\/www.vatican.va\/content\/francesco\/fr\/messages\/pont-messages\/2020\/documents\/papa-francesco_20201121_videomessaggio-economy-of-francesco.html\">http:\/\/www.vatican.va\/content\/francesco\/fr\/messages\/pont-messages\/2020\/documents\/papa-francesco_20201121_videomessaggio-economy-of-francesco.html<\/a><\/p>\n\n\n\n<h2 class=\"wp-block-heading\">Cantiques&nbsp;&nbsp;&nbsp;<\/h2>\n\n\n\n<blockquote class=\"wp-block-quote\"><p>Christ est Roi. &nbsp;<\/p><\/blockquote>\n\n\n\n<figure class=\"wp-block-embed-youtube wp-block-embed is-type-video is-provider-youtube wp-embed-aspect-16-9 wp-has-aspect-ratio\"><div class=\"wp-block-embed__wrapper\">\n<iframe loading=\"lazy\" title=\"Christ est Roi \/ Digne est l&#039;Agneau\" width=\"840\" height=\"473\" src=\"https:\/\/www.youtube.com\/embed\/3QGjYdn8E8M?feature=oembed\" frameborder=\"0\" allow=\"accelerometer; autoplay; clipboard-write; encrypted-media; gyroscope; picture-in-picture\" allowfullscreen><\/iframe>\n<\/div><\/figure>\n\n\n\n<blockquote class=\"wp-block-quote\"><p>Souffle impr\u00e9visible, Esprit de Dieu. <\/p><\/blockquote>\n\n\n\n<figure class=\"wp-block-embed-youtube wp-block-embed is-type-video is-provider-youtube wp-embed-aspect-16-9 wp-has-aspect-ratio\"><div class=\"wp-block-embed__wrapper\">\n<iframe loading=\"lazy\" title=\"&quot;Souffle impr\u00e9visible&quot; (K 28-44) | Chant catholique avec paroles pour le Car\u00eame et P\u00e2ques\" width=\"840\" height=\"473\" src=\"https:\/\/www.youtube.com\/embed\/ODqhDSIjBds?feature=oembed\" frameborder=\"0\" allow=\"accelerometer; autoplay; clipboard-write; encrypted-media; gyroscope; picture-in-picture\" allowfullscreen><\/iframe>\n<\/div><\/figure>\n\n\n\n<blockquote class=\"wp-block-quote\"><p>Le prince d&rsquo;Egypte *Avec la foi &#8211; La sortie d&rsquo;Egypte* HD&nbsp;<\/p><\/blockquote>\n\n\n\n<figure class=\"wp-block-embed-youtube wp-block-embed is-type-video is-provider-youtube wp-embed-aspect-16-9 wp-has-aspect-ratio\"><div class=\"wp-block-embed__wrapper\">\n<iframe loading=\"lazy\" title=\"Le prince d&#039;Egypte *Avec la foi - La sortie d&#039;Egypte* HD\" width=\"840\" height=\"473\" src=\"https:\/\/www.youtube.com\/embed\/t3JHmE_46II?feature=oembed\" frameborder=\"0\" allow=\"accelerometer; autoplay; clipboard-write; encrypted-media; gyroscope; picture-in-picture\" allowfullscreen><\/iframe>\n<\/div><\/figure>\n\n\n\n<blockquote class=\"wp-block-quote\"><p> Chorale confin\u00e9e &#8211; regardez l&rsquo;humilit\u00e9 de Dieu &#8211; Alegria&nbsp; <\/p><\/blockquote>\n\n\n\n<figure class=\"wp-block-embed-youtube wp-block-embed is-type-video is-provider-youtube wp-embed-aspect-16-9 wp-has-aspect-ratio\"><div class=\"wp-block-embed__wrapper\">\n<iframe loading=\"lazy\" title=\"Chorale confin\u00e9e - regardez l&#039;humilit\u00e9 de Dieu - Alegria\" width=\"840\" height=\"473\" src=\"https:\/\/www.youtube.com\/embed\/wrEB2PVKiLM?feature=oembed\" frameborder=\"0\" allow=\"accelerometer; autoplay; clipboard-write; encrypted-media; gyroscope; picture-in-picture\" allowfullscreen><\/iframe>\n<\/div><\/figure>\n\n\n\n<blockquote class=\"wp-block-quote\"><p>Glorious &#8211; Nous dansons &#8211; Electro Pop Louange&nbsp;<\/p><\/blockquote>\n\n\n\n<figure class=\"wp-block-embed-youtube wp-block-embed is-type-video is-provider-youtube wp-embed-aspect-16-9 wp-has-aspect-ratio\"><div class=\"wp-block-embed__wrapper\">\n<iframe loading=\"lazy\" title=\"Glorious - Nous dansons - Electro Pop Louange\" width=\"840\" height=\"473\" src=\"https:\/\/www.youtube.com\/embed\/qRoQVEaSaJ8?feature=oembed\" frameborder=\"0\" allow=\"accelerometer; autoplay; clipboard-write; encrypted-media; gyroscope; picture-in-picture\" allowfullscreen><\/iframe>\n<\/div><\/figure>\n\n\n\n<blockquote class=\"wp-block-quote\"><p>Tiens ma lampe allum\u00e9e&nbsp;<\/p><\/blockquote>\n\n\n\n<figure class=\"wp-block-embed-youtube wp-block-embed is-type-video is-provider-youtube wp-embed-aspect-4-3 wp-has-aspect-ratio\"><div class=\"wp-block-embed__wrapper\">\n<iframe loading=\"lazy\" title=\"TOG B02  Tiens ma lampe allume\u0301e\" width=\"840\" height=\"630\" src=\"https:\/\/www.youtube.com\/embed\/wIvBzMVh9UY?feature=oembed\" frameborder=\"0\" allow=\"accelerometer; autoplay; clipboard-write; encrypted-media; gyroscope; picture-in-picture\" allowfullscreen><\/iframe>\n<\/div><\/figure>\n\n\n\n<blockquote class=\"wp-block-quote\"><p>Je te b\u00e9nis mon Dieu&nbsp;<\/p><\/blockquote>\n\n\n\n<figure class=\"wp-block-embed-youtube wp-block-embed is-type-video is-provider-youtube wp-embed-aspect-16-9 wp-has-aspect-ratio\"><div class=\"wp-block-embed__wrapper\">\n<iframe loading=\"lazy\" title=\"Je te b\u00e9nis mon Dieu\" width=\"840\" height=\"473\" src=\"https:\/\/www.youtube.com\/embed\/NX8lnhaRNRo?feature=oembed\" frameborder=\"0\" allow=\"accelerometer; autoplay; clipboard-write; encrypted-media; gyroscope; picture-in-picture\" allowfullscreen><\/iframe>\n<\/div><\/figure>\n\n\n\n<blockquote class=\"wp-block-quote\"><p>Hopen &#8211; Nous sommes [Clip Officiel]&nbsp;<\/p><\/blockquote>\n\n\n\n<figure class=\"wp-block-embed-youtube wp-block-embed is-type-video is-provider-youtube wp-embed-aspect-16-9 wp-has-aspect-ratio\"><div class=\"wp-block-embed__wrapper\">\n<iframe loading=\"lazy\" title=\"Hopen - Nous sommes [Clip Officiel]\" width=\"840\" height=\"473\" src=\"https:\/\/www.youtube.com\/embed\/Z2g9coObW8U?feature=oembed\" frameborder=\"0\" allow=\"accelerometer; autoplay; clipboard-write; encrypted-media; gyroscope; picture-in-picture\" allowfullscreen><\/iframe>\n<\/div><\/figure>\n\n\n\n<h2 class=\"wp-block-heading\"><strong>SUPPLEMENTS<\/strong><\/h2>\n\n\n\n<p><strong>Ces ANNEXES sont \u00e0 DISCERNER car <\/strong><\/p>\n\n\n\n<blockquote class=\"wp-block-quote\"><p><strong> <em>\u00ab Rien n\u2019est plus douteux qu\u2019une certitude \u00bb<\/em>.&nbsp;&nbsp;&nbsp;<\/strong><\/p><\/blockquote>\n\n\n\n<figure class=\"wp-block-image\"><img decoding=\"async\" loading=\"lazy\" width=\"616\" height=\"759\" src=\"https:\/\/allez-yalla.com\/wp-content\/uploads\/2020\/11\/qfdhn-1.jpg\" alt=\"\" class=\"wp-image-3724\" srcset=\"https:\/\/allez-yalla.com\/wp-content\/uploads\/2020\/11\/qfdhn-1.jpg 616w, https:\/\/allez-yalla.com\/wp-content\/uploads\/2020\/11\/qfdhn-1-243x300.jpg 243w, https:\/\/allez-yalla.com\/wp-content\/uploads\/2020\/11\/qfdhn-1-600x739.jpg 600w\" sizes=\"(max-width: 709px) 85vw, (max-width: 909px) 67vw, (max-width: 984px) 61vw, (max-width: 1362px) 45vw, 600px\" \/><\/figure>\n\n\n\n<p><strong>\u00ab&nbsp;&nbsp;Les dieux c\u2019est vous !&nbsp;\u00bb : les propos choquants du fondateur de Doctissimo aux \u00e9tudiants de Polytechnique \u2013 VIDEO<\/strong><strong>&nbsp;<\/strong><\/p>\n\n\n\n<figure class=\"wp-block-embed-wordpress wp-block-embed is-type-wp-embed is-provider-alnas-fr\"><div class=\"wp-block-embed__wrapper\">\n<blockquote class=\"wp-embedded-content\" data-secret=\"xi911DPFpC\"><a href=\"https:\/\/www.alnas.fr\/actualite\/buzz\/les-dieux-cest-vous-les-propos-choquants-du-fondateur-de-doctissimo-aux-etudiants-de-polytechnique-video\/\">\u00ab\u00a0Les dieux c\u2019est vous !\u00a0\u00bb : les propos choquants du fondateur de Doctissimo aux \u00e9tudiants de Polytechnique &#8211; VIDEO<\/a><\/blockquote><iframe class=\"wp-embedded-content\" sandbox=\"allow-scripts\" security=\"restricted\" style=\"position: absolute; clip: rect(1px, 1px, 1px, 1px);\" title=\"\u00ab\u00a0\u00ab\u00a0Les dieux c\u2019est vous !\u00a0\u00bb : les propos choquants du fondateur de Doctissimo aux \u00e9tudiants de Polytechnique &#8211; VIDEO\u00a0\u00bb &#8212; alNas.fr\" src=\"https:\/\/www.alnas.fr\/actualite\/buzz\/les-dieux-cest-vous-les-propos-choquants-du-fondateur-de-doctissimo-aux-etudiants-de-polytechnique-video\/embed\/#?secret=xi911DPFpC\" data-secret=\"xi911DPFpC\" width=\"600\" height=\"338\" frameborder=\"0\" marginwidth=\"0\" marginheight=\"0\" scrolling=\"no\"><\/iframe>\n<\/div><\/figure>\n\n\n\n<figure class=\"wp-block-embed-youtube wp-block-embed is-type-video is-provider-youtube wp-embed-aspect-16-9 wp-has-aspect-ratio\"><div class=\"wp-block-embed__wrapper\">\n<iframe loading=\"lazy\" title=\"Ma\u00eetre Di Vizio - &quot;Le gouvernement ne d\u00e9cide de rien, il y a des int\u00e9r\u00eats financiers derri\u00e8re !&quot;\" width=\"840\" height=\"473\" src=\"https:\/\/www.youtube.com\/embed\/zzHBhun4ong?feature=oembed\" frameborder=\"0\" allow=\"accelerometer; autoplay; clipboard-write; encrypted-media; gyroscope; picture-in-picture\" allowfullscreen><\/iframe>\n<\/div><\/figure>\n\n\n\n<p>Alexandra Henrion-Caude : \u00ab\u00a0L\u2019\u00e9pid\u00e9mie \u00e0 ce jour ne justifie pas une urgence sanitaire nationale\u00a0\u00bb&nbsp;<\/p>\n\n\n\n<figure class=\"wp-block-embed-youtube wp-block-embed is-type-video is-provider-youtube wp-embed-aspect-16-9 wp-has-aspect-ratio\"><div class=\"wp-block-embed__wrapper\">\n<iframe loading=\"lazy\" title=\"Alexandra Henrion-Caude : &quot;L\u2019\u00e9pid\u00e9mie \u00e0 ce jour ne justifie pas une urgence sanitaire nationale&quot;\" width=\"840\" height=\"473\" src=\"https:\/\/www.youtube.com\/embed\/M7s38PJ9wzc?feature=oembed\" frameborder=\"0\" allow=\"accelerometer; autoplay; clipboard-write; encrypted-media; gyroscope; picture-in-picture\" allowfullscreen><\/iframe>\n<\/div><\/figure>\n\n\n\n<p>#3 HOLD-UP, ITW Grand Format : Michel Rosenzweig&nbsp;<\/p>\n\n\n\n<p><a href=\"https:\/\/www.youtube.com\/watch?v=fYSZf78Db6k&amp;ab_channel=ThanaTV\">https:\/\/www.youtube.com\/watch?v=fYSZf78Db6k&amp;ab_channel=ThanaTV<\/a><\/p>\n\n\n\n<p>Pas de r\u00e9ouverture le 1er d\u00e9cembre pour les bars et restaurants : la col\u00e8re d&rsquo;Etchebest&nbsp;<\/p>\n\n\n\n<figure class=\"wp-block-embed-youtube wp-block-embed is-type-video is-provider-youtube wp-embed-aspect-16-9 wp-has-aspect-ratio\"><div class=\"wp-block-embed__wrapper\">\n<iframe loading=\"lazy\" title=\"Pas de r\u00e9ouverture le 1er d\u00e9cembre pour les bars et restaurants : la col\u00e8re d&#039;Etchebest\" width=\"840\" height=\"473\" src=\"https:\/\/www.youtube.com\/embed\/Z4Mph8SxGs4?feature=oembed\" frameborder=\"0\" allow=\"accelerometer; autoplay; clipboard-write; encrypted-media; gyroscope; picture-in-picture\" allowfullscreen><\/iframe>\n<\/div><\/figure>\n\n\n\n<figure class=\"wp-block-image\"><img decoding=\"async\" loading=\"lazy\" width=\"1024\" height=\"673\" src=\"https:\/\/allez-yalla.com\/wp-content\/uploads\/2020\/11\/soeur-emmanuelle-citation-1-1024x673.jpg\" alt=\"\" class=\"wp-image-3739\" srcset=\"https:\/\/allez-yalla.com\/wp-content\/uploads\/2020\/11\/soeur-emmanuelle-citation-1-1024x673.jpg 1024w, https:\/\/allez-yalla.com\/wp-content\/uploads\/2020\/11\/soeur-emmanuelle-citation-1-300x197.jpg 300w, https:\/\/allez-yalla.com\/wp-content\/uploads\/2020\/11\/soeur-emmanuelle-citation-1-768x505.jpg 768w, https:\/\/allez-yalla.com\/wp-content\/uploads\/2020\/11\/soeur-emmanuelle-citation-1-600x395.jpg 600w, https:\/\/allez-yalla.com\/wp-content\/uploads\/2020\/11\/soeur-emmanuelle-citation-1.jpg 1200w\" sizes=\"(max-width: 709px) 85vw, (max-width: 909px) 67vw, (max-width: 1362px) 62vw, 840px\" \/><\/figure>\n","protected":false},"excerpt":{"rendered":"<p>La peur paralyse la vie en soci\u00e9t\u00e9, la vie familiale. On est comme fig\u00e9, on ne vit plus. On ne se parle plus. Pour combien de temps encore ? Quand allons-nous nous d\u00e9cider \u00e0 sortir de nos orni\u00e8res?&nbsp; A l\u2019heure o\u00f9 la peur est partout, me revient \u00e0 l\u2019esprit une petite aventure dont j\u2019ai tir\u00e9 &hellip; <a href=\"https:\/\/allez-yalla.com\/index.php\/2020\/11\/25\/alerte-societe-syndrome-de-glissement\/\" class=\"more-link\">Continuer la lecture<span class=\"screen-reader-text\"> de &laquo;&nbsp;ALERTE: Syndrome de glissement de la soci\u00e9t\u00e9.&nbsp;&raquo;<\/span><\/a><\/p>\n","protected":false},"author":1,"featured_media":0,"comment_status":"open","ping_status":"open","sticky":false,"template":"","format":"standard","meta":{"footnotes":""},"categories":[43],"tags":[110],"_links":{"self":[{"href":"https:\/\/allez-yalla.com\/index.php\/wp-json\/wp\/v2\/posts\/3692"}],"collection":[{"href":"https:\/\/allez-yalla.com\/index.php\/wp-json\/wp\/v2\/posts"}],"about":[{"href":"https:\/\/allez-yalla.com\/index.php\/wp-json\/wp\/v2\/types\/post"}],"author":[{"embeddable":true,"href":"https:\/\/allez-yalla.com\/index.php\/wp-json\/wp\/v2\/users\/1"}],"replies":[{"embeddable":true,"href":"https:\/\/allez-yalla.com\/index.php\/wp-json\/wp\/v2\/comments?post=3692"}],"version-history":[{"count":53,"href":"https:\/\/allez-yalla.com\/index.php\/wp-json\/wp\/v2\/posts\/3692\/revisions"}],"predecessor-version":[{"id":8012,"href":"https:\/\/allez-yalla.com\/index.php\/wp-json\/wp\/v2\/posts\/3692\/revisions\/8012"}],"wp:attachment":[{"href":"https:\/\/allez-yalla.com\/index.php\/wp-json\/wp\/v2\/media?parent=3692"}],"wp:term":[{"taxonomy":"category","embeddable":true,"href":"https:\/\/allez-yalla.com\/index.php\/wp-json\/wp\/v2\/categories?post=3692"},{"taxonomy":"post_tag","embeddable":true,"href":"https:\/\/allez-yalla.com\/index.php\/wp-json\/wp\/v2\/tags?post=3692"}],"curies":[{"name":"wp","href":"https:\/\/api.w.org\/{rel}","templated":true}]}}