{"id":23757,"date":"2026-09-01T20:40:34","date_gmt":"2026-09-01T18:40:34","guid":{"rendered":"https:\/\/allez-yalla.com\/?p=23757"},"modified":"2026-09-01T21:52:58","modified_gmt":"2026-09-01T19:52:58","slug":"a-lattention-des-abstentionnistes","status":"publish","type":"post","link":"https:\/\/allez-yalla.com\/index.php\/2026\/09\/01\/a-lattention-des-abstentionnistes\/","title":{"rendered":"A l&rsquo;attention des ABSTENTIONNISTES."},"content":{"rendered":"\n<p><strong>Abstentionniste<\/strong> : L&rsquo;\u00e9lecteur qui ne vote pas.<\/p>\n\n\n\n<p><strong><u>Vous \u00eates d\u00e9go\u00fbt\u00e9s de la politique et vous ne votez plus. Votre ras-le-bol est compr\u00e9hensible, mais \u2026<\/u><\/strong><\/p>\n\n\n\n<h2 class=\"wp-block-heading\"><em>\u00ab&nbsp;En politique, si tous les d\u00e9gout\u00e9s s\u2019en vont, il ne reste plus que les d\u00e9goutants.&nbsp;\u00bb<\/em><\/h2>\n\n\n\n<figure class=\"wp-block-embed is-type-video is-provider-youtube wp-block-embed-youtube wp-embed-aspect-9-16 wp-has-aspect-ratio\"><div class=\"wp-block-embed__wrapper\">\n<iframe loading=\"lazy\" title=\"Le probl\u00e8me de la France peut \u00eatre r\u00e9gler en moins de 5 minutes #france #fran\u00e7ais #macron #pr\u00e9sident\" width=\"563\" height=\"1000\" src=\"https:\/\/www.youtube.com\/embed\/XONboAzKWq4?feature=oembed\" frameborder=\"0\" allow=\"accelerometer; autoplay; clipboard-write; encrypted-media; gyroscope; picture-in-picture; web-share\" referrerpolicy=\"strict-origin-when-cross-origin\" allowfullscreen><\/iframe>\n<\/div><\/figure>\n\n\n\n<h2 class=\"wp-block-heading\"><strong><u>\u00ab&nbsp;Le pronostic vital de la France est engag\u00e9.&nbsp;\u00bb&nbsp; &nbsp;Philippe de Villiers<\/u><\/strong><\/h2>\n\n\n\n<figure class=\"wp-block-embed is-type-video is-provider-dailymotion wp-block-embed-dailymotion wp-embed-aspect-16-9 wp-has-aspect-ratio\"><div class=\"wp-block-embed__wrapper\">\n<iframe loading=\"lazy\" title=\"Philippe de Villiers : \u00abLes politiciens fran\u00e7ais se moquent des campagnes\u00bb\" frameborder=\"0\" width=\"840\" height=\"472\" src=\"https:\/\/geo.dailymotion.com\/player.html?video=x9vrip0&#038;\" allowfullscreen allow=\"autoplay; fullscreen; picture-in-picture; web-share\"><\/iframe>\n<\/div><\/figure>\n\n\n\n<p>A son \u00e2ge, Philippe De Villiers pourrait passer son temps \u00e0 faire son jardin, mais il a d\u00e9cid\u00e9 de poursuivre le combat.&nbsp; Qui que nous soyons, nous ne pouvons plus nous croiser les bras&nbsp;! Bougeons-nous&nbsp;! C&rsquo;est URGENT! <\/p>\n\n\n\n<h2 class=\"wp-block-heading\"><strong><u>Les artistes Dieudo et Francis Lalanne r\u00e9v\u00e8lent leur PLAN pour renverser le SYST\u00c8ME ! <\/u><\/strong><\/h2>\n\n\n\n<figure class=\"wp-block-embed is-type-video is-provider-youtube wp-block-embed-youtube wp-embed-aspect-16-9 wp-has-aspect-ratio\"><div class=\"wp-block-embed__wrapper\">\n<iframe loading=\"lazy\" title=\"EXCLU : ce qu&#039;on a film\u00e9 du premier meeting de Francis Lalanne et Dieudonn\u00e9 | GPTV INVESTIGATION\" width=\"840\" height=\"473\" src=\"https:\/\/www.youtube.com\/embed\/k3Td_2wVeJo?list=PLMFLywPe-qlqn7ijEo21UPg3vHTUaP3x6\" frameborder=\"0\" allow=\"accelerometer; autoplay; clipboard-write; encrypted-media; gyroscope; picture-in-picture; web-share\" referrerpolicy=\"strict-origin-when-cross-origin\" allowfullscreen><\/iframe>\n<\/div><\/figure>\n\n\n\n<p><strong><u>La France rayonne \u00e0 travers les fables de Jean de la Fontaine. \u00ab&nbsp;La Fontaine c\u2019est le tr\u00e9sor de la France.&nbsp;\u00bb<\/u><\/strong><\/p>\n\n\n\n<figure class=\"wp-block-embed is-type-video is-provider-youtube wp-block-embed-youtube wp-embed-aspect-16-9 wp-has-aspect-ratio\"><div class=\"wp-block-embed__wrapper\">\n<iframe loading=\"lazy\" title=\"EXCLU : FRANCIS LALANNE ET DIEUDONN\u00c9 r\u00e9v\u00e8lent leur PLAN pour renverser le SYST\u00c8ME ! | GPTV\" width=\"840\" height=\"473\" src=\"https:\/\/www.youtube.com\/embed\/A08Fm35FH8s?start=220&#038;feature=oembed\" frameborder=\"0\" allow=\"accelerometer; autoplay; clipboard-write; encrypted-media; gyroscope; picture-in-picture; web-share\" referrerpolicy=\"strict-origin-when-cross-origin\" allowfullscreen><\/iframe>\n<\/div><\/figure>\n\n\n\n<p><em>On s\u2019inscrit dans ce courant de Jean de la Fontaine&nbsp;:&nbsp; La Fontaine, c\u2019est la source comme son nom l\u2019indique\u2026 Au moment o\u00f9 les autres se r\u00e9f\u00e8rent \u00e0 des th\u00e9oriciens &#8230;  Marx, c\u2019est des centaines de millions de morts, \u2026 nous on se r\u00e9f\u00e8re \u00e0 des th\u00e9oriciens qui ont parl\u00e9 de&nbsp; l\u2019humanisme et qui ont fait des centaines de millions de gens intelligents. \u2026 Les gens sont en recherche d\u2019humanisme, d\u2019\u00e9motions humaines. Dans la francophonie, la France rayonne \u00e0 travers les fables de la Fontaine. La Fontaine \u00e9tait extr\u00eamement politique.<\/em><\/p>\n\n\n\n<h2 class=\"wp-block-heading\"><strong><u>Vincent Lapierre soutient les cathos qui se rebellent.<\/u><\/strong><\/h2>\n\n\n\n<p>D\u2019origine franco-colombo-v\u00e9n\u00e9zu\u00e9lienne, ce reporter philanthrope est un m\u00e9tisse qui aime la France et risque sa vie pour faire \u00e9clater la v\u00e9rit\u00e9.&nbsp;&nbsp;Il y a une multitude de personnes d&rsquo;origine \u00e9trang\u00e8re qui soutiennent les Europ\u00e9ens  de souche. <\/p>\n\n\n\n<figure class=\"wp-block-embed is-type-video is-provider-youtube wp-block-embed-youtube wp-embed-aspect-16-9 wp-has-aspect-ratio\"><div class=\"wp-block-embed__wrapper\">\n<iframe loading=\"lazy\" title=\"LES CATHOS SE REBELLENT (la coupe est pleine)\" width=\"840\" height=\"473\" src=\"https:\/\/www.youtube.com\/embed\/kdmrPMMeaGU?start=702&#038;feature=oembed\" frameborder=\"0\" allow=\"accelerometer; autoplay; clipboard-write; encrypted-media; gyroscope; picture-in-picture; web-share\" referrerpolicy=\"strict-origin-when-cross-origin\" allowfullscreen><\/iframe>\n<\/div><\/figure>\n\n\n\n<p> <a href=\"https:\/\/www.youtube.com\/watch?v=kdmrPMMeaGU&amp;t=702s\">https:\/\/www.youtube.com\/watch?v=kdmrPMMeaGU&amp;t=702s<\/a><\/p>\n\n\n\n<h2 class=\"wp-block-heading\"><strong><u>En 1995, Michael Jackson d\u00e9non\u00e7ait d\u00e9j\u00e0 la violence&nbsp;li\u00e9e \u00e0 la guerre et \u00e0 l&rsquo;\u00e9gard de notre M\u00e8re Nature.<\/u><\/strong><\/h2>\n\n\n\n<p>Les probl\u00e8mes sont les m\u00eames partout vu la mondialisation que nous refusons! Non, l&rsquo;accumulation des richesses ne fait pas le bonheur de l&rsquo;humanit\u00e9. L&rsquo;argent c&rsquo;est comme le sang, il doit circuler pour \u00e9viter les caillots meurtriers. <\/p>\n\n\n\n<figure class=\"wp-block-embed is-type-video is-provider-youtube wp-block-embed-youtube wp-embed-aspect-4-3 wp-has-aspect-ratio\"><div class=\"wp-block-embed__wrapper\">\n<iframe loading=\"lazy\" title=\"Michael Jackson - Earth Song (Official Video)\" width=\"840\" height=\"630\" src=\"https:\/\/www.youtube.com\/embed\/XAi3VTSdTxU?feature=oembed\" frameborder=\"0\" allow=\"accelerometer; autoplay; clipboard-write; encrypted-media; gyroscope; picture-in-picture; web-share\" referrerpolicy=\"strict-origin-when-cross-origin\" allowfullscreen><\/iframe>\n<\/div><\/figure>\n\n\n\n<h2 class=\"wp-block-heading\"><strong><u>CONVERTISSONS-NOUS                                                     ou bien NOUS MOURRONS TOUS&nbsp;!<\/u><\/strong><\/h2>\n\n\n\n<p><strong><u>La &nbsp;folie humaine -dont le communisme- cause la mort de millions de personnes. J\u00e9sus pr\u00e9vient&nbsp;:<\/u><\/strong> <\/p>\n\n\n\n<blockquote class=\"wp-block-quote\">\n<p>\u2026 si vous ne vous convertissez pas, vous p\u00e9rirez tous de m\u00eame.&nbsp;\u00bb<strong>06<\/strong>&nbsp;J\u00e9sus disait encore cette parabole&nbsp;: \u00ab&nbsp;Quelqu\u2019un avait un figuier plant\u00e9 dans sa vigne. Il vint chercher du fruit sur ce figuier, et n\u2019en trouva pas.<strong>07<\/strong>&nbsp;Il dit alors \u00e0 son vigneron&nbsp;: \u201cVoil\u00e0 trois ans que je viens chercher du fruit sur ce figuier, et je n\u2019en trouve pas. Coupe-le. \u00c0 quoi bon le laisser \u00e9puiser le sol&nbsp;?\u201d<strong>08<\/strong>&nbsp;Mais le vigneron lui r\u00e9pondit&nbsp;: \u201cMa\u00eetre, laisse-le encore cette ann\u00e9e, le temps que je b\u00eache autour pour y mettre du fumier.<strong>09<\/strong>&nbsp;Peut-\u00eatre donnera-t-il du fruit \u00e0 l\u2019avenir. Sinon, tu le couperas.\u201d&nbsp;\u00bb<\/p>\n\n\n\n<p><a href=\"https:\/\/www.aelf.org\/bible\/Lc\/13\">https:\/\/www.aelf.org\/bible\/Lc\/13<\/a><\/p>\n<\/blockquote>\n\n\n\n<h2 class=\"wp-block-heading\"><strong><em>FRANCIS LALANNE et DIEUDO invitent les absent\u00e9istes \u00e0 voter en 2027 !<\/em><\/strong><\/h2>\n\n\n\n<p>Ils souhaitent vivement la confiance de ceux qui ne votaient pas jusque-l\u00e0. Qu&rsquo;ils leur  donnent leur voix lors des \u00e9lections pr\u00e9sidentielles de 2027!<\/p>\n\n\n\n<figure class=\"wp-block-image size-full\"><img decoding=\"async\" loading=\"lazy\" width=\"555\" height=\"402\" src=\"https:\/\/allez-yalla.com\/wp-content\/uploads\/2026\/09\/Capture-decran-2026-09-01-215132.png\" alt=\"\" class=\"wp-image-23780\" srcset=\"https:\/\/allez-yalla.com\/wp-content\/uploads\/2026\/09\/Capture-decran-2026-09-01-215132.png 555w, https:\/\/allez-yalla.com\/wp-content\/uploads\/2026\/09\/Capture-decran-2026-09-01-215132-300x217.png 300w\" sizes=\"(max-width: 555px) 85vw, 555px\" \/><\/figure>\n\n\n\n<h2 class=\"wp-block-heading\"><strong><u>L\u2019immigration non contr\u00f4l\u00e9e complique la situation de l\u2019Europe.<\/u><\/strong><\/h2>\n\n\n\n<p>Vincent Lapierre demande \u00e0 des Marocains&nbsp;: \u00ab&nbsp;Au lieu d\u2019essayer de trouver une meilleure vie en Europe,&nbsp; vous n\u2019essayez pas d\u2019am\u00e9liorer votre pays, le Maroc&nbsp;?&nbsp;\u00bb<\/p>\n\n\n\n<figure class=\"wp-block-embed is-type-video is-provider-youtube wp-block-embed-youtube wp-embed-aspect-16-9 wp-has-aspect-ratio\"><div class=\"wp-block-embed__wrapper\">\n<iframe loading=\"lazy\" title=\"CEUTA : LA PLAGE DU CHAOS (immersion)\" width=\"840\" height=\"473\" src=\"https:\/\/www.youtube.com\/embed\/qh8uqnE8NJI?feature=oembed\" frameborder=\"0\" allow=\"accelerometer; autoplay; clipboard-write; encrypted-media; gyroscope; picture-in-picture; web-share\" referrerpolicy=\"strict-origin-when-cross-origin\" allowfullscreen><\/iframe>\n<\/div><\/figure>\n\n\n\n<figure class=\"wp-block-image size-full\"><img decoding=\"async\" loading=\"lazy\" width=\"802\" height=\"182\" src=\"https:\/\/allez-yalla.com\/wp-content\/uploads\/2026\/09\/Capture-decran-2026-08-31-203954.png\" alt=\"\" class=\"wp-image-23775\" srcset=\"https:\/\/allez-yalla.com\/wp-content\/uploads\/2026\/09\/Capture-decran-2026-08-31-203954.png 802w, https:\/\/allez-yalla.com\/wp-content\/uploads\/2026\/09\/Capture-decran-2026-08-31-203954-300x68.png 300w, https:\/\/allez-yalla.com\/wp-content\/uploads\/2026\/09\/Capture-decran-2026-08-31-203954-768x174.png 768w\" sizes=\"(max-width: 709px) 85vw, (max-width: 909px) 67vw, (max-width: 984px) 61vw, (max-width: 1362px) 45vw, 600px\" \/><\/figure>\n\n\n\n<h2 class=\"wp-block-heading\"><strong><u>Eviter l\u2019\u00e9migration \u00e9conomique, c\u2019est possible.<\/u><\/strong><\/h2>\n\n\n\n<p><strong><u><em>La preuve \u00e0 Madagascar avec p\u00e8re Pedro.<\/em><\/u><\/strong> <\/p>\n\n\n\n<figure class=\"wp-block-embed is-type-video is-provider-youtube wp-block-embed-youtube wp-embed-aspect-16-9 wp-has-aspect-ratio\"><div class=\"wp-block-embed__wrapper\">\n<iframe loading=\"lazy\" title=\"[INTERVIEW] P\u00e8re Pedro : \u00ab R\u00e9sister, c\u2019est \u00eatre artisan de paix \u00bb\" width=\"840\" height=\"473\" src=\"https:\/\/www.youtube.com\/embed\/36Z6wi7lvfI?feature=oembed\" frameborder=\"0\" allow=\"accelerometer; autoplay; clipboard-write; encrypted-media; gyroscope; picture-in-picture; web-share\" referrerpolicy=\"strict-origin-when-cross-origin\" allowfullscreen><\/iframe>\n<\/div><\/figure>\n\n\n\n<figure class=\"wp-block-embed is-type-video is-provider-youtube wp-block-embed-youtube wp-embed-aspect-16-9 wp-has-aspect-ratio\"><div class=\"wp-block-embed__wrapper\">\n<iframe loading=\"lazy\" title=\"\u26ea P\u00e8re Pedro : une vie d\u00e9di\u00e9e aux plus pauvres\" width=\"840\" height=\"473\" src=\"https:\/\/www.youtube.com\/embed\/kiJBsY8Z7ds?feature=oembed\" frameborder=\"0\" allow=\"accelerometer; autoplay; clipboard-write; encrypted-media; gyroscope; picture-in-picture; web-share\" referrerpolicy=\"strict-origin-when-cross-origin\" allowfullscreen><\/iframe>\n<\/div><\/figure>\n\n\n\n<h2 class=\"wp-block-heading\"><strong><u>Une id\u00e9e pour l\u2019accueil des migrants&nbsp;: en accueillir dans nos maisons.&nbsp;<\/u><\/strong><\/h2>\n\n\n\n<blockquote class=\"wp-block-quote\">\n<p><em>Accueillons, comme nous aimerions \u00eatre accueillis.<\/em><\/p>\n<\/blockquote>\n\n\n\n<p>C\u2019est possible, c\u2019est profond\u00e9ment humain. Nous le faisons, mon mari et moi, ainsi que l\u2019Evangile nous y invite&nbsp;:<\/p>\n\n\n\n<blockquote class=\"wp-block-quote\">\n<p>J&rsquo;\u00e9tais &nbsp;un &nbsp;\u00e9tranger, &nbsp;et &nbsp;vous &nbsp;m&rsquo;avez &nbsp;accueilli (Matthieu &nbsp;25, &nbsp;34). &nbsp;<\/p>\n\n\n\n<p><a href=\"https:\/\/www.cathobel.be\/wp-content\/uploads\/2017\/11\/2017-11-Declaration-sur-les-migrants-def.pdf\">https:\/\/www.cathobel.be\/wp-content\/uploads\/2017\/11\/2017-11-Declaration-sur-les-migrants-def.pdf<\/a><\/p>\n<\/blockquote>\n\n\n\n<h2 class=\"wp-block-heading\"><strong><u>Comment ne pas accueillir des chr\u00e9tiens pers\u00e9cut\u00e9s pour leur foi&nbsp;?<\/u><\/strong><\/h2>\n\n\n\n<figure class=\"wp-block-embed is-type-video is-provider-youtube wp-block-embed-youtube wp-embed-aspect-9-16 wp-has-aspect-ratio\"><div class=\"wp-block-embed__wrapper\">\n<iframe loading=\"lazy\" title=\"12 chr\u00e9tiens tu\u00e9s par jour en Afrique subsaharienne\" width=\"563\" height=\"1000\" src=\"https:\/\/www.youtube.com\/embed\/w0iSUjrFLi4?feature=oembed\" frameborder=\"0\" allow=\"accelerometer; autoplay; clipboard-write; encrypted-media; gyroscope; picture-in-picture; web-share\" referrerpolicy=\"strict-origin-when-cross-origin\" allowfullscreen><\/iframe>\n<\/div><\/figure>\n\n\n\n<h2 class=\"wp-block-heading\"><strong><u>Mgr Robert Sarah&nbsp;:&nbsp;<\/u><\/strong><br><strong><u>\u00ab&nbsp;Si elle continue dans ce sens, l&rsquo;Europe n&rsquo;a pas d&rsquo;avenir&nbsp;\u00bb<\/u><\/strong><\/h2>\n\n\n\n<p>Cardinal Robert Sarah souhaite que chacun conserve ses racines, son h\u00e9ritage et le transmette \u00e0 ses enfants. Il est d\u00e9sol\u00e9 de voir que les jeunes Africains quittent leur pays au risque de mourir en mer au lieu de consacrer leur \u00e9nergie \u00e0 relever leur pays. D\u00e9sol\u00e9 de voir les Europ\u00e9ens laisser mourir leurs racines chr\u00e9tiennes qui ont fa\u00e7onn\u00e9 la Ligue de Droit humains. \u2026<\/p>\n\n\n\n<figure class=\"wp-block-embed is-type-video is-provider-youtube wp-block-embed-youtube wp-embed-aspect-16-9 wp-has-aspect-ratio\"><div class=\"wp-block-embed__wrapper\">\n<iframe loading=\"lazy\" title=\"\u00ab\u00a0Si elle continue dans ce sens, l&#039;Europe n&#039;a pas d&#039;avenir\u00a0\u00bb (Cardinal Robert Sarah)\" width=\"840\" height=\"473\" src=\"https:\/\/www.youtube.com\/embed\/wbwq2gBfQJU?start=67&#038;feature=oembed\" frameborder=\"0\" allow=\"accelerometer; autoplay; clipboard-write; encrypted-media; gyroscope; picture-in-picture; web-share\" referrerpolicy=\"strict-origin-when-cross-origin\" allowfullscreen><\/iframe>\n<\/div><\/figure>\n\n\n\n<h2 class=\"wp-block-heading\"><strong><u>Dieu a des projets pour nous sauver. Comme au temps de Jeanne d\u2019Arc, il choisit les petits.&nbsp;<\/u><\/strong><\/h2>\n\n\n\n<figure class=\"wp-block-embed is-type-video is-provider-youtube wp-block-embed-youtube wp-embed-aspect-9-16 wp-has-aspect-ratio\"><div class=\"wp-block-embed__wrapper\">\n<iframe loading=\"lazy\" title=\"\u2694\ufe0f \u00c0 17 ans, Jeanne d\u2019Arc renverse le cours de l\u2019Histoire.\" width=\"563\" height=\"1000\" src=\"https:\/\/www.youtube.com\/embed\/CW1_yXbZMv8?feature=oembed\" frameborder=\"0\" allow=\"accelerometer; autoplay; clipboard-write; encrypted-media; gyroscope; picture-in-picture; web-share\" referrerpolicy=\"strict-origin-when-cross-origin\" allowfullscreen><\/iframe>\n<\/div><\/figure>\n\n\n\n<p><em>Et si l&rsquo;histoire de Jeanne d&rsquo;Arc \u00e9tait encore plus incroyable que la l\u00e9gende ? Dans cette enqu\u00eate historique captivante, nous replongeons dans les archives, les proc\u00e8s, les t\u00e9moignages et les faits pour explorer l&rsquo;une des figures les plus fascinantes de l&rsquo;histoire de France.<\/em><\/p>\n\n\n\n<figure class=\"wp-block-embed is-type-video is-provider-youtube wp-block-embed-youtube wp-embed-aspect-16-9 wp-has-aspect-ratio\"><div class=\"wp-block-embed__wrapper\">\n<iframe loading=\"lazy\" title=\"Jeanne d&#039;Arc : le plus grand myst\u00e8re de l&#039;Histoire de France\" width=\"840\" height=\"473\" src=\"https:\/\/www.youtube.com\/embed\/WYNvlWNvwQY?feature=oembed\" frameborder=\"0\" allow=\"accelerometer; autoplay; clipboard-write; encrypted-media; gyroscope; picture-in-picture; web-share\" referrerpolicy=\"strict-origin-when-cross-origin\" allowfullscreen><\/iframe>\n<\/div><\/figure>\n\n\n\n<h2 class=\"wp-block-heading\"><em>L\u2019abb\u00e9 Raffray insiste: Fran\u00e7ais, r\u00e9veillez-vous! <\/em><\/h2>\n\n\n\n<figure class=\"wp-block-embed is-type-video is-provider-youtube wp-block-embed-youtube wp-embed-aspect-9-16 wp-has-aspect-ratio\"><div class=\"wp-block-embed__wrapper\">\n<iframe loading=\"lazy\" title=\"\u271d\ufe0f L\u2019Abb\u00e9 Raffray appelle les Fran\u00e7ais \u00e0 se r\u00e9veiller ! France Catholique \ud83d\ude4f #France #Catholique\" width=\"563\" height=\"1000\" src=\"https:\/\/www.youtube.com\/embed\/RUcNLvfBWBI?feature=oembed\" frameborder=\"0\" allow=\"accelerometer; autoplay; clipboard-write; encrypted-media; gyroscope; picture-in-picture; web-share\" referrerpolicy=\"strict-origin-when-cross-origin\" allowfullscreen><\/iframe>\n<\/div><\/figure>\n\n\n\n<figure class=\"wp-block-embed is-type-video is-provider-youtube wp-block-embed-youtube wp-embed-aspect-9-16 wp-has-aspect-ratio\"><div class=\"wp-block-embed__wrapper\">\n<iframe loading=\"lazy\" title=\"Ce ministre Italien fait la morale \u00e0 Macron sur la chr\u00e9tient\u00e9 ! #france #chr\u00e9tien #chr\u00e9tiens\" width=\"563\" height=\"1000\" src=\"https:\/\/www.youtube.com\/embed\/Ei89XpYyqV8?feature=oembed\" frameborder=\"0\" allow=\"accelerometer; autoplay; clipboard-write; encrypted-media; gyroscope; picture-in-picture; web-share\" referrerpolicy=\"strict-origin-when-cross-origin\" allowfullscreen><\/iframe>\n<\/div><\/figure>\n\n\n\n<h2 class=\"wp-block-heading\"><strong><u>Donner sa vie, porter sa croix&nbsp;: J\u00e9sus-Christ nous y appelle TOUS.<\/u><\/strong><\/h2>\n\n\n\n<figure class=\"wp-block-pullquote\"><blockquote><p>&nbsp;&nbsp;&nbsp; Alors J\u00e9sus dit \u00e0 ses disciples&nbsp;:<br>\u00ab&nbsp;Si quelqu\u2019un veut marcher \u00e0 ma suite,<br>qu\u2019il renonce \u00e0 lui-m\u00eame,<br>qu\u2019il prenne sa croix<br>et qu\u2019il me suive.<br>&nbsp;&nbsp; &nbsp;Car celui qui veut sauver sa vie<br>la perdra,<br>mais qui perd sa vie \u00e0 cause de moi<br>la trouvera.<br><a href=\"https:\/\/www.aelf.org\/2026-08-30\/romain\/messe\">https:\/\/www.aelf.org\/2026-08-30\/romain\/messe<\/a><\/p><\/blockquote><\/figure>\n\n\n\n<figure class=\"wp-block-embed is-type-video is-provider-youtube wp-block-embed-youtube wp-embed-aspect-4-3 wp-has-aspect-ratio\"><div class=\"wp-block-embed__wrapper\">\n<iframe loading=\"lazy\" title=\"Un berger vient de tomber\" width=\"840\" height=\"630\" src=\"https:\/\/www.youtube.com\/embed\/pYjZdK8e07g?feature=oembed\" frameborder=\"0\" allow=\"accelerometer; autoplay; clipboard-write; encrypted-media; gyroscope; picture-in-picture; web-share\" referrerpolicy=\"strict-origin-when-cross-origin\" allowfullscreen><\/iframe>\n<\/div><\/figure>\n\n\n\n<figure class=\"wp-block-embed is-type-video is-provider-youtube wp-block-embed-youtube wp-embed-aspect-16-9 wp-has-aspect-ratio\"><div class=\"wp-block-embed__wrapper\">\n<iframe loading=\"lazy\" title=\"Si nous nous aimons\" width=\"840\" height=\"473\" src=\"https:\/\/www.youtube.com\/embed\/77_bEKKzBxA?feature=oembed\" frameborder=\"0\" allow=\"accelerometer; autoplay; clipboard-write; encrypted-media; gyroscope; picture-in-picture; web-share\" referrerpolicy=\"strict-origin-when-cross-origin\" allowfullscreen><\/iframe>\n<\/div><\/figure>\n\n\n\n<figure class=\"wp-block-image size-full\"><img decoding=\"async\" loading=\"lazy\" width=\"687\" height=\"475\" src=\"https:\/\/allez-yalla.com\/wp-content\/uploads\/2026\/09\/Capture-decran-2026-09-01-134248.png\" alt=\"\" class=\"wp-image-23771\" srcset=\"https:\/\/allez-yalla.com\/wp-content\/uploads\/2026\/09\/Capture-decran-2026-09-01-134248.png 687w, https:\/\/allez-yalla.com\/wp-content\/uploads\/2026\/09\/Capture-decran-2026-09-01-134248-300x207.png 300w\" sizes=\"(max-width: 709px) 85vw, (max-width: 909px) 67vw, (max-width: 984px) 61vw, (max-width: 1362px) 45vw, 600px\" \/><\/figure>\n","protected":false},"excerpt":{"rendered":"<p>Abstentionniste : L&rsquo;\u00e9lecteur qui ne vote pas. Vous \u00eates d\u00e9go\u00fbt\u00e9s de la politique et vous ne votez plus. Votre ras-le-bol est compr\u00e9hensible, mais \u2026 \u00ab&nbsp;En politique, si tous les d\u00e9gout\u00e9s s\u2019en vont, il ne reste plus que les d\u00e9goutants.&nbsp;\u00bb \u00ab&nbsp;Le pronostic vital de la France est engag\u00e9.&nbsp;\u00bb&nbsp; &nbsp;Philippe de Villiers A son \u00e2ge, Philippe De &hellip; <a href=\"https:\/\/allez-yalla.com\/index.php\/2026\/09\/01\/a-lattention-des-abstentionnistes\/\" class=\"more-link\">Continuer la lecture<span class=\"screen-reader-text\"> de &laquo;&nbsp;A l&rsquo;attention des ABSTENTIONNISTES.&nbsp;&raquo;<\/span><\/a><\/p>\n","protected":false},"author":1,"featured_media":0,"comment_status":"closed","ping_status":"closed","sticky":false,"template":"","format":"standard","meta":{"footnotes":""},"categories":[907,1218,487,1519,479,387,1385,233,204],"tags":[1087,1518,1516,1131,1517,1227,1515,757,536],"_links":{"self":[{"href":"https:\/\/allez-yalla.com\/index.php\/wp-json\/wp\/v2\/posts\/23757"}],"collection":[{"href":"https:\/\/allez-yalla.com\/index.php\/wp-json\/wp\/v2\/posts"}],"about":[{"href":"https:\/\/allez-yalla.com\/index.php\/wp-json\/wp\/v2\/types\/post"}],"author":[{"embeddable":true,"href":"https:\/\/allez-yalla.com\/index.php\/wp-json\/wp\/v2\/users\/1"}],"replies":[{"embeddable":true,"href":"https:\/\/allez-yalla.com\/index.php\/wp-json\/wp\/v2\/comments?post=23757"}],"version-history":[{"count":14,"href":"https:\/\/allez-yalla.com\/index.php\/wp-json\/wp\/v2\/posts\/23757\/revisions"}],"predecessor-version":[{"id":23781,"href":"https:\/\/allez-yalla.com\/index.php\/wp-json\/wp\/v2\/posts\/23757\/revisions\/23781"}],"wp:attachment":[{"href":"https:\/\/allez-yalla.com\/index.php\/wp-json\/wp\/v2\/media?parent=23757"}],"wp:term":[{"taxonomy":"category","embeddable":true,"href":"https:\/\/allez-yalla.com\/index.php\/wp-json\/wp\/v2\/categories?post=23757"},{"taxonomy":"post_tag","embeddable":true,"href":"https:\/\/allez-yalla.com\/index.php\/wp-json\/wp\/v2\/tags?post=23757"}],"curies":[{"name":"wp","href":"https:\/\/api.w.org\/{rel}","templated":true}]}}