{"id":23586,"date":"2026-08-13T04:37:40","date_gmt":"2026-08-13T02:37:40","guid":{"rendered":"https:\/\/allez-yalla.com\/?p=23586"},"modified":"2026-08-30T16:52:13","modified_gmt":"2026-08-30T14:52:13","slug":"si-le-seigneur-ne-batit-la-maison-les-batisseurs-travaillent-en-vain-psaume-126-1","status":"publish","type":"post","link":"https:\/\/allez-yalla.com\/index.php\/2026\/08\/13\/si-le-seigneur-ne-batit-la-maison-les-batisseurs-travaillent-en-vain-psaume-126-1\/","title":{"rendered":"\u00ab\u00a0Si le Seigneur ne b\u00e2tit pas la maison, les b\u00e2tisseurs travaillent en vain\u00a0\u00bb &#8212;   Nouvelle \u00e9glise \u00e0 Villers-la-Tour."},"content":{"rendered":"\n<p>Les chr\u00e9tiens ont construit de grandes \u00e9glises, des cath\u00e9drales. Elles sont souvent magnifiques et aident l\u2019\u00e2me \u00e0 s\u2019\u00e9lever vers Dieu, \u00e0 adorer Celui qui est trois fois Saint! <\/p>\n\n\n\n<p>Aujourd\u2019hui, l\u2019Eglise compte moins d\u2019ouvriers \u00e0 la moisson des \u00e2mes et il n\u2019est plus n\u00e9cessaire d\u2019occuper de tels \u00e9difices, sauf lors de grands \u00e9v\u00e8nements. Des chr\u00e9tiens r\u00e9habilitent de simples chapelles o\u00f9 il fait bon prier. Ils se r\u00e9unissent de plus en plus en maisonn\u00e9es.<\/p>\n\n\n\n<figure class=\"wp-block-image size-full\"><img decoding=\"async\" loading=\"lazy\" width=\"640\" height=\"480\" src=\"https:\/\/allez-yalla.com\/wp-content\/uploads\/2026\/08\/Virelles.jpg\" alt=\"\" class=\"wp-image-23587\" srcset=\"https:\/\/allez-yalla.com\/wp-content\/uploads\/2026\/08\/Virelles.jpg 640w, https:\/\/allez-yalla.com\/wp-content\/uploads\/2026\/08\/Virelles-300x225.jpg 300w\" sizes=\"(max-width: 709px) 85vw, (max-width: 909px) 67vw, (max-width: 984px) 61vw, (max-width: 1362px) 45vw, 600px\" \/><\/figure>\n\n\n\n<p><\/p>\n\n\n\n<p>Au si\u00e8cle dernier, l\u2019ancienne \u00e9glise de Villers-la-Tour (Hainaut) risquait de s\u2019\u00e9crouler. Le cur\u00e9 de la paroisse et de nombreux ouvriers volontaires ont d\u00e9cid\u00e9 de ne plus l\u2019occuper car les frais pour la r\u00e9parer \u00e9taient trop \u00e9lev\u00e9s et ils unirent leurs forces pour construire une chapelle. Cette chapelle deviendra une \u00e9glise plus petite, plus humble, que la pr\u00e9c\u00e9dente, mais \u2026. <em>\u00ab&nbsp;On s\u2019y sent bien, tr\u00e8s bien.&nbsp;\u00bb<\/em><\/p>\n\n\n\n<p>C\u2019est l\u2019abb\u00e9 Victor Taeck qui mit sa communaut\u00e9 paroissiale en mouvement et en 1976, l\u2019\u00e9glise \u00e9tait inaugur\u00e9e en pr\u00e9sence de l\u2019\u00e9v\u00eaque. &nbsp;<\/p>\n\n\n\n<figure class=\"wp-block-image size-full\"><img decoding=\"async\" loading=\"lazy\" width=\"640\" height=\"480\" src=\"https:\/\/allez-yalla.com\/wp-content\/uploads\/2026\/08\/Eglise-en-construction.jpg\" alt=\"\" class=\"wp-image-23588\" srcset=\"https:\/\/allez-yalla.com\/wp-content\/uploads\/2026\/08\/Eglise-en-construction.jpg 640w, https:\/\/allez-yalla.com\/wp-content\/uploads\/2026\/08\/Eglise-en-construction-300x225.jpg 300w\" sizes=\"(max-width: 709px) 85vw, (max-width: 909px) 67vw, (max-width: 984px) 61vw, (max-width: 1362px) 45vw, 600px\" \/><\/figure>\n\n\n\n<p><\/p>\n\n\n\n<p>Voici un extrait de sa lettre d\u2019invitation \u00e0 cet \u00e9v\u00e9nement.<\/p>\n\n\n\n<figure class=\"wp-block-pullquote\"><blockquote><p><em>Depuis bient\u00f4t deux ans, des volontaires sont venus travailler \u00e0 un b\u00e2timent qui n\u2019avait rien \u00e0 voir avec leurs int\u00e9r\u00eats personnels.<\/em><br><em>Et j\u2019ai pu constater que le plus souvent ces volontaires \u00e9taient aussi heureux, sinon plus heureux qu\u2019\u00e0 une ducasse.<\/em><br><em>Je trouve que l\u2019exp\u00e9rience vaut la chandelle.<\/em><br><em>Depuis quand dit-on&nbsp;: \u00ab&nbsp;On ne trouve plus maintenant des personnes qui veulent travailler pour rien.&nbsp;\u00bb&nbsp;?<\/em><br><br><em>J\u2019ai fait la preuve par \u00ab&nbsp;9&nbsp;\u00bb qu\u2019une certaine forme de travail restait possible et rendait heureux. Plusieurs, sur les 50 personnes qui ont travaill\u00e9 sur place (presque autant ont travaill\u00e9 chez elles) seraient d\u2019accord de faire autre chose par la suite.<\/em><br><br><em>Beaucoup de personnes d\u00e9j\u00e0 sont venues visiter ce sanctuaire et certaines ont dit en s\u2019adressant \u00e0 ceux qui travaillaient&nbsp;:&nbsp;\u00ab&nbsp;On ne pourrait pas faire cela partout.&nbsp;\u00bb Eux de r\u00e9pondre&nbsp;:&nbsp;\u00ab&nbsp;Cela d\u00e9pend du dynamisme du cur\u00e9&nbsp;!&nbsp;\u00bb<\/em><br><em>Je regrette d\u2019affirmer bien haut que cela est faux. Et j\u2019affirme encore que ce genre de travail gratuit peut se faire partout et que cela ne d\u00e9pend pas du dynamisme du cur\u00e9 mais bien de certaines personnes pr\u00e9sentes.&nbsp;\u00bb Il y a \u00e0 Villers-la-Tour et \u00e0 Monceau-Imbrechies, je sais de quoi j parle (chacun son m\u00e9tier), des personnes qui tendent vers la saintet\u00e9 et c\u2019est gr\u00e2ce \u00e0 ces personnes, partout dans le monde, que des choses avancent, petitement, mais avancent.<\/em><br><br><em>Combien de fois j\u2019ai r\u00e9p\u00e9t\u00e9 \u00e0 ceux qui viennent \u00e0 l\u2019\u00e9glise, la parole de J\u00e9sus&nbsp;: \u00ab&nbsp;Cherchez d\u2019abord le Royaume de Dieu et le reste vous sera donn\u00e9 par surcro\u00eet \u2026&nbsp;\u00bb et il y a ici et l\u00e0 des personnes qui prennent cela tr\u00e8s au s\u00e9rieux parce que c\u2019est la parole de Dieu.<\/em><br><em>C\u2019est le jour de la f\u00eate de notre paroisse que je vous \u00e9cris ce mot et ce jour-l\u00e0, nous lisons dans l\u2019Evangile&nbsp;:&nbsp;\u00ab&nbsp;Rien n\u2019est impossible \u00e0 Dieu&nbsp;\u00bb et Dieu nous ob\u00e9ira si nous savons d\u2019abord faire ce qu\u2019il nous demande.<\/em><br><br><em>TOUS, je vous invite \u00e0 recevoir Mgr l\u2019Ev\u00eaque qui viendra b\u00e9nir le travail r\u00e9alis\u00e9. Vous y prierez pour que Dieu envoie des ouvriers \u00e0 la Moisson.<\/em><br><em>J\u2019y prierai moi-m\u00eame pour que le Ma\u00eetre de la Moisson nous accorde de retrouver un travail aim\u00e9, humain, \u00e9panouissant o\u00f9 l\u2019on est content de se retrouver ensemble.<\/em><br>Abb\u00e9 Victor TAECK, 23\/07\/76<\/p><cite>Paroisse Chimay-Momignies<\/cite><\/blockquote><\/figure>\n\n\n\n<p><\/p>\n\n\n\n<blockquote class=\"wp-block-quote\">\n<p><strong>02<\/strong>&nbsp;Il leur dit&nbsp;: \u00ab&nbsp;La moisson est abondante, mais les ouvriers sont peu nombreux. Priez donc le ma\u00eetre de la moisson d\u2019envoyer des ouvriers pour sa moisson.<\/p>\n\n\n\n<p><a href=\"https:\/\/www.aelf.org\/bible\/Lc\/10\">https:\/\/www.aelf.org\/bible\/Lc\/10<\/a><\/p>\n<\/blockquote>\n\n\n\n<p><\/p>\n\n\n\n<h2 class=\"wp-block-heading\"><strong><u>L\u2019Eglise Saint-G\u00e9ry est d\u00e9di\u00e9e \u00e0 la sainte Vierge.<\/u><\/strong><\/h2>\n\n\n\n<p>C\u2019est en la f\u00eate de Notre-Dame du Mont Carmel, pour qui il avait une&nbsp; grande d\u00e9votion que Victor Taecke devint pr\u00eatre. Cette \u00e9glise fut \u00e9rig\u00e9e pour y prier tout sp\u00e9cialement pour les vocations. Le chapelet y est pri\u00e9 particuli\u00e8rement \u00e0 cette intention.<\/p>\n\n\n\n<figure class=\"wp-block-image size-full\"><img decoding=\"async\" loading=\"lazy\" width=\"620\" height=\"551\" src=\"https:\/\/allez-yalla.com\/wp-content\/uploads\/2026\/08\/Capture-decran-2026-08-15-074549.png\" alt=\"\" class=\"wp-image-23623\" srcset=\"https:\/\/allez-yalla.com\/wp-content\/uploads\/2026\/08\/Capture-decran-2026-08-15-074549.png 620w, https:\/\/allez-yalla.com\/wp-content\/uploads\/2026\/08\/Capture-decran-2026-08-15-074549-300x267.png 300w\" sizes=\"(max-width: 709px) 85vw, (max-width: 909px) 67vw, (max-width: 984px) 61vw, (max-width: 1362px) 45vw, 600px\" \/><\/figure>\n\n\n\n<figure class=\"wp-block-embed is-type-wp-embed is-provider-diocese-de-tournai wp-block-embed-diocese-de-tournai\"><div class=\"wp-block-embed__wrapper\">\n<blockquote class=\"wp-embedded-content\" data-secret=\"4SGssguvjH\"><a href=\"https:\/\/diocese-tournai.be\/events\/villers-la-tour-50e-anniversaire-de-leglise\/\">Villers-la-Tour : 50e anniversaire de l&rsquo;\u00e9glise<\/a><\/blockquote><iframe class=\"wp-embedded-content\" sandbox=\"allow-scripts\" security=\"restricted\" style=\"position: absolute; clip: rect(1px, 1px, 1px, 1px);\" title=\"\u00ab\u00a0Villers-la-Tour : 50e anniversaire de l&rsquo;\u00e9glise\u00a0\u00bb &#8212; Dioc\u00e8se de Tournai\" src=\"https:\/\/diocese-tournai.be\/events\/villers-la-tour-50e-anniversaire-de-leglise\/embed\/#?secret=AYMV17JRUe#?secret=4SGssguvjH\" data-secret=\"4SGssguvjH\" width=\"600\" height=\"338\" frameborder=\"0\" marginwidth=\"0\" marginheight=\"0\" scrolling=\"no\"><\/iframe>\n<\/div><\/figure>\n\n\n\n<h2 class=\"wp-block-heading\"><strong><u>P\u00e8re, unis-nous tous.<\/u><\/strong><\/h2>\n\n\n\n<p><strong>Sans unit\u00e9, on n&rsquo;avance pas dans la r\u00e9alisation des plans de Dieu.                                    Puisse la pri\u00e8re de J\u00e9sus habiter notre c\u0153ur&nbsp;: &nbsp;\u00ab&nbsp;D\u00e9livre-nous du mal&nbsp;\u00bb, sp\u00e9cialement  du mal de la division.<\/strong><\/p>\n\n\n\n<p><strong><em>\u00ab&nbsp;Notre P\u00e8re, donne-nous notre pain de ce jour, pardonne-nous nos offenses comme nous pardonnons aussi \u2026&nbsp;\u00bb<\/em><\/strong><\/p>\n\n\n\n<figure class=\"wp-block-embed is-type-video is-provider-youtube wp-block-embed-youtube wp-embed-aspect-16-9 wp-has-aspect-ratio\"><div class=\"wp-block-embed__wrapper\">\n<iframe loading=\"lazy\" title=\"Demandons \u00e0 Dieu de quoi nous nourrir mais aussi le vif d\u00e9sir de l&#039;UNITE.\" width=\"840\" height=\"473\" src=\"https:\/\/www.youtube.com\/embed\/eiZvHND64kI?feature=oembed\" frameborder=\"0\" allow=\"accelerometer; autoplay; clipboard-write; encrypted-media; gyroscope; picture-in-picture; web-share\" referrerpolicy=\"strict-origin-when-cross-origin\" allowfullscreen><\/iframe>\n<\/div><\/figure>\n\n\n\n<figure class=\"wp-block-image size-large\"><img decoding=\"async\" loading=\"lazy\" width=\"1024\" height=\"727\" src=\"https:\/\/allez-yalla.com\/wp-content\/uploads\/2026\/08\/Capture-decran-2026-08-10-131930-1024x727.png\" alt=\"\" class=\"wp-image-23597\" srcset=\"https:\/\/allez-yalla.com\/wp-content\/uploads\/2026\/08\/Capture-decran-2026-08-10-131930-1024x727.png 1024w, https:\/\/allez-yalla.com\/wp-content\/uploads\/2026\/08\/Capture-decran-2026-08-10-131930-300x213.png 300w, https:\/\/allez-yalla.com\/wp-content\/uploads\/2026\/08\/Capture-decran-2026-08-10-131930-768x545.png 768w, https:\/\/allez-yalla.com\/wp-content\/uploads\/2026\/08\/Capture-decran-2026-08-10-131930.png 1171w\" sizes=\"(max-width: 709px) 85vw, (max-width: 909px) 67vw, (max-width: 1362px) 62vw, 840px\" \/><\/figure>\n\n\n\n\n\n<blockquote class=\"wp-block-quote\">\n<p>01&nbsp;Si le Seigneur ne b\u00e2tit la maison, les b\u00e2tisseurs travaillent en vain ; * si le Seigneur ne garde la ville, c&rsquo;est en vain que veillent les gardes.<\/p>\n\n\n\n<p>02&nbsp;En vain tu devances le jour, tu retardes le moment de ton repos, + tu manges un pain de douleur : * Dieu comble son bien-aim\u00e9 quand il dort.<\/p>\n\n\n\n<p>03&nbsp;Des fils, voil\u00e0 ce que donne le Seigneur, des enfants, la r\u00e9compense qu&rsquo;il accorde ; *<\/p>\n\n\n\n<p>04&nbsp;comme des fl\u00e8ches aux mains d&rsquo;un guerrier, ainsi les fils de la jeunesse.<\/p>\n\n\n\n<p>05&nbsp;Heureux l&rsquo;homme vaillant qui a garni son carquois de telles armes ! * S&rsquo;ils affrontent leurs ennemis sur la place, ils ne seront pas humili\u00e9s. <a href=\"https:\/\/www.aelf.org\/bible\/Ps\/126\">https:\/\/www.aelf.org\/bible\/Ps\/126<\/a><\/p>\n<\/blockquote>\n\n\n\n<h2 class=\"wp-block-heading\"><strong><u>A l\u2019occasion du 50 \u00e8me anniversaire de la d\u00e9dicace de cette \u00e9glise<\/u><\/strong><\/h2>\n\n\n\n<p>La communaut\u00e9 paroissiale s\u2019est rassembl\u00e9e autour de son \u00e9v\u00eaque et des repr\u00e9sentants communaux de Chimay et Momignies.<\/p>\n\n\n\n<p><strong><u><em>Mr. Tanguy Dardenne, bourgmestre de Chimay, se penche sur l\u2019histoire de l\u2019\u00e9glise de Villers-la-Tour.<\/em><\/u><\/strong><\/p>\n\n\n\n<figure class=\"wp-block-embed is-type-video is-provider-youtube wp-block-embed-youtube wp-embed-aspect-16-9 wp-has-aspect-ratio\"><div class=\"wp-block-embed__wrapper\">\n<iframe loading=\"lazy\" title=\"Bravo et merci mr. le Bourgmestre Tanguy Dardenne pour votre super beau message \u00e0 VILLERS laTOUR\" width=\"840\" height=\"473\" src=\"https:\/\/www.youtube.com\/embed\/Hhn04VL1aEs?feature=oembed\" frameborder=\"0\" allow=\"accelerometer; autoplay; clipboard-write; encrypted-media; gyroscope; picture-in-picture; web-share\" referrerpolicy=\"strict-origin-when-cross-origin\" allowfullscreen><\/iframe>\n<\/div><\/figure>\n\n\n\n<figure class=\"wp-block-image size-full\"><img decoding=\"async\" loading=\"lazy\" width=\"696\" height=\"902\" src=\"https:\/\/allez-yalla.com\/wp-content\/uploads\/2026\/08\/Capture-decran-2026-08-13-134740.png\" alt=\"\" class=\"wp-image-23617\" srcset=\"https:\/\/allez-yalla.com\/wp-content\/uploads\/2026\/08\/Capture-decran-2026-08-13-134740.png 696w, https:\/\/allez-yalla.com\/wp-content\/uploads\/2026\/08\/Capture-decran-2026-08-13-134740-231x300.png 231w\" sizes=\"(max-width: 709px) 85vw, (max-width: 909px) 67vw, (max-width: 984px) 61vw, (max-width: 1362px) 45vw, 600px\" \/><\/figure>\n\n\n\n<p><\/p>\n\n\n\n<figure class=\"wp-block-embed is-type-video is-provider-youtube wp-block-embed-youtube wp-embed-aspect-16-9 wp-has-aspect-ratio\"><div class=\"wp-block-embed__wrapper\">\n<iframe loading=\"lazy\" title=\"Mgr ROSSIGNOL Villers-la-Tour 50 ans de l&#039;\u00e9glise construite par les habitants et abb\u00e9 TAECK en t\u00eate\" width=\"840\" height=\"473\" src=\"https:\/\/www.youtube.com\/embed\/ZBetaUO-Abc?start=28&#038;feature=oembed\" frameborder=\"0\" allow=\"accelerometer; autoplay; clipboard-write; encrypted-media; gyroscope; picture-in-picture; web-share\" referrerpolicy=\"strict-origin-when-cross-origin\" allowfullscreen><\/iframe>\n<\/div><\/figure>\n\n\n\n<h2 class=\"wp-block-heading\"><strong><u>\u00ab\u00a0La pri\u00e8re est le lieu par excellence de la rencontre<\/u><\/strong>\u00a0\u00bb <\/h2>\n\n\n\n<p>Elle n\u2019est pas une discipline olympique.<\/p>\n\n\n\n<figure class=\"wp-block-embed is-type-video is-provider-youtube wp-block-embed-youtube wp-embed-aspect-16-9 wp-has-aspect-ratio\"><div class=\"wp-block-embed__wrapper\">\n<iframe loading=\"lazy\" title=\"320. Faire l&#039;exp\u00e9rience de la pri\u00e8re \/ Mgr Andr\u00e9 Dupuy - 9 ao\u00fbt 2026\" width=\"840\" height=\"473\" src=\"https:\/\/www.youtube.com\/embed\/KFe68Iy7JHQ?feature=oembed\" frameborder=\"0\" allow=\"accelerometer; autoplay; clipboard-write; encrypted-media; gyroscope; picture-in-picture; web-share\" referrerpolicy=\"strict-origin-when-cross-origin\" allowfullscreen><\/iframe>\n<\/div><\/figure>\n\n\n\n<figure class=\"wp-block-pullquote\"><blockquote><p><strong>28<\/strong>&nbsp;Nous le savons, quand les hommes aiment Dieu, lui-m\u00eame fait tout contribuer \u00e0 leur bien, puisqu&rsquo;ils sont appel\u00e9s selon le dessein de son amour.<br>&#8230;<br><strong>31<\/strong>&nbsp;Que dire de plus&nbsp;? Si Dieu est pour nous, qui sera contre nous&nbsp;?<br><strong>32<\/strong>&nbsp;Il n\u2019a pas \u00e9pargn\u00e9 son propre Fils, mais il l\u2019a livr\u00e9 pour nous tous&nbsp;: comment pourrait-il, avec lui, ne pas nous donner tout&nbsp;?<\/p><cite><a href=\"https:\/\/www.aelf.org\/bible\/rm\/8\">https:\/\/www.aelf.org\/bible\/rm\/8<\/a><\/cite><\/blockquote><\/figure>\n\n\n\n<h2 class=\"wp-block-heading\"><strong><u>Aujourd\u2019hui, n\u2019ayons pas peur d\u2019\u00eatre petits et humbles face \u00e0 un islam conqu\u00e9rant.<\/u><\/strong><\/h2>\n\n\n\n<p><strong>Tous les extr\u00eames sont \u00e0 \u00e9viter mais il y a du bon partout. Demandons le discernement&nbsp;!<\/strong><\/p>\n\n\n\n<p>Marie Vindigni&nbsp;&nbsp;&nbsp; <a href=\"https:\/\/www.youtube.com\/shorts\/MdkdIqnoYtA\">https:\/\/www.youtube.com\/shorts\/MdkdIqnoYtA<\/a><\/p>\n\n\n\n<figure class=\"wp-block-embed is-type-video is-provider-youtube wp-block-embed-youtube wp-embed-aspect-9-16 wp-has-aspect-ratio\"><div class=\"wp-block-embed__wrapper\">\n<iframe loading=\"lazy\" title=\"L&#039;ISLAM : UN PHARE SPIRITUEL POUR LA FRANCE ?\" width=\"563\" height=\"1000\" src=\"https:\/\/www.youtube.com\/embed\/MdkdIqnoYtA?feature=oembed\" frameborder=\"0\" allow=\"accelerometer; autoplay; clipboard-write; encrypted-media; gyroscope; picture-in-picture; web-share\" referrerpolicy=\"strict-origin-when-cross-origin\" allowfullscreen><\/iframe>\n<\/div><\/figure>\n\n\n\n<h2 class=\"wp-block-heading\"><strong><u>Cantiques, cat\u00e9ch\u00e8se et chapelet.<\/u><\/strong><\/h2>\n\n\n\n<figure class=\"wp-block-embed is-type-video is-provider-youtube wp-block-embed-youtube wp-embed-aspect-16-9 wp-has-aspect-ratio\"><div class=\"wp-block-embed__wrapper\">\n<iframe loading=\"lazy\" title=\"SAINT le SEIGNEUR, ROI de l&#039;univers. A Villers la Tour\" width=\"840\" height=\"473\" src=\"https:\/\/www.youtube.com\/embed\/e0YeG7lUfUo?feature=oembed\" frameborder=\"0\" allow=\"accelerometer; autoplay; clipboard-write; encrypted-media; gyroscope; picture-in-picture; web-share\" referrerpolicy=\"strict-origin-when-cross-origin\" allowfullscreen><\/iframe>\n<\/div><\/figure>\n\n\n\n<figure class=\"wp-block-embed is-type-video is-provider-youtube wp-block-embed-youtube wp-embed-aspect-16-9 wp-has-aspect-ratio\"><div class=\"wp-block-embed__wrapper\">\n<iframe loading=\"lazy\" title=\"Construite par des b\u00e9n\u00e9voles, l&#039;\u00e9glise de Villers-la-Tour f\u00eate ses 50 ans. CHANT: TOUT EST ACCOMPLI\" width=\"840\" height=\"473\" src=\"https:\/\/www.youtube.com\/embed\/f0vt4DDfUcM?start=40&#038;feature=oembed\" frameborder=\"0\" allow=\"accelerometer; autoplay; clipboard-write; encrypted-media; gyroscope; picture-in-picture; web-share\" referrerpolicy=\"strict-origin-when-cross-origin\" allowfullscreen><\/iframe>\n<\/div><figcaption class=\"wp-element-caption\"><br><strong>Be Witness &#8211; Tout est accompli<\/strong><\/figcaption><\/figure>\n\n\n\n<figure class=\"wp-block-embed is-type-video is-provider-youtube wp-block-embed-youtube wp-embed-aspect-16-9 wp-has-aspect-ratio\"><div class=\"wp-block-embed__wrapper\">\n<iframe loading=\"lazy\" title=\"&quot;Regarde dans les yeux de ton voisin et donne-lui la joie de Dieu.&quot; Chant\" width=\"840\" height=\"473\" src=\"https:\/\/www.youtube.com\/embed\/Uh5GbLGMbrQ?start=2&#038;feature=oembed\" frameborder=\"0\" allow=\"accelerometer; autoplay; clipboard-write; encrypted-media; gyroscope; picture-in-picture; web-share\" referrerpolicy=\"strict-origin-when-cross-origin\" allowfullscreen><\/iframe>\n<\/div><\/figure>\n\n\n\n<figure class=\"wp-block-embed is-type-video is-provider-youtube wp-block-embed-youtube wp-embed-aspect-16-9 wp-has-aspect-ratio\"><div class=\"wp-block-embed__wrapper\">\n<iframe loading=\"lazy\" title=\"Chapelet du 9 ao\u00fbt 2026 \u00e0 Lourdes\" width=\"840\" height=\"473\" src=\"https:\/\/www.youtube.com\/embed\/1X87AXKVK6k?start=1424&#038;feature=oembed\" frameborder=\"0\" allow=\"accelerometer; autoplay; clipboard-write; encrypted-media; gyroscope; picture-in-picture; web-share\" referrerpolicy=\"strict-origin-when-cross-origin\" allowfullscreen><\/iframe>\n<\/div><\/figure>\n\n\n\n<figure class=\"wp-block-image size-large\"><img decoding=\"async\" loading=\"lazy\" width=\"1024\" height=\"645\" src=\"https:\/\/allez-yalla.com\/wp-content\/uploads\/2026\/08\/Capture-decran-2026-08-12-115116-1024x645.png\" alt=\"\" class=\"wp-image-23589\" srcset=\"https:\/\/allez-yalla.com\/wp-content\/uploads\/2026\/08\/Capture-decran-2026-08-12-115116-1024x645.png 1024w, https:\/\/allez-yalla.com\/wp-content\/uploads\/2026\/08\/Capture-decran-2026-08-12-115116-300x189.png 300w, https:\/\/allez-yalla.com\/wp-content\/uploads\/2026\/08\/Capture-decran-2026-08-12-115116-768x483.png 768w, https:\/\/allez-yalla.com\/wp-content\/uploads\/2026\/08\/Capture-decran-2026-08-12-115116-1200x755.png 1200w, https:\/\/allez-yalla.com\/wp-content\/uploads\/2026\/08\/Capture-decran-2026-08-12-115116.png 1414w\" sizes=\"(max-width: 709px) 85vw, (max-width: 909px) 67vw, (max-width: 1362px) 62vw, 840px\" \/><\/figure>\n\n\n\n<p><em>photo Tanguy Dardenne.<\/em><\/p>\n\n\n\n<p>NB\u00a0: Le lendemain de la c\u00e9l\u00e9bration, une dame remerciait vivement l\u2019abb\u00e9 Apollinaire Bounkasi pour cet \u00e9v\u00e9nement\u00a0:<em> \u00ab\u00a0On sentait vraiment la fraternit\u00e9.\u00a0\u00bb<\/em> <\/p>\n","protected":false},"excerpt":{"rendered":"<p>Les chr\u00e9tiens ont construit de grandes \u00e9glises, des cath\u00e9drales. Elles sont souvent magnifiques et aident l\u2019\u00e2me \u00e0 s\u2019\u00e9lever vers Dieu, \u00e0 adorer Celui qui est trois fois Saint! Aujourd\u2019hui, l\u2019Eglise compte moins d\u2019ouvriers \u00e0 la moisson des \u00e2mes et il n\u2019est plus n\u00e9cessaire d\u2019occuper de tels \u00e9difices, sauf lors de grands \u00e9v\u00e8nements. Des chr\u00e9tiens r\u00e9habilitent &hellip; <a href=\"https:\/\/allez-yalla.com\/index.php\/2026\/08\/13\/si-le-seigneur-ne-batit-la-maison-les-batisseurs-travaillent-en-vain-psaume-126-1\/\" class=\"more-link\">Continuer la lecture<span class=\"screen-reader-text\"> de &laquo;&nbsp;\u00ab\u00a0Si le Seigneur ne b\u00e2tit pas la maison, les b\u00e2tisseurs travaillent en vain\u00a0\u00bb &#8212;   Nouvelle \u00e9glise \u00e0 Villers-la-Tour.&nbsp;&raquo;<\/span><\/a><\/p>\n","protected":false},"author":1,"featured_media":0,"comment_status":"closed","ping_status":"closed","sticky":false,"template":"","format":"standard","meta":{"footnotes":""},"categories":[556,20,138,446,1166,1233,427,1488,129,297,373,331],"tags":[1501,1502,1503],"_links":{"self":[{"href":"https:\/\/allez-yalla.com\/index.php\/wp-json\/wp\/v2\/posts\/23586"}],"collection":[{"href":"https:\/\/allez-yalla.com\/index.php\/wp-json\/wp\/v2\/posts"}],"about":[{"href":"https:\/\/allez-yalla.com\/index.php\/wp-json\/wp\/v2\/types\/post"}],"author":[{"embeddable":true,"href":"https:\/\/allez-yalla.com\/index.php\/wp-json\/wp\/v2\/users\/1"}],"replies":[{"embeddable":true,"href":"https:\/\/allez-yalla.com\/index.php\/wp-json\/wp\/v2\/comments?post=23586"}],"version-history":[{"count":27,"href":"https:\/\/allez-yalla.com\/index.php\/wp-json\/wp\/v2\/posts\/23586\/revisions"}],"predecessor-version":[{"id":23756,"href":"https:\/\/allez-yalla.com\/index.php\/wp-json\/wp\/v2\/posts\/23586\/revisions\/23756"}],"wp:attachment":[{"href":"https:\/\/allez-yalla.com\/index.php\/wp-json\/wp\/v2\/media?parent=23586"}],"wp:term":[{"taxonomy":"category","embeddable":true,"href":"https:\/\/allez-yalla.com\/index.php\/wp-json\/wp\/v2\/categories?post=23586"},{"taxonomy":"post_tag","embeddable":true,"href":"https:\/\/allez-yalla.com\/index.php\/wp-json\/wp\/v2\/tags?post=23586"}],"curies":[{"name":"wp","href":"https:\/\/api.w.org\/{rel}","templated":true}]}}