{"id":20419,"date":"2025-11-17T05:11:45","date_gmt":"2025-11-17T04:11:45","guid":{"rendered":"https:\/\/allez-yalla.com\/?p=20419"},"modified":"2025-11-18T06:57:00","modified_gmt":"2025-11-18T05:57:00","slug":"journee-mondiale-des-pauvres-avec-pape-leon-xiv","status":"publish","type":"post","link":"https:\/\/allez-yalla.com\/index.php\/2025\/11\/17\/journee-mondiale-des-pauvres-avec-pape-leon-xiv\/","title":{"rendered":"Journ\u00e9e mondiale des PAUVRES avec notre cher pape L\u00e9on XIV."},"content":{"rendered":"\n<figure class=\"wp-block-embed is-type-video is-provider-youtube wp-block-embed-youtube wp-embed-aspect-16-9 wp-has-aspect-ratio\"><div class=\"wp-block-embed__wrapper\">\n<iframe loading=\"lazy\" title=\"2025.11.16 Highlights - Pranzo alla Mensa dei Poveri\" width=\"840\" height=\"473\" src=\"https:\/\/www.youtube.com\/embed\/YVD1QPY4EZI?feature=oembed\" frameborder=\"0\" allow=\"accelerometer; autoplay; clipboard-write; encrypted-media; gyroscope; picture-in-picture; web-share\" referrerpolicy=\"strict-origin-when-cross-origin\" allowfullscreen><\/iframe>\n<\/div><\/figure>\n\n\n\n<figure class=\"wp-block-embed is-type-video is-provider-youtube wp-block-embed-youtube wp-embed-aspect-16-9 wp-has-aspect-ratio\"><div class=\"wp-block-embed__wrapper\">\n<iframe loading=\"lazy\" title=\"Ang\u00e9lus 16 novembre 2025 - Pape L\u00e9on XIV LSF\" width=\"840\" height=\"473\" src=\"https:\/\/www.youtube.com\/embed\/Xxx-rNm7BXg?list=PLGnHQ_cDvCrsANjM9cAUDtIiiVDp_PsOj\" frameborder=\"0\" allow=\"accelerometer; autoplay; clipboard-write; encrypted-media; gyroscope; picture-in-picture; web-share\" referrerpolicy=\"strict-origin-when-cross-origin\" allowfullscreen><\/iframe>\n<\/div><\/figure>\n\n\n\n<p>C\u2019est le pape Fran\u00e7ois qui a lanc\u00e9 la premi\u00e8re journ\u00e9e mondiale des pauvres. Qu\u2019il en soit b\u00e9ni&nbsp;!<\/p>\n\n\n\n<figure class=\"wp-block-image size-full is-resized\"><img decoding=\"async\" loading=\"lazy\" width=\"787\" height=\"678\" src=\"https:\/\/allez-yalla.com\/wp-content\/uploads\/2025\/11\/Capture-decran-2025-11-16-033318.png\" alt=\"\" class=\"wp-image-20422\" style=\"aspect-ratio:1.1607669616519174;width:634px;height:auto\" srcset=\"https:\/\/allez-yalla.com\/wp-content\/uploads\/2025\/11\/Capture-decran-2025-11-16-033318.png 787w, https:\/\/allez-yalla.com\/wp-content\/uploads\/2025\/11\/Capture-decran-2025-11-16-033318-300x258.png 300w, https:\/\/allez-yalla.com\/wp-content\/uploads\/2025\/11\/Capture-decran-2025-11-16-033318-768x662.png 768w\" sizes=\"(max-width: 709px) 85vw, (max-width: 909px) 67vw, (max-width: 984px) 61vw, (max-width: 1362px) 45vw, 600px\" \/><\/figure>\n\n\n\n<p><a href=\"https:\/\/www.facebook.com\/photo\/?fbid=1271917471619729&amp;set=pcb.1271917931619683\">https:\/\/www.facebook.com\/photo\/?fbid=1271917471619729&amp;set=pcb.1271917931619683<\/a><\/p>\n\n\n\n<p><\/p>\n\n\n\n<p><a href=\"https:\/\/www.youtube.com\/@VaticanNewsFR\">https:\/\/www.youtube.com\/@VaticanNewsFR<\/a><\/p>\n\n\n\n<figure class=\"wp-block-image size-full is-resized\"><img decoding=\"async\" loading=\"lazy\" width=\"526\" height=\"694\" src=\"https:\/\/allez-yalla.com\/wp-content\/uploads\/2025\/11\/459397859_536132192432120_477861677602877934_n.jpg\" alt=\"\" class=\"wp-image-20421\" style=\"aspect-ratio:0.7579250720461095;width:378px;height:auto\" srcset=\"https:\/\/allez-yalla.com\/wp-content\/uploads\/2025\/11\/459397859_536132192432120_477861677602877934_n.jpg 526w, https:\/\/allez-yalla.com\/wp-content\/uploads\/2025\/11\/459397859_536132192432120_477861677602877934_n-227x300.jpg 227w\" sizes=\"(max-width: 526px) 85vw, 526px\" \/><\/figure>\n\n\n\n<p><\/p>\n\n\n\n<p><strong><u>Petite exp\u00e9rience personnelle de rencontre avec un sans domicile fixe.  (SDF)<\/u><\/strong><\/p>\n\n\n\n<p><em>C\u2019est dans un centre d\u2019accueil pour migrants que j\u2019ai rencontr\u00e9 Achim (nom d\u2019emprunt). Il devient un ami. Apr\u00e8s quelques ann\u00e9es angoissantes, il est r\u00e9gularis\u00e9 (= il a des papiers lui permettant de rester vivre en Belgique). Il&nbsp; trouve un appartement en ville et tout semble&nbsp; bien aller pour lui. <\/em><\/p>\n\n\n\n<p><em>Un jour, il frappe \u00e0 notre porte. Il a une tente et esp\u00e8re loger dans notre jardin car il est d\u00e9sormais sans domicile et il en a assez de dormir dans la rue.&nbsp;&nbsp;Je lui explique qu\u2019il est pr\u00e9f\u00e9rable d\u2019aller quelque temps dans un centre d\u2019accueil car l\u00e0, l\u2019assistant social veillera \u00e0 le remettre sur les rails. En effet, il n\u2019a plus acc\u00e8s aux services sociaux, il est perdu. En attendant qu\u2019il&nbsp; soit accept\u00e9 dans un lieu d\u2019h\u00e9bergement,&nbsp; nous l\u2019accueillons chez nous. Le jour J, je le conduis dans ce centre et&nbsp; puis je continue ma route. Quelques heures plus tard, il me t\u00e9l\u00e9phone&nbsp;: \u00ab&nbsp;Je suis \u00e0 la gare.&nbsp;\u00bb Il a quitt\u00e9 son lieu d\u2019h\u00e9bergement&nbsp;! Je lui r\u00e9ponds&nbsp; que je suis partie, que je ne peux pas l\u2019aider.<\/em><\/p>\n\n\n\n<p><em>Les ann\u00e9es passent, il ne r\u00e9pond plus au t\u00e9l\u00e9phone. Je l\u2019ai \u00e0 nouveau perdu de vue. Soudain,  il r\u00e9apparait. Il m\u2019explique son parcours. \u00ab\u00a0Tout le monde me disait que je devais aller \u00e0 l&rsquo;hopital psychiatrique.\u00a0\u00bb Un jour, il s\u2019y est rendu librement,  \u00e0 l\u2019invitation des \u00e9ducateurs de rue.&nbsp;\u00ab\u00a0Ils m&rsquo;ont dit que si j&rsquo;\u00e9tais si mal, c&rsquo;\u00e9tait d\u00f9 au stress.\u00a0\u00bb Depuis lors Achim se sent \u00e0 nouveau bien et il a retrouv\u00e9 un logement.<\/em><\/p>\n\n\n\n<p>Je comprends qu&rsquo;on ne peut pas d\u00e9cider \u00e0 la place de quelqu&rsquo;un de ce qu&rsquo;il y a de mieux pour lui. On peut donner son avis, sans instster. Chacun doit rester libre de sa vie. En son temps, toute personne est bien capable de choisir la vie car J\u00e9sus est proche de chacun.  Je r\u00e9alise aussi qu&rsquo;il faut savoir dire non \u00e0 certaines demandes des personnes en d\u00e9tresse.  <\/p>\n\n\n\n<h2 class=\"wp-block-heading\"><strong><u>Un excellent livre de chevet pour les personnes qui aident les sans-abris.&nbsp;<\/u><\/strong><\/h2>\n\n\n\n<figure class=\"wp-block-image size-full is-resized\"><img decoding=\"async\" loading=\"lazy\" width=\"550\" height=\"900\" src=\"https:\/\/allez-yalla.com\/wp-content\/uploads\/2025\/11\/Capture-decran-2025-11-16-030411.png\" alt=\"\" class=\"wp-image-20420\" style=\"aspect-ratio:0.6111111111111112;width:363px;height:auto\" srcset=\"https:\/\/allez-yalla.com\/wp-content\/uploads\/2025\/11\/Capture-decran-2025-11-16-030411.png 550w, https:\/\/allez-yalla.com\/wp-content\/uploads\/2025\/11\/Capture-decran-2025-11-16-030411-183x300.png 183w\" sizes=\"(max-width: 550px) 85vw, 550px\" \/><\/figure>\n\n\n\n<p><a href=\"https:\/\/editionsartege.fr\/product\/127287\/charite-a-mains-nues\/\">https:\/\/editionsartege.fr\/product\/127287\/charite-a-mains-nues\/<\/a><\/p>\n\n\n\n<p><a href=\"http:\/\/liseuse-hachette.fr\/extrait\/9791033614296?utm=librairie-numerique\" target=\"_blank\" rel=\"noreferrer noopener\"><strong><\/strong><strong>&nbsp;Feuilleter un extrait<\/strong><\/a><\/p>\n\n\n\n<p> Beno\u00eet XVI :<\/p>\n\n\n\n<p><em>\u00ab Nous n\u2019avons pas besoin d\u2019un \u00c9tat qui r\u00e9gente et domine tout, mais au contraire d\u2019un \u00c9tat qui reconnaisse g\u00e9n\u00e9reusement et qui soutienne, dans la ligne du principe de subsidiarit\u00e9, les initiatives qui naissent des diff\u00e9rentes forces sociales et qui associent spontan\u00e9it\u00e9 et proximit\u00e9 avec les hommes ayant besoin d\u2019aide. L\u2019\u00c9glise est une de ces forces vives : en elle vit la dynamique de l\u2019amour suscit\u00e9 par l\u2019Esprit du Christ. Cet amour n\u2019offre pas uniquement aux hommes une aide mat\u00e9rielle, mais \u00e9galement r\u00e9confort et soin de&nbsp;l\u2019\u00e2me, aide souvent plus n\u00e9cessaire que le soutien mat\u00e9riel<a href=\"https:\/\/extraits.tea-ebook.com\/Hachette\/6\/29\/9791033614296.epub\/OPS\/xhtml\/06_Chapter01.xhtml#fn-9\"><sup>9<\/sup><\/a>. \u00bb<\/em><\/p>\n\n\n\n<h2 class=\"wp-block-heading\"><strong><u>Dieu est amour&nbsp;: qui demeure dans l\u2019amour demeure en Dieu, et Dieu demeure en lui.<\/u><\/strong><\/h2>\n\n\n\n<figure class=\"wp-block-pullquote\"><blockquote><p><strong>18<\/strong>&nbsp;Il n\u2019y a pas de crainte dans l\u2019amour, l\u2019amour parfait bannit la crainte&nbsp;; car la crainte implique un ch\u00e2timent, et celui qui reste dans la crainte n\u2019a pas atteint la perfection de l\u2019amour. <strong>19<\/strong>&nbsp;Quant \u00e0 nous, nous aimons parce que Dieu lui-m\u00eame nous a aim\u00e9s le premier. <strong>20<\/strong>&nbsp;Si quelqu\u2019un dit&nbsp;: \u00ab&nbsp;J\u2019aime Dieu&nbsp;\u00bb, alors qu\u2019il a de la haine contre son fr\u00e8re, c\u2019est un menteur. En effet, celui qui n\u2019aime pas son fr\u00e8re, qu\u2019il voit, est incapable d\u2019aimer Dieu, qu\u2019il ne voit pas. <strong>21<\/strong>&nbsp;Et voici le commandement que nous tenons de lui&nbsp;: celui qui aime Dieu, qu\u2019il aime aussi son fr\u00e8re.<\/p><cite><a href=\"https:\/\/www.aelf.org\/bible\/1Jn\/4\">https:\/\/www.aelf.org\/bible\/1Jn\/4<\/a><\/cite><\/blockquote><\/figure>\n\n\n\n<p><a href=\"https:\/\/versets.ndml.fr\/\">https:\/\/versets.ndml.fr\/<\/a><\/p>\n\n\n\n<h2 class=\"wp-block-heading\"><strong><u>Quand Dieu choisit\u00a0 les pauvres.<\/u><\/strong><\/h2>\n\n\n\n<p>A Lourdes, la famille de Bernadette Soubirous vivait dans un ancien cachot. Mgr Dupuy donne Bernadette en exemple de d\u00e9tachement des richesses.\u00a0\u00a0<\/p>\n\n\n\n<figure class=\"wp-block-embed is-type-video is-provider-youtube wp-block-embed-youtube wp-embed-aspect-16-9 wp-has-aspect-ratio\"><div class=\"wp-block-embed__wrapper\">\n<iframe loading=\"lazy\" title=\"295. La vraie fin du monde arrive quand ? \/ Mgr Andr\u00e9 Dupuy - 16 novembre 2025\" width=\"840\" height=\"473\" src=\"https:\/\/www.youtube.com\/embed\/Up72_bPr7iY?feature=oembed\" frameborder=\"0\" allow=\"accelerometer; autoplay; clipboard-write; encrypted-media; gyroscope; picture-in-picture; web-share\" referrerpolicy=\"strict-origin-when-cross-origin\" allowfullscreen><\/iframe>\n<\/div><\/figure>\n\n\n\n<p><strong><u>Tous:  pauvres, malades, petits, \u2026  nous sommes aim\u00e9s de Dieu et choisis par Lui.<\/u><\/strong><\/p>\n\n\n\n<figure class=\"wp-block-embed is-type-video is-provider-youtube wp-block-embed-youtube wp-embed-aspect-9-16 wp-has-aspect-ratio\"><div class=\"wp-block-embed__wrapper\">\n<iframe loading=\"lazy\" title=\"#foichr\u00e9tienne#foicatholique#motivation\" width=\"563\" height=\"1000\" src=\"https:\/\/www.youtube.com\/embed\/vRKjCtnbl38?feature=oembed\" frameborder=\"0\" allow=\"accelerometer; autoplay; clipboard-write; encrypted-media; gyroscope; picture-in-picture; web-share\" referrerpolicy=\"strict-origin-when-cross-origin\" allowfullscreen><\/iframe>\n<\/div><\/figure>\n\n\n\n<p><\/p>\n\n\n\n<p><strong>MESSAGE DU SAINT-P\u00c8RE<\/strong>  <strong>pour la 9<sup>\u00e8me<\/sup>&nbsp;Journ\u00e9e Mondiale des Pauvres<\/strong> le <strong>16 novembre 2025, 33<sup>\u00e8me<\/sup>&nbsp;dimanche du Temps Ordinaire<\/strong>   <a href=\"https:\/\/www.vatican.va\/content\/leo-xiv\/fr\/messages\/poor\/documents\/20250613-messaggio-giornata-poveri.html\">https:\/\/www.vatican.va\/content\/leo-xiv\/fr\/messages\/poor\/documents\/20250613-messaggio-giornata-poveri.html<\/a><\/p>\n\n\n\n<figure class=\"wp-block-image size-full\"><img decoding=\"async\" loading=\"lazy\" width=\"832\" height=\"940\" src=\"https:\/\/allez-yalla.com\/wp-content\/uploads\/2025\/11\/Capture-decran-2025-11-16-033642.png\" alt=\"\" class=\"wp-image-20424\" srcset=\"https:\/\/allez-yalla.com\/wp-content\/uploads\/2025\/11\/Capture-decran-2025-11-16-033642.png 832w, https:\/\/allez-yalla.com\/wp-content\/uploads\/2025\/11\/Capture-decran-2025-11-16-033642-266x300.png 266w, https:\/\/allez-yalla.com\/wp-content\/uploads\/2025\/11\/Capture-decran-2025-11-16-033642-768x868.png 768w\" sizes=\"(max-width: 709px) 85vw, (max-width: 909px) 67vw, (max-width: 984px) 61vw, (max-width: 1362px) 45vw, 600px\" \/><\/figure>\n\n\n\n<figure class=\"wp-block-embed is-type-wp-embed is-provider-eglise-catholique-en-france wp-block-embed-eglise-catholique-en-france\"><div class=\"wp-block-embed__wrapper\">\n<blockquote class=\"wp-embedded-content\" data-secret=\"HlRwJIU1uN\"><a href=\"https:\/\/eglise.catholique.fr\/sengager-dans-la-societe\/solidarite\/journee-mondiale-pauvres\/520555-le-village-de-francois-un-lieu-de-vie-partagee-innovant\/\">\u00ab Le village de Fran\u00e7ois \u00bb, un lieu de vie partag\u00e9e innovant<\/a><\/blockquote><iframe class=\"wp-embedded-content\" sandbox=\"allow-scripts\" security=\"restricted\" style=\"position: absolute; clip: rect(1px, 1px, 1px, 1px);\" title=\"\u00ab\u00a0\u00ab Le village de Fran\u00e7ois \u00bb, un lieu de vie partag\u00e9e innovant\u00a0\u00bb &#8212; \u00c9glise catholique en France\" src=\"https:\/\/eglise.catholique.fr\/sengager-dans-la-societe\/solidarite\/journee-mondiale-pauvres\/520555-le-village-de-francois-un-lieu-de-vie-partagee-innovant\/embed\/#?secret=HlRwJIU1uN\" data-secret=\"HlRwJIU1uN\" width=\"600\" height=\"338\" frameborder=\"0\" marginwidth=\"0\" marginheight=\"0\" scrolling=\"no\"><\/iframe>\n<\/div><\/figure>\n\n\n\n<h2 class=\"wp-block-heading\"><strong><u>L\u2019association \u00ab&nbsp;Lazare&nbsp;\u00bb, un phare dans la nuit.<\/u><\/strong><\/h2>\n\n\n\n<figure class=\"wp-block-embed is-type-video is-provider-youtube wp-block-embed-youtube wp-embed-aspect-16-9 wp-has-aspect-ratio\"><div class=\"wp-block-embed__wrapper\">\n<iframe loading=\"lazy\" title=\"L&#039;association Lazare m&#039;a sauv\u00e9 de la drogue - T\u00e9moignage de Martial et Pierre\" width=\"840\" height=\"473\" src=\"https:\/\/www.youtube.com\/embed\/Ageo5OTR5og?feature=oembed\" frameborder=\"0\" allow=\"accelerometer; autoplay; clipboard-write; encrypted-media; gyroscope; picture-in-picture; web-share\" referrerpolicy=\"strict-origin-when-cross-origin\" allowfullscreen><\/iframe>\n<\/div><\/figure>\n\n\n\n<figure class=\"wp-block-embed is-type-video is-provider-youtube wp-block-embed-youtube wp-embed-aspect-16-9 wp-has-aspect-ratio\"><div class=\"wp-block-embed__wrapper\">\n<iframe loading=\"lazy\" title=\"Mes copains m&#039;appellent Chabal\" width=\"840\" height=\"473\" src=\"https:\/\/www.youtube.com\/embed\/TEjER_9LiPo?feature=oembed\" frameborder=\"0\" allow=\"accelerometer; autoplay; clipboard-write; encrypted-media; gyroscope; picture-in-picture; web-share\" referrerpolicy=\"strict-origin-when-cross-origin\" allowfullscreen><\/iframe>\n<\/div><\/figure>\n\n\n\n<h2 class=\"wp-block-heading\"><strong><u>J\u00e9sus chasse les esprits mauvais.<\/u><\/strong><\/h2>\n\n\n\n<figure class=\"wp-block-image size-full is-resized\"><img decoding=\"async\" loading=\"lazy\" width=\"468\" height=\"759\" src=\"https:\/\/allez-yalla.com\/wp-content\/uploads\/2025\/11\/Capture-decran-2025-11-18-062603-3.png\" alt=\"\" class=\"wp-image-20460\" style=\"aspect-ratio:0.5796407185628742;width:451px;height:auto\" srcset=\"https:\/\/allez-yalla.com\/wp-content\/uploads\/2025\/11\/Capture-decran-2025-11-18-062603-3.png 468w, https:\/\/allez-yalla.com\/wp-content\/uploads\/2025\/11\/Capture-decran-2025-11-18-062603-3-185x300.png 185w\" sizes=\"(max-width: 468px) 85vw, 468px\" \/><\/figure>\n\n\n\n<figure class=\"wp-block-image size-full is-resized\"><img decoding=\"async\" loading=\"lazy\" width=\"484\" height=\"835\" src=\"https:\/\/allez-yalla.com\/wp-content\/uploads\/2025\/11\/Capture-decran-2025-11-18-062623.png\" alt=\"\" class=\"wp-image-20454\" style=\"aspect-ratio:0.5796407185628742;width:436px;height:auto\" srcset=\"https:\/\/allez-yalla.com\/wp-content\/uploads\/2025\/11\/Capture-decran-2025-11-18-062623.png 484w, https:\/\/allez-yalla.com\/wp-content\/uploads\/2025\/11\/Capture-decran-2025-11-18-062623-174x300.png 174w\" sizes=\"(max-width: 484px) 85vw, 484px\" \/><\/figure>\n\n\n\n<h2 class=\"wp-block-heading\"><strong><u>Pas de paix sans justice. Prions sans cesse!<\/u><\/strong><\/h2>\n\n\n\n<figure class=\"wp-block-embed is-type-video is-provider-youtube wp-block-embed-youtube wp-embed-aspect-16-9 wp-has-aspect-ratio\"><div class=\"wp-block-embed__wrapper\">\n<iframe loading=\"lazy\" title=\"Pour une cohabitation pacifique \u2013 La Vid\u00e9o du Pape \u2013 Ao\u00fbt 2025\" width=\"840\" height=\"473\" src=\"https:\/\/www.youtube.com\/embed\/DiP1f1yBWIc?feature=oembed\" frameborder=\"0\" allow=\"accelerometer; autoplay; clipboard-write; encrypted-media; gyroscope; picture-in-picture; web-share\" referrerpolicy=\"strict-origin-when-cross-origin\" allowfullscreen><\/iframe>\n<\/div><\/figure>\n\n\n\n<p><a href=\"https:\/\/www.youtube.com\/@lavideodupape\">https:\/\/www.youtube.com\/@lavideodupape<\/a><\/p>\n\n\n\n<figure class=\"wp-block-pullquote\"><blockquote><p>Amour et v\u00e9rit\u00e9 se rencontrent, justice et paix s&#8217;embrassent ;<\/p><cite><a href=\"https:\/\/www.aelf.org\/bible\/Ps\/84\">https:\/\/www.aelf.org\/bible\/Ps\/84<\/a><\/cite><\/blockquote><\/figure>\n\n\n\n<figure class=\"wp-block-embed is-type-video is-provider-youtube wp-block-embed-youtube wp-embed-aspect-16-9 wp-has-aspect-ratio\"><div class=\"wp-block-embed__wrapper\">\n<iframe loading=\"lazy\" title=\"Veill\u00e9e de pri\u00e8re et chapelet pour la paix pr\u00e9sid\u00e9s par le Pape L\u00e9on XIV - 11 octobre 2025 LSF\" width=\"840\" height=\"473\" src=\"https:\/\/www.youtube.com\/embed\/u_rCfZVKz70?list=PLGnHQ_cDvCrsANjM9cAUDtIiiVDp_PsOj\" frameborder=\"0\" allow=\"accelerometer; autoplay; clipboard-write; encrypted-media; gyroscope; picture-in-picture; web-share\" referrerpolicy=\"strict-origin-when-cross-origin\" allowfullscreen><\/iframe>\n<\/div><\/figure>\n\n\n\n<h2 class=\"wp-block-heading\"><strong><u>Cantiques<\/u><\/strong><\/h2>\n\n\n\n<figure class=\"wp-block-embed is-type-video is-provider-youtube wp-block-embed-youtube wp-embed-aspect-16-9 wp-has-aspect-ratio\"><div class=\"wp-block-embed__wrapper\">\n<iframe loading=\"lazy\" title=\"Esprit de lumi\u00e8re, Esprit cr\u00e9ateur  |  Emmanuel Music\" width=\"840\" height=\"473\" src=\"https:\/\/www.youtube.com\/embed\/H8vFcoTxezI?feature=oembed\" frameborder=\"0\" allow=\"accelerometer; autoplay; clipboard-write; encrypted-media; gyroscope; picture-in-picture; web-share\" referrerpolicy=\"strict-origin-when-cross-origin\" allowfullscreen><\/iframe>\n<\/div><\/figure>\n\n\n\n<figure class=\"wp-block-embed is-type-video is-provider-youtube wp-block-embed-youtube wp-embed-aspect-16-9 wp-has-aspect-ratio\"><div class=\"wp-block-embed__wrapper\">\n<iframe loading=\"lazy\" title=\"\ud83c\uddeb\ud83c\uddf7 Bernadette de Lourdes - Pourquoi moi ? (Eyma)\" width=\"840\" height=\"473\" src=\"https:\/\/www.youtube.com\/embed\/0M_rCe9U8_g?feature=oembed\" frameborder=\"0\" allow=\"accelerometer; autoplay; clipboard-write; encrypted-media; gyroscope; picture-in-picture; web-share\" referrerpolicy=\"strict-origin-when-cross-origin\" allowfullscreen><\/iframe>\n<\/div><\/figure>\n\n\n\n<figure class=\"wp-block-embed is-type-video is-provider-youtube wp-block-embed-youtube wp-embed-aspect-16-9 wp-has-aspect-ratio\"><div class=\"wp-block-embed__wrapper\">\n<iframe loading=\"lazy\" title=\"Tu me rel\u00e8ves - Dan Luiten (You Raise Me Up) \u0441 \u0440\u0443\u0441\u0441\u043a\u0438\u043c \u0442\u0435\u043a\u0441\u0442\u043e\u043c\" width=\"840\" height=\"473\" src=\"https:\/\/www.youtube.com\/embed\/-yvyZfg-WRQ?feature=oembed\" frameborder=\"0\" allow=\"accelerometer; autoplay; clipboard-write; encrypted-media; gyroscope; picture-in-picture; web-share\" referrerpolicy=\"strict-origin-when-cross-origin\" allowfullscreen><\/iframe>\n<\/div><\/figure>\n\n\n\n<p><\/p>\n\n\n\n<figure class=\"wp-block-image size-full\"><img decoding=\"async\" loading=\"lazy\" width=\"507\" height=\"708\" src=\"https:\/\/allez-yalla.com\/wp-content\/uploads\/2025\/11\/Capture-decran-2025-11-16-034515.png\" alt=\"\" class=\"wp-image-20423\" srcset=\"https:\/\/allez-yalla.com\/wp-content\/uploads\/2025\/11\/Capture-decran-2025-11-16-034515.png 507w, https:\/\/allez-yalla.com\/wp-content\/uploads\/2025\/11\/Capture-decran-2025-11-16-034515-215x300.png 215w\" sizes=\"(max-width: 507px) 85vw, 507px\" \/><\/figure>\n\n\n\n<p><\/p>\n","protected":false},"excerpt":{"rendered":"<p>C\u2019est le pape Fran\u00e7ois qui a lanc\u00e9 la premi\u00e8re journ\u00e9e mondiale des pauvres. Qu\u2019il en soit b\u00e9ni&nbsp;! https:\/\/www.facebook.com\/photo\/?fbid=1271917471619729&amp;set=pcb.1271917931619683 https:\/\/www.youtube.com\/@VaticanNewsFR Petite exp\u00e9rience personnelle de rencontre avec un sans domicile fixe. (SDF) C\u2019est dans un centre d\u2019accueil pour migrants que j\u2019ai rencontr\u00e9 Achim (nom d\u2019emprunt). Il devient un ami. Apr\u00e8s quelques ann\u00e9es angoissantes, il est r\u00e9gularis\u00e9 (= &hellip; <a href=\"https:\/\/allez-yalla.com\/index.php\/2025\/11\/17\/journee-mondiale-des-pauvres-avec-pape-leon-xiv\/\" class=\"more-link\">Continuer la lecture<span class=\"screen-reader-text\"> de &laquo;&nbsp;Journ\u00e9e mondiale des PAUVRES avec notre cher pape L\u00e9on XIV.&nbsp;&raquo;<\/span><\/a><\/p>\n","protected":false},"author":1,"featured_media":0,"comment_status":"closed","ping_status":"closed","sticky":false,"template":"","format":"standard","meta":{"footnotes":""},"categories":[601,345,521,980,1161,1171,622,1166,85,705,598,645,918,520,246,102,413,969,1047,1160,1165],"tags":[1008,1162,1164],"_links":{"self":[{"href":"https:\/\/allez-yalla.com\/index.php\/wp-json\/wp\/v2\/posts\/20419"}],"collection":[{"href":"https:\/\/allez-yalla.com\/index.php\/wp-json\/wp\/v2\/posts"}],"about":[{"href":"https:\/\/allez-yalla.com\/index.php\/wp-json\/wp\/v2\/types\/post"}],"author":[{"embeddable":true,"href":"https:\/\/allez-yalla.com\/index.php\/wp-json\/wp\/v2\/users\/1"}],"replies":[{"embeddable":true,"href":"https:\/\/allez-yalla.com\/index.php\/wp-json\/wp\/v2\/comments?post=20419"}],"version-history":[{"count":20,"href":"https:\/\/allez-yalla.com\/index.php\/wp-json\/wp\/v2\/posts\/20419\/revisions"}],"predecessor-version":[{"id":20466,"href":"https:\/\/allez-yalla.com\/index.php\/wp-json\/wp\/v2\/posts\/20419\/revisions\/20466"}],"wp:attachment":[{"href":"https:\/\/allez-yalla.com\/index.php\/wp-json\/wp\/v2\/media?parent=20419"}],"wp:term":[{"taxonomy":"category","embeddable":true,"href":"https:\/\/allez-yalla.com\/index.php\/wp-json\/wp\/v2\/categories?post=20419"},{"taxonomy":"post_tag","embeddable":true,"href":"https:\/\/allez-yalla.com\/index.php\/wp-json\/wp\/v2\/tags?post=20419"}],"curies":[{"name":"wp","href":"https:\/\/api.w.org\/{rel}","templated":true}]}}