{"id":19397,"date":"2025-09-12T00:09:34","date_gmt":"2025-09-11T22:09:34","guid":{"rendered":"https:\/\/allez-yalla.com\/?p=19397"},"modified":"2025-09-12T21:03:03","modified_gmt":"2025-09-12T19:03:03","slug":"aimez-vos-ennemis-faites-du-bien-a-ceux-qui-vous-haissent-jesus-christ","status":"publish","type":"post","link":"https:\/\/allez-yalla.com\/index.php\/2025\/09\/12\/aimez-vos-ennemis-faites-du-bien-a-ceux-qui-vous-haissent-jesus-christ\/","title":{"rendered":"\u00ab\u00a0Aimez vos ennemis, faites du bien \u00e0 ceux qui vous ha\u00efssent.\u00a0\u00bb (J\u00e9sus-Christ)"},"content":{"rendered":"\n<h2 class=\"wp-block-heading\"><strong><u>\u00ab&nbsp;Aimez vos ennemis&nbsp;\u00bb Comment peut-on en arriver \u00e0 aimer des terroristes? &nbsp; <\/u><\/strong><\/h2>\n\n\n\n<p><strong><u>\u00ab\u00a0Aimez vos ennemis\u00a0\u00bb:  C\u2019est la parole biblique entendue ce 11 septembre \u00e0 la messe. <\/u><\/strong><\/p>\n\n\n\n<figure class=\"wp-block-image size-large is-resized\"><img decoding=\"async\" loading=\"lazy\" width=\"1024\" height=\"826\" src=\"https:\/\/allez-yalla.com\/wp-content\/uploads\/2025\/09\/Z-1024x826.png\" alt=\"\" class=\"wp-image-19398\" style=\"aspect-ratio:1.2397094430992737;width:468px;height:auto\" srcset=\"https:\/\/allez-yalla.com\/wp-content\/uploads\/2025\/09\/Z-1024x826.png 1024w, https:\/\/allez-yalla.com\/wp-content\/uploads\/2025\/09\/Z-300x242.png 300w, https:\/\/allez-yalla.com\/wp-content\/uploads\/2025\/09\/Z-768x620.png 768w, https:\/\/allez-yalla.com\/wp-content\/uploads\/2025\/09\/Z.png 1123w\" sizes=\"(max-width: 709px) 85vw, (max-width: 909px) 67vw, (max-width: 1362px) 62vw, 840px\" \/><\/figure>\n\n\n\n<p><\/p>\n\n\n\n<p><a href=\"https:\/\/freedom.fr\/11-septembre-vingt-quatre-ans-apres-le-souvenir-toujours-vivace-des-attentats-contre-les-tours-jumelles\/\">https:\/\/freedom.fr\/11-septembre-vingt-quatre-ans-apres-le-souvenir-toujours-vivace-des-attentats-contre-les-tours-jumelles\/<\/a><\/p>\n\n\n\n<p><strong><u>Les chr\u00e9tiens le savent. L\u2019Evangile nous invite \u00e0 aimer m\u00eame ceux qui nous ha\u00efssent. Pour nous, chr\u00e9tiens, c\u2019est le monde \u00e0 l\u2019envers.<\/u><\/strong><\/p>\n\n\n\n<figure class=\"wp-block-pullquote\"><blockquote><p>\u00abJe vous le dis, \u00e0 vous qui m&rsquo;\u00e9coutez: Aimez vos ennemis, faites du bien \u00e0 ceux qui vous ha\u00efssent. Souhaitez du bien \u00e0 ceux qui vous maudissent, priez pour ceux qui vous calomnient. A celui qui te frappe sur une joue, pr\u00e9sente l&rsquo;autre. A celui qui te prend ton manteau, laisse prendre aussi ta tunique. Donne \u00e0 quiconque te demande, et ne r\u00e9clame pas \u00e0 celui qui te vole. Ce que vous voulez que les autres fassent pour vous, faites-le aussi pour eux\u2026&nbsp;\u00bb etc<\/p><cite><a href=\"https:\/\/evangeli.net\/evangile\/jour\/2025-09-11\">https:\/\/evangeli.net\/evangile\/jour\/2025-09-11<\/a><\/cite><\/blockquote><\/figure>\n\n\n\n<p><\/p>\n\n\n\n<figure class=\"wp-block-image size-full is-resized\"><img decoding=\"async\" loading=\"lazy\" width=\"696\" height=\"436\" src=\"https:\/\/allez-yalla.com\/wp-content\/uploads\/2025\/09\/Capture-decran-2025-09-12-001636-1.png\" alt=\"\" class=\"wp-image-19417\" style=\"aspect-ratio:1.5963302752293578;width:553px;height:auto\" srcset=\"https:\/\/allez-yalla.com\/wp-content\/uploads\/2025\/09\/Capture-decran-2025-09-12-001636-1.png 696w, https:\/\/allez-yalla.com\/wp-content\/uploads\/2025\/09\/Capture-decran-2025-09-12-001636-1-300x188.png 300w\" sizes=\"(max-width: 709px) 85vw, (max-width: 909px) 67vw, (max-width: 984px) 61vw, (max-width: 1362px) 45vw, 600px\" \/><\/figure>\n\n\n\n<figure class=\"wp-block-pullquote\"><blockquote><p><em>\u00ab\u00a0Souhaitez du bien \u00e0 ceux qui vous maudissent, priez pour ceux qui vous calomnient.\u00a0\u00bb<\/em><\/p><cite><a href=\"https:\/\/www.aelf.org\/bible\/Lc\/6\">https:\/\/www.aelf.org\/bible\/Lc\/6<\/a><\/cite><\/blockquote><\/figure>\n\n\n\n<p><\/p>\n\n\n\n<p>Apr\u00e8s avoir recommand\u00e9 \u00e0 ceux qui l\u2019\u00e9coutent d\u2019aimer leurs ennemis, J\u00e9sus dit comment faire&nbsp;: leur souhaiter du bien, autrement dit: les BENIR et PRIER pour eux.<\/p>\n\n\n\n<p>En effet, prier c\u2019est d\u00e9j\u00e0 aimer et c\u2019est primordial. Les priants sauvent le monde par leur pri\u00e8re. Quand Etienne, le premier martyr chr\u00e9tien &nbsp;est mort pour sa foi, il pria pour ses pers\u00e9cuteurs. Sa pri\u00e8re ne fut-elle pas exauc\u00e9e quand on sait que Saul de Tarse participait \u00e0 l\u2019ex\u00e9cution d\u2019Etienne&nbsp;et que ce fameux pers\u00e9cuteur des chr\u00e9tiens est devenu un grand missionnaire&nbsp;? Il alla jusqu\u2019\u00e0 donner sa vie pour&nbsp; J\u00e9sus afin que l\u2019Evangile soit proclam\u00e9 le plus loin possible. Oui, la pri\u00e8re, la souffrance offerte pour nos ennemis est source de gu\u00e9rison pour le monde, source de nombreuses conversions.<\/p>\n\n\n\n<p><strong><u>Voici l\u2019histoire de l\u2019ex\u00e9cution d\u2019Etienne&nbsp;rapport\u00e9e par l\u2019ap\u00f4tre Luc. Etienne&nbsp; racontait aux Juifs&nbsp; l\u2019histoire des proph\u00e8tes venus avant J\u00e9sus \u2026<\/u><\/strong><\/p>\n\n\n\n<blockquote class=\"wp-block-quote\">\n<p><strong>54<\/strong>&nbsp;Ceux qui \u00e9coutaient ce discours avaient le c\u0153ur exasp\u00e9r\u00e9 et grin\u00e7aient des dents contre \u00c9tienne. <strong>55<\/strong>&nbsp;Mais lui, rempli de l\u2019Esprit Saint, fixait le ciel du regard&nbsp;: il vit la gloire de Dieu, et J\u00e9sus debout \u00e0 la droite de Dieu. <strong>56<\/strong>&nbsp;Il d\u00e9clara&nbsp;: \u00ab&nbsp;Voici que je contemple les cieux ouverts et le Fils de l\u2019homme debout \u00e0 la droite de Dieu.&nbsp;\u00bb <strong>57<\/strong>&nbsp;Alors ils pouss\u00e8rent de grands cris et se bouch\u00e8rent les oreilles. Tous ensemble, ils se pr\u00e9cipit\u00e8rent sur lui, <strong>58<\/strong>&nbsp;l\u2019entra\u00een\u00e8rent hors de la ville et se mirent \u00e0 le lapider. Les t\u00e9moins avaient d\u00e9pos\u00e9 leurs v\u00eatements aux pieds d\u2019un jeune homme appel\u00e9 Saul. <strong>59<\/strong>&nbsp;\u00c9tienne, pendant qu\u2019on le lapidait, priait ainsi&nbsp;: \u00ab&nbsp;Seigneur J\u00e9sus, re\u00e7ois mon esprit.&nbsp;\u00bb <strong>60<\/strong>&nbsp;Puis, se mettant \u00e0 genoux, il s\u2019\u00e9cria d\u2019une voix forte&nbsp;: \u00ab&nbsp;Seigneur, ne leur compte pas ce p\u00e9ch\u00e9.&nbsp;\u00bb Et, apr\u00e8s cette parole, il s\u2019endormit dans la mort.<\/p>\n<cite><a href=\"https:\/\/www.aelf.org\/bible\/Ac\/7\">https:\/\/www.aelf.org\/bible\/Ac\/7<\/a><\/cite><\/blockquote>\n\n\n\n<p><\/p>\n\n\n\n<p><strong><u>Pas de haine chez Etienne, mais la paix, l\u2019amour qui en arrive \u00e0 pardonner,  comme y invite saint Paul aux Colossiens.<\/u><\/strong><\/p>\n\n\n\n<figure class=\"wp-block-pullquote\"><blockquote><p>Le Seigneur vous a pardonn\u00e9 : faites de m\u00eame.<br>Par-dessus tout cela, ayez l\u2019amour,<br>qui est le lien le plus parfait.<br>Et que, dans vos c\u0153urs, r\u00e8gne la paix du Christ<br>\u00e0 laquelle vous avez \u00e9t\u00e9 appel\u00e9s, vous qui formez un seul corps.<\/p><cite><a href=\"https:\/\/www.aelf.org\/2025-09-11\/romain\/messe\">https:\/\/www.aelf.org\/2025-09-11\/romain\/messe<\/a><\/cite><\/blockquote><\/figure>\n\n\n\n<p><\/p>\n\n\n\n<h2 class=\"wp-block-heading\"><em><strong><u>Pas de haine \u00e0 l\u2019\u00e9gard de ceux qui font du mal, pas de bagarre, pas d\u2019escalade de la violence, mais &#8230;pleurer<\/u><\/strong>! <\/em><\/h2>\n\n\n\n<figure class=\"wp-block-image size-full is-resized\"><img decoding=\"async\" loading=\"lazy\" width=\"837\" height=\"870\" src=\"https:\/\/allez-yalla.com\/wp-content\/uploads\/2025\/09\/Capture-decran-2025-09-10-135229.png\" alt=\"\" class=\"wp-image-19400\" style=\"aspect-ratio:0.9620689655172414;width:570px;height:auto\" srcset=\"https:\/\/allez-yalla.com\/wp-content\/uploads\/2025\/09\/Capture-decran-2025-09-10-135229.png 837w, https:\/\/allez-yalla.com\/wp-content\/uploads\/2025\/09\/Capture-decran-2025-09-10-135229-289x300.png 289w, https:\/\/allez-yalla.com\/wp-content\/uploads\/2025\/09\/Capture-decran-2025-09-10-135229-768x798.png 768w\" sizes=\"(max-width: 709px) 85vw, (max-width: 909px) 67vw, (max-width: 984px) 61vw, (max-width: 1362px) 45vw, 600px\" \/><\/figure>\n\n\n\n<h2 class=\"wp-block-heading\"><strong><u>Les uns hurlent&nbsp;: <em>\u00ab&nbsp;Dieu est grand&nbsp;\u00bb <\/em>D\u2019autres&nbsp;: <em>\u00abDieu est avec nous.&nbsp;\u00bb<\/em> et n\u00e9anmoins ils font le mal.<\/u><\/strong><\/h2>\n\n\n\n<p><strong>J\u00e9sus met les choses au point. Il dit franchement&nbsp;:<\/strong><\/p>\n\n\n\n<figure class=\"wp-block-image size-full\"><img decoding=\"async\" loading=\"lazy\" width=\"736\" height=\"487\" src=\"https:\/\/allez-yalla.com\/wp-content\/uploads\/2025\/09\/Capture-decran-2025-09-12-000528.png\" alt=\"\" class=\"wp-image-19411\" srcset=\"https:\/\/allez-yalla.com\/wp-content\/uploads\/2025\/09\/Capture-decran-2025-09-12-000528.png 736w, https:\/\/allez-yalla.com\/wp-content\/uploads\/2025\/09\/Capture-decran-2025-09-12-000528-300x199.png 300w\" sizes=\"(max-width: 709px) 85vw, (max-width: 909px) 67vw, (max-width: 984px) 61vw, (max-width: 1362px) 45vw, 600px\" \/><\/figure>\n\n\n\n<p><\/p>\n\n\n\n<blockquote class=\"wp-block-quote\">\n<p><strong>10<\/strong>&nbsp;Celui qui aime son fr\u00e8re demeure dans la lumi\u00e8re, et il n\u2019y a en lui aucune occasion de chute. <strong>11<\/strong>&nbsp;Mais celui qui a de la haine contre son fr\u00e8re est dans les t\u00e9n\u00e8bres&nbsp;: il marche dans les t\u00e9n\u00e8bres sans savoir o\u00f9 il va, parce que les t\u00e9n\u00e8bres ont aveugl\u00e9 ses yeux.<\/p>\n<cite><a href=\"https:\/\/www.aelf.org\/bible\/1Jn\/2\">https:\/\/www.aelf.org\/bible\/1Jn\/2<\/a><\/cite><\/blockquote>\n\n\n\n<figure class=\"wp-block-image size-full is-resized\"><img decoding=\"async\" loading=\"lazy\" width=\"383\" height=\"694\" src=\"https:\/\/allez-yalla.com\/wp-content\/uploads\/2025\/09\/Z1.png\" alt=\"\" class=\"wp-image-19401\" style=\"aspect-ratio:0.5518731988472623;width:497px;height:auto\" srcset=\"https:\/\/allez-yalla.com\/wp-content\/uploads\/2025\/09\/Z1.png 383w, https:\/\/allez-yalla.com\/wp-content\/uploads\/2025\/09\/Z1-166x300.png 166w\" sizes=\"(max-width: 383px) 85vw, 383px\" \/><\/figure>\n\n\n\n<h2 class=\"wp-block-heading\"><strong><u><em>Afin de marcher ensemble vers la PAIX, J\u00e9sus nous invite \u00e0 nous reprendre les uns les autres, \u00e0 nous instruire, bref, \u00e0 \u00ab&nbsp;\u00e9vang\u00e9liser&nbsp;\u00bb.<\/em><\/u><\/strong><\/h2>\n\n\n\n<figure class=\"wp-block-image size-full\"><img decoding=\"async\" loading=\"lazy\" width=\"426\" height=\"327\" src=\"https:\/\/allez-yalla.com\/wp-content\/uploads\/2025\/09\/Capture-decran-2025-09-11-142926.png\" alt=\"\" class=\"wp-image-19402\" srcset=\"https:\/\/allez-yalla.com\/wp-content\/uploads\/2025\/09\/Capture-decran-2025-09-11-142926.png 426w, https:\/\/allez-yalla.com\/wp-content\/uploads\/2025\/09\/Capture-decran-2025-09-11-142926-300x230.png 300w\" sizes=\"(max-width: 426px) 85vw, 426px\" \/><\/figure>\n\n\n\n<p><\/p>\n\n\n\n<blockquote class=\"wp-block-quote\">\n<p><strong>14<\/strong>&nbsp;Or, comment l\u2019invoquer, si on n\u2019a pas mis sa foi en lui&nbsp;? Comment mettre sa foi en lui, si on ne l\u2019a pas entendu&nbsp;? Comment entendre si personne ne proclame&nbsp;?<\/p>\n\n\n\n<p><a href=\"https:\/\/www.aelf.org\/bible\/Rm\/10\">https:\/\/www.aelf.org\/bible\/Rm\/10<\/a><\/p>\n<\/blockquote>\n\n\n\n<h2 class=\"wp-block-heading\"><strong><u>La seule violence permise est celle de l\u2019AMOUR.<\/u><\/strong><\/h2>\n\n\n\n<p><strong><u><em> Hommage soit rendu aux martyrs qui ont port\u00e9 et portent encore aujourd&rsquo;hui l\u2019Evangile \u00e0 travers le monde en vue de la PAIX.<\/em><\/u><\/strong><\/p>\n\n\n\n<figure class=\"wp-block-image size-full is-resized\"><img decoding=\"async\" loading=\"lazy\" width=\"511\" height=\"827\" src=\"https:\/\/allez-yalla.com\/wp-content\/uploads\/2025\/09\/Capture-decran-2025-09-12-095636.png\" alt=\"\" class=\"wp-image-19426\" style=\"aspect-ratio:0.6178960096735188;width:304px;height:auto\" srcset=\"https:\/\/allez-yalla.com\/wp-content\/uploads\/2025\/09\/Capture-decran-2025-09-12-095636.png 511w, https:\/\/allez-yalla.com\/wp-content\/uploads\/2025\/09\/Capture-decran-2025-09-12-095636-185x300.png 185w\" sizes=\"(max-width: 511px) 85vw, 511px\" \/><\/figure>\n\n\n\n<p><a href=\"https:\/\/www.facebook.com\/AssembleeChretienneBelfortMontbeliard\/videos\/466983479610684\">https:\/\/www.facebook.com\/AssembleeChretienneBelfortMontbeliard\/videos\/466983479610684<\/a><\/p>\n\n\n\n<p><strong><em>Missionnaire en Chine<\/em><\/strong><\/p>\n\n\n\n<figure class=\"wp-block-image size-full\"><img decoding=\"async\" loading=\"lazy\" width=\"401\" height=\"490\" src=\"https:\/\/allez-yalla.com\/wp-content\/uploads\/2025\/09\/Capture-decran-2025-09-12-205827.png\" alt=\"\" class=\"wp-image-19430\" srcset=\"https:\/\/allez-yalla.com\/wp-content\/uploads\/2025\/09\/Capture-decran-2025-09-12-205827.png 401w, https:\/\/allez-yalla.com\/wp-content\/uploads\/2025\/09\/Capture-decran-2025-09-12-205827-246x300.png 246w\" sizes=\"(max-width: 401px) 85vw, 401px\" \/><\/figure>\n\n\n\n<p><\/p>\n\n\n\n<p><strong><u>Au Vietnam.<\/u><\/strong><\/p>\n\n\n\n<figure class=\"wp-block-image size-full\"><img decoding=\"async\" loading=\"lazy\" width=\"482\" height=\"586\" src=\"https:\/\/allez-yalla.com\/wp-content\/uploads\/2025\/09\/1.png\" alt=\"\" class=\"wp-image-19403\" srcset=\"https:\/\/allez-yalla.com\/wp-content\/uploads\/2025\/09\/1.png 482w, https:\/\/allez-yalla.com\/wp-content\/uploads\/2025\/09\/1-247x300.png 247w\" sizes=\"(max-width: 482px) 85vw, 482px\" \/><\/figure>\n\n\n\n<p>Revue Magnificat. www.magnificat.fr<\/p>\n\n\n\n<p><strong><u>En Alg\u00e9rie&nbsp;<\/u><\/strong><\/p>\n\n\n\n<figure class=\"wp-block-image size-full\"><img decoding=\"async\" loading=\"lazy\" width=\"422\" height=\"571\" src=\"https:\/\/allez-yalla.com\/wp-content\/uploads\/2025\/09\/2.png\" alt=\"\" class=\"wp-image-19404\" srcset=\"https:\/\/allez-yalla.com\/wp-content\/uploads\/2025\/09\/2.png 422w, https:\/\/allez-yalla.com\/wp-content\/uploads\/2025\/09\/2-222x300.png 222w\" sizes=\"(max-width: 422px) 85vw, 422px\" \/><\/figure>\n\n\n\n<p><\/p>\n\n\n\n<p><strong><u>En Asie,  au Mexique<\/u><\/strong><\/p>\n\n\n\n<figure class=\"wp-block-image size-full\"><img decoding=\"async\" loading=\"lazy\" width=\"430\" height=\"574\" src=\"https:\/\/allez-yalla.com\/wp-content\/uploads\/2025\/09\/Capture-decran-2025-09-11-231529.png\" alt=\"\" class=\"wp-image-19407\" srcset=\"https:\/\/allez-yalla.com\/wp-content\/uploads\/2025\/09\/Capture-decran-2025-09-11-231529.png 430w, https:\/\/allez-yalla.com\/wp-content\/uploads\/2025\/09\/Capture-decran-2025-09-11-231529-225x300.png 225w\" sizes=\"(max-width: 430px) 85vw, 430px\" \/><\/figure>\n\n\n\n<p><\/p>\n\n\n\n<p><strong><u>En France<\/u><\/strong><\/p>\n\n\n\n<figure class=\"wp-block-image size-full\"><img decoding=\"async\" loading=\"lazy\" width=\"401\" height=\"275\" src=\"https:\/\/allez-yalla.com\/wp-content\/uploads\/2025\/09\/3.png\" alt=\"\" class=\"wp-image-19408\" srcset=\"https:\/\/allez-yalla.com\/wp-content\/uploads\/2025\/09\/3.png 401w, https:\/\/allez-yalla.com\/wp-content\/uploads\/2025\/09\/3-300x206.png 300w\" sizes=\"(max-width: 401px) 85vw, 401px\" \/><\/figure>\n\n\n\n<figure class=\"wp-block-image size-full\"><img decoding=\"async\" loading=\"lazy\" width=\"437\" height=\"539\" src=\"https:\/\/allez-yalla.com\/wp-content\/uploads\/2025\/09\/5.png\" alt=\"\" class=\"wp-image-19409\" srcset=\"https:\/\/allez-yalla.com\/wp-content\/uploads\/2025\/09\/5.png 437w, https:\/\/allez-yalla.com\/wp-content\/uploads\/2025\/09\/5-243x300.png 243w\" sizes=\"(max-width: 437px) 85vw, 437px\" \/><\/figure>\n\n\n\n<p><\/p>\n\n\n\n<figure class=\"wp-block-image size-full\"><img decoding=\"async\" loading=\"lazy\" width=\"437\" height=\"539\" src=\"https:\/\/allez-yalla.com\/wp-content\/uploads\/2025\/09\/5-1.png\" alt=\"\" class=\"wp-image-19410\" srcset=\"https:\/\/allez-yalla.com\/wp-content\/uploads\/2025\/09\/5-1.png 437w, https:\/\/allez-yalla.com\/wp-content\/uploads\/2025\/09\/5-1-243x300.png 243w\" sizes=\"(max-width: 437px) 85vw, 437px\" \/><\/figure>\n\n\n\n<figure class=\"wp-block-pullquote\"><blockquote><p>DIEU NE VEUT PAS LA GUERRE , IL VEUT LA PAIX!                                             PRIONS SANS CESSE  POUR LA PAIX<\/p><\/blockquote><\/figure>\n\n\n\n<p><\/p>\n\n\n\n<figure class=\"wp-block-embed is-type-video is-provider-youtube wp-block-embed-youtube wp-embed-aspect-16-9 wp-has-aspect-ratio\"><div class=\"wp-block-embed__wrapper\">\n<iframe loading=\"lazy\" title=\"\ud83d\ude4f\ufeff CHAPELET de la MIS\u00c9RICORDE DIVINE \u2764\ufe0f Jeudi 11 Septembre 2025\" width=\"840\" height=\"473\" src=\"https:\/\/www.youtube.com\/embed\/QO7_nWq8oKc?feature=oembed\" frameborder=\"0\" allow=\"accelerometer; autoplay; clipboard-write; encrypted-media; gyroscope; picture-in-picture; web-share\" referrerpolicy=\"strict-origin-when-cross-origin\" allowfullscreen><\/iframe>\n<\/div><\/figure>\n\n\n\n<figure class=\"wp-block-embed is-type-video is-provider-youtube wp-block-embed-youtube wp-embed-aspect-16-9 wp-has-aspect-ratio\"><div class=\"wp-block-embed__wrapper\">\n<iframe loading=\"lazy\" title=\"CHAPELET - NDML \ud83d\ude4f Jeudi 11 Septembre\" width=\"840\" height=\"473\" src=\"https:\/\/www.youtube.com\/embed\/0X-zt0CWmOI?feature=oembed\" frameborder=\"0\" allow=\"accelerometer; autoplay; clipboard-write; encrypted-media; gyroscope; picture-in-picture; web-share\" referrerpolicy=\"strict-origin-when-cross-origin\" allowfullscreen><\/iframe>\n<\/div><\/figure>\n\n\n\n<figure class=\"wp-block-embed is-type-video is-provider-youtube wp-block-embed-youtube wp-embed-aspect-16-9 wp-has-aspect-ratio\"><div class=\"wp-block-embed__wrapper\">\n<iframe loading=\"lazy\" title=\"Par toute la terre  |  Emmanuel Music\" width=\"840\" height=\"473\" src=\"https:\/\/www.youtube.com\/embed\/zMHbbpWQHHM?feature=oembed\" frameborder=\"0\" allow=\"accelerometer; autoplay; clipboard-write; encrypted-media; gyroscope; picture-in-picture; web-share\" referrerpolicy=\"strict-origin-when-cross-origin\" allowfullscreen><\/iframe>\n<\/div><\/figure>\n\n\n\n<p><strong><em>Pardonnez Onel MALA<\/em><\/strong>: cliquez! <\/p>\n\n\n\n<figure class=\"wp-block-embed is-type-video is-provider-youtube wp-block-embed-youtube wp-embed-aspect-4-3 wp-has-aspect-ratio\"><div class=\"wp-block-embed__wrapper\">\n<iframe loading=\"lazy\" title=\"Pardonnez   Onel MALA\" width=\"840\" height=\"630\" src=\"https:\/\/www.youtube.com\/embed\/0Oj_wdC1o3E?feature=oembed\" frameborder=\"0\" allow=\"accelerometer; autoplay; clipboard-write; encrypted-media; gyroscope; picture-in-picture; web-share\" referrerpolicy=\"strict-origin-when-cross-origin\" allowfullscreen><\/iframe>\n<\/div><\/figure>\n\n\n\n<figure class=\"wp-block-image size-full is-resized\"><img decoding=\"async\" loading=\"lazy\" width=\"526\" height=\"526\" src=\"https:\/\/allez-yalla.com\/wp-content\/uploads\/2025\/09\/544890340_1130558945876570_8513292196208666127_n.jpg\" alt=\"\" class=\"wp-image-19399\" style=\"aspect-ratio:1;width:634px;height:auto\" srcset=\"https:\/\/allez-yalla.com\/wp-content\/uploads\/2025\/09\/544890340_1130558945876570_8513292196208666127_n.jpg 526w, https:\/\/allez-yalla.com\/wp-content\/uploads\/2025\/09\/544890340_1130558945876570_8513292196208666127_n-300x300.jpg 300w, https:\/\/allez-yalla.com\/wp-content\/uploads\/2025\/09\/544890340_1130558945876570_8513292196208666127_n-150x150.jpg 150w\" sizes=\"(max-width: 526px) 85vw, 526px\" \/><\/figure>\n","protected":false},"excerpt":{"rendered":"<p>\u00ab&nbsp;Aimez vos ennemis&nbsp;\u00bb Comment peut-on en arriver \u00e0 aimer des terroristes? &nbsp; \u00ab\u00a0Aimez vos ennemis\u00a0\u00bb: C\u2019est la parole biblique entendue ce 11 septembre \u00e0 la messe. https:\/\/freedom.fr\/11-septembre-vingt-quatre-ans-apres-le-souvenir-toujours-vivace-des-attentats-contre-les-tours-jumelles\/ Les chr\u00e9tiens le savent. L\u2019Evangile nous invite \u00e0 aimer m\u00eame ceux qui nous ha\u00efssent. Pour nous, chr\u00e9tiens, c\u2019est le monde \u00e0 l\u2019envers. \u00abJe vous le dis, \u00e0 vous &hellip; <a href=\"https:\/\/allez-yalla.com\/index.php\/2025\/09\/12\/aimez-vos-ennemis-faites-du-bien-a-ceux-qui-vous-haissent-jesus-christ\/\" class=\"more-link\">Continuer la lecture<span class=\"screen-reader-text\"> de &laquo;&nbsp;\u00ab\u00a0Aimez vos ennemis, faites du bien \u00e0 ceux qui vous ha\u00efssent.\u00a0\u00bb (J\u00e9sus-Christ)&nbsp;&raquo;<\/span><\/a><\/p>\n","protected":false},"author":1,"featured_media":0,"comment_status":"closed","ping_status":"closed","sticky":false,"template":"","format":"standard","meta":{"footnotes":""},"categories":[601,345,239,238,593,299,918,1060,312],"tags":[166],"_links":{"self":[{"href":"https:\/\/allez-yalla.com\/index.php\/wp-json\/wp\/v2\/posts\/19397"}],"collection":[{"href":"https:\/\/allez-yalla.com\/index.php\/wp-json\/wp\/v2\/posts"}],"about":[{"href":"https:\/\/allez-yalla.com\/index.php\/wp-json\/wp\/v2\/types\/post"}],"author":[{"embeddable":true,"href":"https:\/\/allez-yalla.com\/index.php\/wp-json\/wp\/v2\/users\/1"}],"replies":[{"embeddable":true,"href":"https:\/\/allez-yalla.com\/index.php\/wp-json\/wp\/v2\/comments?post=19397"}],"version-history":[{"count":10,"href":"https:\/\/allez-yalla.com\/index.php\/wp-json\/wp\/v2\/posts\/19397\/revisions"}],"predecessor-version":[{"id":19431,"href":"https:\/\/allez-yalla.com\/index.php\/wp-json\/wp\/v2\/posts\/19397\/revisions\/19431"}],"wp:attachment":[{"href":"https:\/\/allez-yalla.com\/index.php\/wp-json\/wp\/v2\/media?parent=19397"}],"wp:term":[{"taxonomy":"category","embeddable":true,"href":"https:\/\/allez-yalla.com\/index.php\/wp-json\/wp\/v2\/categories?post=19397"},{"taxonomy":"post_tag","embeddable":true,"href":"https:\/\/allez-yalla.com\/index.php\/wp-json\/wp\/v2\/tags?post=19397"}],"curies":[{"name":"wp","href":"https:\/\/api.w.org\/{rel}","templated":true}]}}