{"id":15595,"date":"2024-12-10T07:12:32","date_gmt":"2024-12-10T06:12:32","guid":{"rendered":"https:\/\/allez-yalla.com\/?p=15595"},"modified":"2024-12-10T20:00:14","modified_gmt":"2024-12-10T19:00:14","slug":"laccueil-des-migrants-grace-aux-couloirs-humanitaires-est-une-affaire-de-droits-humains","status":"publish","type":"post","link":"https:\/\/allez-yalla.com\/index.php\/2024\/12\/10\/laccueil-des-migrants-grace-aux-couloirs-humanitaires-est-une-affaire-de-droits-humains\/","title":{"rendered":"L\u2019accueil des migrants via les couloirs humanitaires est une affaire de \u00ab\u00a0Droits Humains\u00a0\u00bb."},"content":{"rendered":"\n<figure class=\"wp-block-image size-full is-resized\"><img decoding=\"async\" loading=\"lazy\" width=\"220\" height=\"220\" src=\"https:\/\/allez-yalla.com\/wp-content\/uploads\/2024\/12\/th-4.jpg\" alt=\"\" class=\"wp-image-15596\" style=\"aspect-ratio:1;width:354px;height:auto\" srcset=\"https:\/\/allez-yalla.com\/wp-content\/uploads\/2024\/12\/th-4.jpg 220w, https:\/\/allez-yalla.com\/wp-content\/uploads\/2024\/12\/th-4-150x150.jpg 150w\" sizes=\"(max-width: 220px) 85vw, 220px\" \/><\/figure>\n\n\n\n<p><em>\u00ab\u00a0Avec ce projet, Sant\u2019Egidio , en \u00e9troite collaboration avec le gouvernement et\u00a0 un certain nombre de partenaires \u0153cum\u00e9niques, assure le passage s\u00fbr et l\u00e9gal des r\u00e9fugi\u00e9s au profil vuln\u00e9rable.\u00a0\u00bb<\/em><\/p>\n\n\n\n<p>Il est pr\u00e9f\u00e9rable de vivre dans son pays d\u2019origine. H\u00e9las, il arrive trop souvent que l\u2019\u00e9migration soit la seule issue \u00e0 une vie inhumaine. Quel parent ne souhaite pas que son enfant vive dans un pays relativement en paix&nbsp;?<\/p>\n\n\n\n<p>Les couloirs humanitaires permettent \u00e0 des personnes de quitter leur pays et d\u2019aller &nbsp;en toute l\u00e9galit\u00e9 et humanit\u00e9 dans un pays d\u2019accueil.<\/p>\n\n\n\n<h2 class=\"wp-block-heading\"><strong>Pr\u00e9sentation du projet \u00ab\u00a0couloirs humanitaires\u00a0\u00bb<\/strong><\/h2>\n\n\n\n<figure class=\"wp-block-embed is-type-video is-provider-youtube wp-block-embed-youtube wp-embed-aspect-16-9 wp-has-aspect-ratio\"><div class=\"wp-block-embed__wrapper\">\n<iframe loading=\"lazy\" title=\"Pr\u00e9sentation du projet &quot;couloirs humanitaires&quot; en partenariat avec l&#039;Etat fran\u00e7ais\" width=\"840\" height=\"473\" src=\"https:\/\/www.youtube.com\/embed\/eGcZV5e90Xs?feature=oembed\" frameborder=\"0\" allow=\"accelerometer; autoplay; clipboard-write; encrypted-media; gyroscope; picture-in-picture; web-share\" referrerpolicy=\"strict-origin-when-cross-origin\" allowfullscreen><\/iframe>\n<\/div><\/figure>\n\n\n\n<p><\/p>\n\n\n\n<figure class=\"wp-block-image size-full\"><img decoding=\"async\" loading=\"lazy\" width=\"739\" height=\"809\" src=\"https:\/\/allez-yalla.com\/wp-content\/uploads\/2024\/12\/Capture-decran-2024-12-10-064256.png\" alt=\"\" class=\"wp-image-15597\" srcset=\"https:\/\/allez-yalla.com\/wp-content\/uploads\/2024\/12\/Capture-decran-2024-12-10-064256.png 739w, https:\/\/allez-yalla.com\/wp-content\/uploads\/2024\/12\/Capture-decran-2024-12-10-064256-274x300.png 274w\" sizes=\"(max-width: 709px) 85vw, (max-width: 909px) 67vw, (max-width: 984px) 61vw, (max-width: 1362px) 45vw, 600px\" \/><\/figure>\n\n\n\n<p><a href=\"https:\/\/www.santegidio.be\/wp-content\/uploads\/2019\/12\/Handbook-Couloirs-Humanitaires.pdf\">https:\/\/www.santegidio.be\/wp-content\/uploads\/2019\/12\/Handbook-Couloirs-Humanitaires.pdf<\/a><\/p>\n\n\n\n<h2 class=\"wp-block-heading\"><strong><u>APPEL A SERVIR<\/u><\/strong><\/h2>\n\n\n\n<p>Par courrier postal, \u00a0j\u2019ai re\u00e7u cette lettre. Sant\u2019Egidio lance un appel \u00e0 l\u2019accueil du migrant, mais il ne s\u2019arr\u00eate pas\u00a0 l\u00e0. \u00a0Sant\u2019Egidio, c\u2019est aussi des visites aux personnes \u00e2g\u00e9es, des repas partag\u00e9s avec les pauvres , des \u00e9coles de la Paix\u2026 \u00a0Ne nous croisons pas les bras\u00a0! Il faut agir\u00a0! <\/p>\n\n\n\n<figure class=\"wp-block-image size-full\"><img decoding=\"async\" loading=\"lazy\" width=\"569\" height=\"911\" src=\"https:\/\/allez-yalla.com\/wp-content\/uploads\/2024\/12\/Capture-decran-2024-12-10-070158.png\" alt=\"\" class=\"wp-image-15598\" srcset=\"https:\/\/allez-yalla.com\/wp-content\/uploads\/2024\/12\/Capture-decran-2024-12-10-070158.png 569w, https:\/\/allez-yalla.com\/wp-content\/uploads\/2024\/12\/Capture-decran-2024-12-10-070158-187x300.png 187w\" sizes=\"(max-width: 569px) 85vw, 569px\" \/><\/figure>\n\n\n\n<figure class=\"wp-block-image size-full\"><img decoding=\"async\" loading=\"lazy\" width=\"704\" height=\"885\" src=\"https:\/\/allez-yalla.com\/wp-content\/uploads\/2024\/12\/Capture-decran-2024-12-10-064833.png\" alt=\"\" class=\"wp-image-15599\" srcset=\"https:\/\/allez-yalla.com\/wp-content\/uploads\/2024\/12\/Capture-decran-2024-12-10-064833.png 704w, https:\/\/allez-yalla.com\/wp-content\/uploads\/2024\/12\/Capture-decran-2024-12-10-064833-239x300.png 239w\" sizes=\"(max-width: 709px) 85vw, (max-width: 909px) 67vw, (max-width: 984px) 61vw, (max-width: 1362px) 45vw, 600px\" \/><\/figure>\n\n\n\n<figure class=\"wp-block-image size-full\"><img decoding=\"async\" loading=\"lazy\" width=\"673\" height=\"148\" src=\"https:\/\/allez-yalla.com\/wp-content\/uploads\/2024\/12\/Capture-decran-2024-12-10-064906.png\" alt=\"\" class=\"wp-image-15600\" srcset=\"https:\/\/allez-yalla.com\/wp-content\/uploads\/2024\/12\/Capture-decran-2024-12-10-064906.png 673w, https:\/\/allez-yalla.com\/wp-content\/uploads\/2024\/12\/Capture-decran-2024-12-10-064906-300x66.png 300w\" sizes=\"(max-width: 709px) 85vw, (max-width: 909px) 67vw, (max-width: 984px) 61vw, (max-width: 1362px) 45vw, 600px\" \/><\/figure>\n\n\n\n<p><\/p>\n\n\n\n<figure class=\"wp-block-image size-full\"><img decoding=\"async\" loading=\"lazy\" width=\"480\" height=\"494\" src=\"https:\/\/allez-yalla.com\/wp-content\/uploads\/2024\/12\/20994286_1551822921505379_7189428319045914245_n.jpg\" alt=\"\" class=\"wp-image-15604\" srcset=\"https:\/\/allez-yalla.com\/wp-content\/uploads\/2024\/12\/20994286_1551822921505379_7189428319045914245_n.jpg 480w, https:\/\/allez-yalla.com\/wp-content\/uploads\/2024\/12\/20994286_1551822921505379_7189428319045914245_n-291x300.jpg 291w\" sizes=\"(max-width: 480px) 85vw, 480px\" \/><\/figure>\n\n\n\n<h2 class=\"wp-block-heading\">Paroles bibliques<\/h2>\n\n\n\n<blockquote class=\"wp-block-quote\">\n<p><strong>12<\/strong>&nbsp;\u00ab&nbsp;Donc, tout ce que vous voudriez que les autres fassent pour vous, faites-le pour eux, vous aussi&nbsp;: voil\u00e0 ce que disent la Loi et les Proph\u00e8tes. <a href=\"https:\/\/www.aelf.org\/bible\/Mt\/7\">https:\/\/www.aelf.org\/bible\/Mt\/7<\/a><\/p>\n<\/blockquote>\n\n\n\n<blockquote class=\"wp-block-quote\">\n<p><strong>01<\/strong>&nbsp;Que demeure l\u2019amour fraternel&nbsp;! <strong>02<\/strong>&nbsp;N\u2019oubliez pas l\u2019hospitalit\u00e9&nbsp;: elle a permis \u00e0 certains, sans le savoir, de recevoir chez eux des anges. <strong>03<\/strong>&nbsp;Souvenez-vous de ceux qui sont en prison, comme si vous \u00e9tiez prisonniers avec eux. Souvenez-vous de ceux qui sont maltrait\u00e9s, car vous aussi, vous avez un corps. <a href=\"https:\/\/www.aelf.org\/bible\/He\/13\">https:\/\/www.aelf.org\/bible\/He\/13<\/a><\/p>\n<\/blockquote>\n\n\n\n<p><\/p>\n\n\n\n<figure class=\"wp-block-image size-full\"><img decoding=\"async\" loading=\"lazy\" width=\"600\" height=\"369\" src=\"https:\/\/allez-yalla.com\/wp-content\/uploads\/2024\/12\/14717163_1162590297109861_8528413012374263635_n.jpg\" alt=\"\" class=\"wp-image-15607\" srcset=\"https:\/\/allez-yalla.com\/wp-content\/uploads\/2024\/12\/14717163_1162590297109861_8528413012374263635_n.jpg 600w, https:\/\/allez-yalla.com\/wp-content\/uploads\/2024\/12\/14717163_1162590297109861_8528413012374263635_n-300x185.jpg 300w\" sizes=\"(max-width: 709px) 85vw, (max-width: 909px) 67vw, (max-width: 984px) 61vw, (max-width: 1362px) 45vw, 600px\" \/><\/figure>\n\n\n\n<p><a href=\"https:\/\/www.facebook.com\/moustafa.jacoub\">https:\/\/www.facebook.com\/moustafa.jacoub<\/a><\/p>\n","protected":false},"excerpt":{"rendered":"<p>\u00ab\u00a0Avec ce projet, Sant\u2019Egidio , en \u00e9troite collaboration avec le gouvernement et\u00a0 un certain nombre de partenaires \u0153cum\u00e9niques, assure le passage s\u00fbr et l\u00e9gal des r\u00e9fugi\u00e9s au profil vuln\u00e9rable.\u00a0\u00bb Il est pr\u00e9f\u00e9rable de vivre dans son pays d\u2019origine. H\u00e9las, il arrive trop souvent que l\u2019\u00e9migration soit la seule issue \u00e0 une vie inhumaine. Quel parent &hellip; <a href=\"https:\/\/allez-yalla.com\/index.php\/2024\/12\/10\/laccueil-des-migrants-grace-aux-couloirs-humanitaires-est-une-affaire-de-droits-humains\/\" class=\"more-link\">Continuer la lecture<span class=\"screen-reader-text\"> de &laquo;&nbsp;L\u2019accueil des migrants via les couloirs humanitaires est une affaire de \u00ab\u00a0Droits Humains\u00a0\u00bb.&nbsp;&raquo;<\/span><\/a><\/p>\n","protected":false},"author":1,"featured_media":0,"comment_status":"closed","ping_status":"closed","sticky":false,"template":"","format":"standard","meta":{"footnotes":""},"categories":[727,752,138,238,519],"tags":[753,679],"_links":{"self":[{"href":"https:\/\/allez-yalla.com\/index.php\/wp-json\/wp\/v2\/posts\/15595"}],"collection":[{"href":"https:\/\/allez-yalla.com\/index.php\/wp-json\/wp\/v2\/posts"}],"about":[{"href":"https:\/\/allez-yalla.com\/index.php\/wp-json\/wp\/v2\/types\/post"}],"author":[{"embeddable":true,"href":"https:\/\/allez-yalla.com\/index.php\/wp-json\/wp\/v2\/users\/1"}],"replies":[{"embeddable":true,"href":"https:\/\/allez-yalla.com\/index.php\/wp-json\/wp\/v2\/comments?post=15595"}],"version-history":[{"count":8,"href":"https:\/\/allez-yalla.com\/index.php\/wp-json\/wp\/v2\/posts\/15595\/revisions"}],"predecessor-version":[{"id":15613,"href":"https:\/\/allez-yalla.com\/index.php\/wp-json\/wp\/v2\/posts\/15595\/revisions\/15613"}],"wp:attachment":[{"href":"https:\/\/allez-yalla.com\/index.php\/wp-json\/wp\/v2\/media?parent=15595"}],"wp:term":[{"taxonomy":"category","embeddable":true,"href":"https:\/\/allez-yalla.com\/index.php\/wp-json\/wp\/v2\/categories?post=15595"},{"taxonomy":"post_tag","embeddable":true,"href":"https:\/\/allez-yalla.com\/index.php\/wp-json\/wp\/v2\/tags?post=15595"}],"curies":[{"name":"wp","href":"https:\/\/api.w.org\/{rel}","templated":true}]}}