{"id":15415,"date":"2024-11-28T22:17:05","date_gmt":"2024-11-28T21:17:05","guid":{"rendered":"https:\/\/allez-yalla.com\/?p=15415"},"modified":"2025-11-12T13:21:25","modified_gmt":"2025-11-12T12:21:25","slug":"tous-saints-a-lecole-de-labbe-poppe","status":"publish","type":"post","link":"https:\/\/allez-yalla.com\/index.php\/2024\/11\/28\/tous-saints-a-lecole-de-labbe-poppe\/","title":{"rendered":"Tous saints \u00e0 l\u2019\u00e9cole de l\u2019abb\u00e9 Poppe."},"content":{"rendered":"\n<p><strong><u>Trop de mal dans l\u2019Eglise a port\u00e9 ombrage aux nombreux bons pr\u00eatres.  R\u00e9agissons en mettant \u00e0 l&rsquo;honneur des saints parmi eux. <\/u><\/strong><\/p>\n\n\n\n<figure class=\"wp-block-image size-full\"><img decoding=\"async\" loading=\"lazy\" width=\"732\" height=\"654\" src=\"https:\/\/allez-yalla.com\/wp-content\/uploads\/2024\/11\/Capture-decran-2024-11-28-211455.png\" alt=\"\" class=\"wp-image-15416\" srcset=\"https:\/\/allez-yalla.com\/wp-content\/uploads\/2024\/11\/Capture-decran-2024-11-28-211455.png 732w, https:\/\/allez-yalla.com\/wp-content\/uploads\/2024\/11\/Capture-decran-2024-11-28-211455-300x268.png 300w\" sizes=\"(max-width: 709px) 85vw, (max-width: 909px) 67vw, (max-width: 984px) 61vw, (max-width: 1362px) 45vw, 600px\" \/><\/figure>\n\n\n\n<h2 class=\"wp-block-heading\">Edouard Poppe, bient\u00f4t canonis\u00e9? <\/h2>\n\n\n\n<p>Edouard Poppe est un pr\u00eatre belge, n\u00e9 \u00e0 Temse, en Flandre. Dieu l\u2019a fa\u00e7onn\u00e9 en un saint homme que nous avons tous int\u00e9ret \u00e0 d\u00e9couvrir si nous avons le souci de la transmission de la foi. Poppe a \u00e9t\u00e9 b\u00e9atifi\u00e9 en 1999 et nous souhaitons qu\u2019il soit canonis\u00e9.<\/p>\n\n\n\n<h2 class=\"wp-block-heading\">Jean-Luc Moens tient \u00e0 le faire connaitre. <\/h2>\n\n\n\n<figure class=\"wp-block-embed is-type-video is-provider-youtube wp-block-embed-youtube wp-embed-aspect-16-9 wp-has-aspect-ratio\"><div class=\"wp-block-embed__wrapper\">\n<iframe loading=\"lazy\" title=\"Edouard Poppe\" width=\"840\" height=\"473\" src=\"https:\/\/www.youtube.com\/embed\/SwqeJ9H_vTA?feature=oembed\" frameborder=\"0\" allow=\"accelerometer; autoplay; clipboard-write; encrypted-media; gyroscope; picture-in-picture; web-share\" referrerpolicy=\"strict-origin-when-cross-origin\" allowfullscreen><\/iframe>\n<\/div><\/figure>\n\n\n\n<h2 class=\"wp-block-heading\"><strong><u><em>\u00ab\u00a0Devenir saint, un jeu d\u2019enfan? \u00a0<\/em>\u00bb<\/u><\/strong><\/h2>\n\n\n\n<p>L&rsquo;Abb\u00e9 Poppe nous dit: <em>\u00ab&nbsp;D\u2019abord le vouloir fermement. Sans cela c\u2019est un va-et-vient continuel et jamais une mont\u00e9e. Puis, tout attendre de Dieu. On sent si vite que l\u2019on b\u00e2tit sur le sable. Nous ne pouvons m\u00eame pas poser la premi\u00e8re pierre car nous voulons jouer nous-m\u00eames \u00e0 l\u2019architecte et au patron, cela commence \u00e0 ressembler \u00e0 la tour de Babel.&nbsp;\u00bb<\/em>&nbsp; (revue \u00ab\u00a0Il est vivant\u00a0\u00bb 144)<\/p>\n\n\n\n<figure class=\"wp-block-image size-full\"><img decoding=\"async\" loading=\"lazy\" width=\"526\" height=\"772\" src=\"https:\/\/allez-yalla.com\/wp-content\/uploads\/2024\/11\/Capture-decran-2024-11-25-164606.png\" alt=\"\" class=\"wp-image-15418\" srcset=\"https:\/\/allez-yalla.com\/wp-content\/uploads\/2024\/11\/Capture-decran-2024-11-25-164606.png 526w, https:\/\/allez-yalla.com\/wp-content\/uploads\/2024\/11\/Capture-decran-2024-11-25-164606-204x300.png 204w\" sizes=\"(max-width: 526px) 85vw, 526px\" \/><\/figure>\n\n\n\n<p>Revue de la Communaut\u00e9 de l&rsquo;Emmanuel. <\/p>\n\n\n\n<h2 class=\"wp-block-heading\"><strong><u>La Providence au rendez-vous, Dieu&nbsp; donne \u00e0 tout le monde les moyens de se sanctifier.<\/u><\/strong><\/h2>\n\n\n\n<figure class=\"wp-block-image size-full is-resized\"><img decoding=\"async\" loading=\"lazy\" width=\"267\" height=\"189\" src=\"https:\/\/allez-yalla.com\/wp-content\/uploads\/2024\/11\/download.jpg\" alt=\"\" class=\"wp-image-15463\" style=\"aspect-ratio:1.4126984126984128;width:576px;height:auto\"\/><\/figure>\n\n\n\n<p><\/p>\n\n\n\n<blockquote class=\"wp-block-quote\">\n<p><strong>01<\/strong>&nbsp;Je me suis laiss\u00e9 approcher par qui ne me demandait rien, je me suis laiss\u00e9 trouver par ceux qui ne me cherchaient pas. J\u2019ai dit&nbsp;: \u00ab&nbsp;Me voici&nbsp;! Me voici&nbsp;!&nbsp;\u00bb \u00e0 une nation qui n\u2019invoquait pas mon nom. <a href=\"https:\/\/www.aelf.org\/bible\/Is\/65\">https:\/\/www.aelf.org\/bible\/Is\/65<\/a><\/p>\n<\/blockquote>\n\n\n\n<figure class=\"wp-block-image size-full is-resized\"><img decoding=\"async\" loading=\"lazy\" width=\"403\" height=\"537\" src=\"https:\/\/allez-yalla.com\/wp-content\/uploads\/2024\/11\/53636718_2023555887766651_1353203796783661056_n-rotated.jpg\" alt=\"\" class=\"wp-image-15436\" style=\"aspect-ratio:0.750465549348231;width:321px;height:auto\" srcset=\"https:\/\/allez-yalla.com\/wp-content\/uploads\/2024\/11\/53636718_2023555887766651_1353203796783661056_n-rotated.jpg 403w, https:\/\/allez-yalla.com\/wp-content\/uploads\/2024\/11\/53636718_2023555887766651_1353203796783661056_n-225x300.jpg 225w\" sizes=\"(max-width: 403px) 85vw, 403px\" \/><\/figure>\n\n\n\n<p>Dessin de + p\u00e8re Omer de Scourmont. <\/p>\n\n\n\n<h2 class=\"wp-block-heading\"><em><u>L\u2019Eucharistie, l\u2019adoration, la d\u00e9couverte de la vie des saints, la m\u00e9ditation du Rosaire, l\u2019accompagnement spirituel, les promenades dans la nature, les retraites  &#8230; fa\u00e7onnent les saints.<\/u><\/em><\/h2>\n\n\n\n<p>Lors de son court s\u00e9jour \u00e0 Bourlers, Edouard&nbsp; profita de l\u2019occasion pour aller en retraite \u00e0 l\u2019abbaye de Scourmont et ainsi grandir en saintet\u00e9. C\u2019\u00e9tait d\u00e9but d\u00e9cembre 1914, il y a 110 ans tout juste.<\/p>\n\n\n\n<p>NB&nbsp;: <em>Fort heureusement, les retraites en cet endroit continuent. Fin novembre 2024, des pr\u00eatres du dioc\u00e8se de Soissons&nbsp; participent \u00e0 Scourmont \u00e0 une retraite sacerdotale avec les p\u00e8res \u00e9v\u00eaque et archev\u00eaque.&nbsp;&nbsp;<\/em><\/p>\n\n\n\n<p><em>Esp\u00e9rons que le passage de ces pr\u00eatres \u00e0 Scourmont marquera une \u00e9tape importante dans leur vie spirituelle. Il faut beaucoup prier pour les pr\u00eatres, nous demande la Vierge Marie.<\/em><\/p>\n\n\n\n<figure class=\"wp-block-image size-large\"><img decoding=\"async\" loading=\"lazy\" width=\"1024\" height=\"576\" src=\"https:\/\/allez-yalla.com\/wp-content\/uploads\/2024\/11\/WhatsApp-Image-2024-11-28-a-11.29.06_9dbbbb76-1024x576.jpg\" alt=\"\" class=\"wp-image-15419\" srcset=\"https:\/\/allez-yalla.com\/wp-content\/uploads\/2024\/11\/WhatsApp-Image-2024-11-28-a-11.29.06_9dbbbb76-1024x576.jpg 1024w, https:\/\/allez-yalla.com\/wp-content\/uploads\/2024\/11\/WhatsApp-Image-2024-11-28-a-11.29.06_9dbbbb76-300x169.jpg 300w, https:\/\/allez-yalla.com\/wp-content\/uploads\/2024\/11\/WhatsApp-Image-2024-11-28-a-11.29.06_9dbbbb76-768x432.jpg 768w, https:\/\/allez-yalla.com\/wp-content\/uploads\/2024\/11\/WhatsApp-Image-2024-11-28-a-11.29.06_9dbbbb76-1536x864.jpg 1536w, https:\/\/allez-yalla.com\/wp-content\/uploads\/2024\/11\/WhatsApp-Image-2024-11-28-a-11.29.06_9dbbbb76-1200x675.jpg 1200w, https:\/\/allez-yalla.com\/wp-content\/uploads\/2024\/11\/WhatsApp-Image-2024-11-28-a-11.29.06_9dbbbb76.jpg 2048w\" sizes=\"(max-width: 709px) 85vw, (max-width: 909px) 67vw, (max-width: 1362px) 62vw, 840px\" \/><\/figure>\n\n\n\n<p><\/p>\n\n\n\n<h2 class=\"wp-block-heading\">\u00ab\u00a0<strong><u><em>L&rsquo;id\u00e9al de saintet\u00e9 est-il une chim\u00e8re?\u00a0\u00bb<\/em> Comme chacun de nous, Poppe se pose des questions. &nbsp;<\/u><\/strong><\/h2>\n\n\n\n<p>\u00ab&nbsp;La pri\u00e8re lui devient p\u00e9nible, la s\u00e9cheresse l&rsquo;envahit, m\u00eame lorsqu&rsquo;il invoque la Sainte Vierge. Il ne voit plus dans sa vie qu&rsquo;\u00e9go\u00efsme, l\u00e2chet\u00e9, vaine sentimentalit\u00e9, jusque dans la pri\u00e8re. \u00ab Comment croire que Dieu aime un \u00eatre aussi vil ?\u00bb Et lui qui avait pr\u00e9tendu devenir un saint! Par un bon r\u00e9flexe, il s&rsquo;ouvre de ces pens\u00e9es \u00e0 son directeur spirituel, qui lui r\u00e9pond : \u00ab Dites souvent: \u00abSeigneur, je crois, mais aidez-moi\u00bb. Surtout, ne vous d\u00e9couragez pas. Regardez le crucifix : vous y trouverez la paix joyeuse du sacrifice \u00bb. \u00c9douard suit ces pr\u00e9cieux conseils et, peu \u00e0 peu, sous l&rsquo;influence mis\u00e9ricordieuse de Marie, le brouillard \u00e9pais qui l&rsquo;entoure se dissipe. Dans la contemplation du crucifix, il ressent vivement le besoin de partager la souffrance du Christ, et devine la myst\u00e9rieuse relation qui lie la souffrance \u00e0 l&rsquo;amour.&nbsp;\u00bb<\/p>\n\n\n\n<p><a href=\"https:\/\/www.clerus.org\/clerus\/dati\/2009-06\/24-13\/FR_Poppe.html\">https:\/\/www.clerus.org\/clerus\/dati\/2009-06\/24-13\/FR_Poppe.html<\/a><\/p>\n\n\n\n<h2 class=\"wp-block-heading\"><strong><u>Pour \u00e9tendre la \u00ab&nbsp;croisade eucharistique&nbsp;\u00bb l\u2019abb\u00e9 Poppe est sollicit\u00e9.<\/u><\/strong><\/h2>\n\n\n\n<p><em>\u00ab&nbsp;\u2026 Pour ce qui regarde l&rsquo;action eucharistique, ce que j&rsquo;ai surtout au c\u0153ur, c&rsquo;est de faire en sorte que la Sainte Communion soit pour les enfants une source de formation chr\u00e9tienne intense, et que le nombre des communions soit compl\u00e9t\u00e9 par leur qualit\u00e9, et par la ferveur des communiants. Il me semble que jusqu&rsquo;\u00e0 pr\u00e9sent, on n&rsquo;a pas toujours fait assez attention \u00e0 cela. Non seulement vouloir que nos enfanta communient fr\u00e9quemment, mais aussi leur apprendre \u00e0 mieux profiter de leurs communions. Et puis, veiller aussi \u00e0 ce que la vie de nos enfants devienne mariale, pr\u00e9cis\u00e9ment parce que la d\u00e9votion \u00e0 J\u00e9sus est mariale. Voil\u00e0, une pr\u00e9occupation \u00e9troitement li\u00e9e \u00e0 mes d\u00e9sirs d&rsquo;apostolat eucharistique. J&rsquo;esp\u00e8re qu&rsquo;avec cela vous en savez assez. Je prie pour votre entreprise et Je vous promets ma meilleure aide \u00bb.<\/em><\/p>\n\n\n\n<p><a href=\"https:\/\/fsspx.be\/sites\/default\/files\/documents\/Un%20saint%20pr%C3%AAtre%20de%20chez%20nous%20le%20Bienheureux%20abb%C3%A9%20Edouard%20Poppe%20.pdf\">https:\/\/fsspx.be\/sites\/default\/files\/documents\/Un%20saint%20pr%C3%AAtre%20de%20chez%20nous%20le%20Bienheureux%20abb%C3%A9%20Edouard%20Poppe%20.pdf<\/a><\/p>\n\n\n\n<p>Le cardinal Mercier, de sainte m\u00e9moire, avoua que seulement deux personnages, durant sa longue vie, lui avaient fait cette profonde impression de saintet\u00e9: le Saint Pape Pie X et l&rsquo;abb\u00e9 Poppe. Rien d&rsquo;\u00e9tonnant d\u00e8s lors, que,&nbsp; pendant les derni\u00e8res ann\u00e9es de sa vie, celui-ci ait \u00e9t\u00e9 choisi comme conseiller et directeur spirituel par un grand nombre d&rsquo;\u00e2mes, surtout sacerdotales, et que par l\u00e0, il soit devenu comme le centre animateur de ce qui s&rsquo;op\u00e9rait de bien, \u00e0 cette \u00e9poque, en Belgique. Il ne suffisait plus \u00e0 la t\u00e2che. C&rsquo;est pourquoi, il avait suppli\u00e9 le Seigneur, vu son incapacit\u00e9, de vouloir accepter le sacrifice de sa vie, pour que, en mourant, il obt\u00eent en retour, de se voir multipli\u00e9 dans une multitude de saints et z\u00e9l\u00e9s confr\u00e8res. Le bon Dieu exau\u00e7a cette pri\u00e8re et continue par son exemple et ses nombreux \u00e9crits \u00e0 susciter partout des \u00e2mes, surtout sacerdotales, d\u00e9sireuses de marcher sur ses traces et de continuer son apostolat.<\/p>\n\n\n\n<figure class=\"wp-block-image size-full\"><img decoding=\"async\" loading=\"lazy\" width=\"600\" height=\"400\" src=\"https:\/\/allez-yalla.com\/wp-content\/uploads\/2024\/11\/84c06537c24aa97a211166d06f1dfe4cb2e99f5acbbbf48ba74036ce52da6b91.jpg\" alt=\"\" class=\"wp-image-15453\" srcset=\"https:\/\/allez-yalla.com\/wp-content\/uploads\/2024\/11\/84c06537c24aa97a211166d06f1dfe4cb2e99f5acbbbf48ba74036ce52da6b91.jpg 600w, https:\/\/allez-yalla.com\/wp-content\/uploads\/2024\/11\/84c06537c24aa97a211166d06f1dfe4cb2e99f5acbbbf48ba74036ce52da6b91-300x200.jpg 300w\" sizes=\"(max-width: 709px) 85vw, (max-width: 909px) 67vw, (max-width: 984px) 61vw, (max-width: 1362px) 45vw, 600px\" \/><\/figure>\n\n\n\n<p><\/p>\n\n\n\n<figure class=\"wp-block-image size-full\"><img decoding=\"async\" loading=\"lazy\" width=\"794\" height=\"713\" src=\"https:\/\/allez-yalla.com\/wp-content\/uploads\/2024\/12\/Capture-decran-2024-12-01-071307.png\" alt=\"\" class=\"wp-image-15469\" srcset=\"https:\/\/allez-yalla.com\/wp-content\/uploads\/2024\/12\/Capture-decran-2024-12-01-071307.png 794w, https:\/\/allez-yalla.com\/wp-content\/uploads\/2024\/12\/Capture-decran-2024-12-01-071307-300x269.png 300w, https:\/\/allez-yalla.com\/wp-content\/uploads\/2024\/12\/Capture-decran-2024-12-01-071307-768x690.png 768w\" sizes=\"(max-width: 709px) 85vw, (max-width: 909px) 67vw, (max-width: 984px) 61vw, (max-width: 1362px) 45vw, 600px\" \/><\/figure>\n\n\n\n<p><a href=\"https:\/\/randol.org\/wp-content\/uploads\/2021\/06\/Final-bx-Edourad-Poppe.pdf\">https:\/\/randol.org\/wp-content\/uploads\/2021\/06\/Final-bx-Edourad-Poppe.pdf<\/a><\/p>\n\n\n\n<h2 class=\"wp-block-heading\"><strong><u>L&rsquo;ap\u00f4tre des pr\u00eatres<\/u><\/strong><\/h2>\n\n\n\n<p>\u00ab <em>On se plaint qu&rsquo;il y ait trop peu de pr\u00eatres. Ce n&rsquo;est pas tout \u00e0 fait exact. La v\u00e9rit\u00e9 est, qu&rsquo;il y a trop peu de saints pr\u00eatres. Si par nos sacrifices et pri\u00e8res nous obtenions, ne f\u00fbt-ce qu&rsquo;un seul saint pr\u00eatre chaque  ann\u00e9e, en peu de temps le monde serait sanctifi\u00e9&#8230; Je br\u00fble du d\u00e9sir de l&rsquo;av\u00e8nement du R\u00e8gne de Dieu dans les \u00e2mes sacerdotales. Mais, Je suis si pauvre, que je serai consum\u00e9 avant la venue de ce R\u00e8gne tant d\u00e9sir\u00e9\u00bb. <\/em> <\/p>\n\n\n\n<p><em>\u00ab Oui, chers confr\u00e8res, \u00e9crit-il \u00e0 un groupe de pr\u00eatres en retraite, vous devez \u00eatre des saints, vous ne pouvez pas \u00eatre des pr\u00eatres vulgaires. Sinon, votre z\u00e8le et vos peines aboutiront \u00e0 fort peu de chose et vos brebis vous \u00e9chapperont et se perdront en grand nombre. Un saint fait plus avec un seul mot qu&rsquo;un travailleur ordinaire avec toute une s\u00e9rie de sermons. Les paroles d&rsquo;un saint pr\u00eatre frappent, touchent et remuent, elles transforment les \u00e2mes et les renouvellent d&rsquo;une fa\u00e7on \u00e9tonnante; elles sont n\u00e9es de la gr\u00e2ce, de la pri\u00e8re et de la p\u00e9nitence; elles sont pleines de la force de Dieu-m\u00eame. Mes chers confr\u00e8res, ayez de la science et du talent; mais soyez avant tout des hommes de pri\u00e8re et adonn\u00e9s \u00e0 la p\u00e9nitence : soyez des saints ! \u00bb<\/em><\/p>\n\n\n\n<figure class=\"wp-block-image size-full\"><img decoding=\"async\" loading=\"lazy\" width=\"750\" height=\"750\" src=\"https:\/\/allez-yalla.com\/wp-content\/uploads\/2024\/11\/13887084_939771599483718_7324206181826036785_n-1.jpg\" alt=\"\" class=\"wp-image-15440\" srcset=\"https:\/\/allez-yalla.com\/wp-content\/uploads\/2024\/11\/13887084_939771599483718_7324206181826036785_n-1.jpg 750w, https:\/\/allez-yalla.com\/wp-content\/uploads\/2024\/11\/13887084_939771599483718_7324206181826036785_n-1-300x300.jpg 300w, https:\/\/allez-yalla.com\/wp-content\/uploads\/2024\/11\/13887084_939771599483718_7324206181826036785_n-1-150x150.jpg 150w\" sizes=\"(max-width: 709px) 85vw, (max-width: 909px) 67vw, (max-width: 984px) 61vw, (max-width: 1362px) 45vw, 600px\" \/><\/figure>\n\n\n\n<h2 class=\"wp-block-heading\"><strong><u>\u00ab Les saints seuls laissent des traces \u00bb<\/u><\/strong><\/h2>\n\n\n\n<p>Cette phrase, tomb\u00e9e un jour des l\u00e8vres de l&rsquo;abb\u00e9 Poppe, a re\u00e7u sa pleine r\u00e9alisation en sa propre personne, apr\u00e8s sa sainte mort. &#8230; A peine la nouvelle de son d\u00e9part pour la Maison du P\u00e8re s&rsquo;\u00e9tait-elle r\u00e9pandue, que des milliers d&rsquo;amis et d&rsquo;admirateurs accouraient \u00e0 l&rsquo;humble village de Moerzeke, pour saluer une derni\u00e8re fois la d\u00e9pouille mortelle de celui, qui, d\u00e9j\u00e0 pendant sa vie, \u00e9tait consid\u00e9r\u00e9 comme un saint. Sa chambre mortuaire ressemblait plut\u00f4t \u00e0 un sanctuaire, o\u00f9, pendant six jours, une foule ininterrompue de d\u00e9vots confr\u00e8res et de simples fid\u00e8les venait prier et se recommander \u00e0 ses pri\u00e8res, faisant toucher, \u00e0 son corps, des objets cl\u00e9 pi\u00e9t\u00e9, pour les conserver comme des reliques.<\/p>\n\n\n\n<p>Le Cardinal Mercier, apprenant la mort de son saint ami, n&rsquo;h\u00e9sita pas \u00e0 d\u00e9clarer ouvertement: <em>\u00abqu&rsquo;il l&rsquo;invoquait d\u00e9j\u00e0 comme un saint, ayant le ferme espoir qu&rsquo;un jour l&rsquo;Eglise l&rsquo;aurait glorifi\u00e9 \u00bb.<\/em><\/p>\n\n\n\n<p>A l&rsquo;occasion d&rsquo;une visite au saint abb\u00e9, alors qu&rsquo;il allait fort mal et qu&rsquo;on pouvait s&rsquo;attendre tous les jours \u00e0 sa mort, \u00e0 ma demande :&rsquo; si vraiment il allait nous quitter et nous laisser seuls dans le mouvement de la Croisade Eucharistique, alors encore \u00e0 ses d\u00e9buts : <\/p>\n\n\n\n<p><em>\u00ab Oh ! dit-il, laissez-moi m&rsquo;en aller&#8230; L&rsquo;\u0153uvre ne peut qu&rsquo;y gagner. Une fois l\u00e0-haut, dans la maison paternelle, que j&rsquo;y serai importun!&#8230; J&rsquo;y ferai tant de \u00ab tapage \u00bb en faveur de la Croisade, que tout le ciel sera oblig\u00e9 de m&rsquo;\u00e9couter&#8230; Veillez seulement \u00e0 ne pas me faire rester trop longtemps au purgatoire!&#8230;\u00bb<\/em> (\u2026) C&rsquo;est pourquoi, je n&rsquo;en doute pas, l&rsquo;abb\u00e9 Poppe a offert sa vie et pour les pr\u00eatres et les \u00e9ducateurs, et pour les enfants.<\/p>\n\n\n\n<figure class=\"wp-block-image size-full is-resized\"><img decoding=\"async\" loading=\"lazy\" width=\"789\" height=\"109\" src=\"https:\/\/allez-yalla.com\/wp-content\/uploads\/2024\/11\/Capture-decran-2024-11-28-204544.png\" alt=\"\" class=\"wp-image-15420\" style=\"aspect-ratio:7.238532110091743;width:811px;height:auto\" srcset=\"https:\/\/allez-yalla.com\/wp-content\/uploads\/2024\/11\/Capture-decran-2024-11-28-204544.png 789w, https:\/\/allez-yalla.com\/wp-content\/uploads\/2024\/11\/Capture-decran-2024-11-28-204544-300x41.png 300w, https:\/\/allez-yalla.com\/wp-content\/uploads\/2024\/11\/Capture-decran-2024-11-28-204544-768x106.png 768w\" sizes=\"(max-width: 709px) 85vw, (max-width: 909px) 67vw, (max-width: 984px) 61vw, (max-width: 1362px) 45vw, 600px\" \/><\/figure>\n\n\n\n<p><\/p>\n\n\n\n<p><em>\u00ab Pour sauver la soci\u00e9t\u00e9 chr\u00e9tienne, aucune institution ou force naturelle ne doivent \u00eatre exclues ; mais, ajoute-t-il imm\u00e9diatement, aucune d&rsquo;elles n&rsquo;est suffisante. Dans tous les domaines leur incapacit\u00e9 a fourni ses preuves. La soci\u00e9t\u00e9 a besoin d&rsquo;un secours sup\u00e9rieur et d&rsquo;une impulsion surnaturelle. Tout doit \u00eatre restaur\u00e9 dans le Christ et par le Christ. Or le Christ, c&rsquo;est avant tout l&rsquo;Hostie \u00bb<\/em><\/p>\n\n\n\n<figure class=\"wp-block-pullquote\"><blockquote><p><strong><u>\u00ab&nbsp;Le pr\u00eatre est un autre Christ.&nbsp;\u00bb est sa devise.<\/u><\/strong><\/p><\/blockquote><\/figure>\n\n\n\n<h2 class=\"wp-block-heading\"><strong><u>Edouard crie justice pour les pauvres&nbsp;! Tant d&rsquo;autres chr\u00e9tiens de m\u00eame. &nbsp;<\/u><\/strong><\/h2>\n\n\n\n<p>Pauvre parmi les pauvres, il va de pr\u00e9f\u00e9rence \u00e0 la recherche des petites maisons mis\u00e9rables dans les \u00ab&nbsp;cit\u00e9s&nbsp;\u00bb d\u00e9christianis\u00e9es et marqu\u00e9es par les mis\u00e8res de la guerre. Le cri pour la justice sociale ne l\u2019a pas quitt\u00e9 de toute sa vie. Sa pr\u00e9f\u00e9rence va aux enfants du peuple abandonn\u00e9s qu\u2019il familiarise \u00e0 la \u00ab&nbsp; petite voie&nbsp;\u00bb de Th\u00e9r\u00e8se Martin. (Il est vivant 144)<\/p>\n\n\n\n<figure class=\"wp-block-image size-full\"><img decoding=\"async\" loading=\"lazy\" width=\"532\" height=\"136\" src=\"https:\/\/allez-yalla.com\/wp-content\/uploads\/2024\/11\/Capture-decran-2024-11-28-214013.png\" alt=\"\" class=\"wp-image-15422\" srcset=\"https:\/\/allez-yalla.com\/wp-content\/uploads\/2024\/11\/Capture-decran-2024-11-28-214013.png 532w, https:\/\/allez-yalla.com\/wp-content\/uploads\/2024\/11\/Capture-decran-2024-11-28-214013-300x77.png 300w\" sizes=\"(max-width: 532px) 85vw, 532px\" \/><\/figure>\n\n\n\n<p><\/p>\n\n\n\n<blockquote class=\"wp-block-quote\">\n<p><strong>14<\/strong>&nbsp;Mes fr\u00e8res, si quelqu\u2019un pr\u00e9tend avoir la foi, sans la mettre en \u0153uvre, \u00e0 quoi cela sert-il&nbsp;? Sa foi peut-elle le sauver&nbsp;? <strong>15<\/strong>&nbsp;Supposons qu\u2019un fr\u00e8re ou une s\u0153ur n\u2019ait pas de quoi s\u2019habiller, ni de quoi manger tous les jours&nbsp;; <strong>16<\/strong>&nbsp;si l\u2019un de vous leur dit&nbsp;: \u00ab&nbsp;Allez en paix&nbsp;! Mettez-vous au chaud, et mangez \u00e0 votre faim&nbsp;!&nbsp;\u00bb sans leur donner le n\u00e9cessaire pour vivre, \u00e0 quoi cela sert-il&nbsp;? <a href=\"https:\/\/www.aelf.org\/bible\/Jc\/2\">https:\/\/www.aelf.org\/bible\/Jc\/2<\/a><\/p>\n<\/blockquote>\n\n\n\n<figure class=\"wp-block-image size-full is-resized\"><img decoding=\"async\" loading=\"lazy\" width=\"562\" height=\"502\" src=\"https:\/\/allez-yalla.com\/wp-content\/uploads\/2024\/11\/ztg.jpg\" alt=\"\" class=\"wp-image-15464\" style=\"aspect-ratio:1.1195219123505975;width:531px;height:auto\" srcset=\"https:\/\/allez-yalla.com\/wp-content\/uploads\/2024\/11\/ztg.jpg 562w, https:\/\/allez-yalla.com\/wp-content\/uploads\/2024\/11\/ztg-300x268.jpg 300w\" sizes=\"(max-width: 562px) 85vw, 562px\" \/><\/figure>\n\n\n\n<p><\/p>\n\n\n\n<blockquote class=\"wp-block-quote\">\n<p><strong>17<\/strong>&nbsp;Ainsi donc, la foi, si elle n\u2019est pas mise en \u0153uvre, est bel et bien morte. <strong>18<\/strong>&nbsp;En revanche, on va dire&nbsp;: \u00ab&nbsp;Toi, tu as la foi&nbsp;; moi, j\u2019ai les \u0153uvres. Montre-moi donc ta foi sans les \u0153uvres&nbsp;; moi, c\u2019est par mes \u0153uvres que je te montrerai la foi.<\/p>\n<\/blockquote>\n\n\n\n<h2 class=\"wp-block-heading\"><strong><u>Et nous, quelle est notre attitude vis-\u00e0-vis des pauvres&nbsp;?<\/u><\/strong><\/h2>\n\n\n\n<p>Sur le site du dioc\u00e8se de Soissons, je d\u00e9couvre une enqu\u00eate de Caritas France sur la pauvret\u00e9. &nbsp;<\/p>\n\n\n\n<figure class=\"wp-block-embed is-type-wp-embed is-provider-diocese-de-soissons-laon-et-saint-quentin wp-block-embed-diocese-de-soissons-laon-et-saint-quentin\"><div class=\"wp-block-embed__wrapper\">\n<blockquote class=\"wp-embedded-content\" data-secret=\"YINFF8eTzW\"><a href=\"https:\/\/www.soissons.catholique.fr\/actualite\/354271-message-de-noel\/\">Pour la collaboration entre les diff\u00e9rentes traditions religieuses<\/a><\/blockquote><iframe class=\"wp-embedded-content\" sandbox=\"allow-scripts\" security=\"restricted\" style=\"position: absolute; clip: rect(1px, 1px, 1px, 1px);\" title=\"\u00ab\u00a0Pour la collaboration entre les diff\u00e9rentes traditions religieuses\u00a0\u00bb &#8212; Dioc\u00e8se de Soissons, Laon et Saint-Quentin\" src=\"https:\/\/www.soissons.catholique.fr\/actualite\/354271-message-de-noel\/embed\/#?secret=TZh3WyGSkg#?secret=YINFF8eTzW\" data-secret=\"YINFF8eTzW\" width=\"600\" height=\"338\" frameborder=\"0\" marginwidth=\"0\" marginheight=\"0\" scrolling=\"no\"><\/iframe>\n<\/div><\/figure>\n\n\n\n<figure class=\"wp-block-embed is-type-video is-provider-youtube wp-block-embed-youtube wp-embed-aspect-16-9 wp-has-aspect-ratio\"><div class=\"wp-block-embed__wrapper\">\n<iframe loading=\"lazy\" title=\"Rapport pauvret\u00e9 2024 : quand la solidarit\u00e9 s\u2019\u00e9loigne\" width=\"840\" height=\"473\" src=\"https:\/\/www.youtube.com\/embed\/qVLGwQaAogk?feature=oembed\" frameborder=\"0\" allow=\"accelerometer; autoplay; clipboard-write; encrypted-media; gyroscope; picture-in-picture; web-share\" referrerpolicy=\"strict-origin-when-cross-origin\" allowfullscreen><\/iframe>\n<\/div><\/figure>\n\n\n\n<ul>\n<li>555\u20ac : c\u2019est le niveau de vie mensuel m\u00e9dian des personnes accueillies<\/li>\n\n\n\n<li>Un tiers des personnes \u00e9ligibles au RSA ne le per\u00e7oivent pas.<\/li>\n\n\n\n<li>25% des m\u00e9nages rencontr\u00e9s sous sans ressources. Un triste record !<\/li>\n<\/ul>\n\n\n\n<p>Consultez l\u2019int\u00e9gralit\u00e9 de notre rapport pauvret\u00e9 2024 sur rapport.secours-catholique.org <a href=\"https:\/\/www.youtube.com\/hashtag\/r%C3%A9volutionfraternelle\">#R\u00e9volutionFraternelle<\/a> <a href=\"https:\/\/www.youtube.com\/hashtag\/secourscatholique\">#SecoursCatholique<\/a> <a href=\"https:\/\/www.youtube.com\/hashtag\/rapportpauvret%C3%A9\">#RapportPauvret\u00e9<\/a> <a href=\"https:\/\/www.youtube.com\/hashtag\/pauvret%C3%A9\">#pauvret\u00e9<\/a><\/p>\n\n\n\n<p>Il y a bien de la mis\u00e8re dans tant de familles d&rsquo;aujourd&rsquo;hui.  Ouvrons les yeux! <\/p>\n\n\n\n<figure class=\"wp-block-image size-full\"><img decoding=\"async\" loading=\"lazy\" width=\"488\" height=\"481\" src=\"https:\/\/allez-yalla.com\/wp-content\/uploads\/2024\/11\/zhhh.jpg\" alt=\"\" class=\"wp-image-15466\" srcset=\"https:\/\/allez-yalla.com\/wp-content\/uploads\/2024\/11\/zhhh.jpg 488w, https:\/\/allez-yalla.com\/wp-content\/uploads\/2024\/11\/zhhh-300x296.jpg 300w\" sizes=\"(max-width: 488px) 85vw, 488px\" \/><\/figure>\n\n\n\n<h2 class=\"wp-block-heading\"><strong><u>Avec les moines, chassons les d\u00e9mons.<\/u><\/strong><\/h2>\n\n\n\n<p><strong><u> Saint Benoit a laiss\u00e9 une pri\u00e8re que le fr\u00e8re Paul-Adrien nous communique.<\/u><\/strong><\/p>\n\n\n\n<p><a href=\"https:\/\/www.facebook.com\/reel\/1091261559672768\">https:\/\/www.facebook.com\/reel\/1091261559672768<\/a><\/p>\n\n\n\n<figure class=\"wp-block-image size-full is-resized\"><img decoding=\"async\" loading=\"lazy\" width=\"387\" height=\"220\" src=\"https:\/\/allez-yalla.com\/wp-content\/uploads\/2024\/11\/th-5.jpg\" alt=\"\" class=\"wp-image-15423\" style=\"aspect-ratio:1.759090909090909;width:328px;height:auto\" srcset=\"https:\/\/allez-yalla.com\/wp-content\/uploads\/2024\/11\/th-5.jpg 387w, https:\/\/allez-yalla.com\/wp-content\/uploads\/2024\/11\/th-5-300x171.jpg 300w\" sizes=\"(max-width: 387px) 85vw, 387px\" \/><\/figure>\n\n\n\n<h2 class=\"wp-block-heading\"><strong><u>Appel \u00e0 pri\u00e8res pour la canonisation de l\u2019abb\u00e9 Poppe&nbsp;!<\/u><\/strong><\/h2>\n\n\n\n<figure class=\"wp-block-image size-full\"><img decoding=\"async\" loading=\"lazy\" width=\"778\" height=\"471\" src=\"https:\/\/allez-yalla.com\/wp-content\/uploads\/2024\/11\/Capture-decran-2024-11-28-220724.png\" alt=\"\" class=\"wp-image-15425\" srcset=\"https:\/\/allez-yalla.com\/wp-content\/uploads\/2024\/11\/Capture-decran-2024-11-28-220724.png 778w, https:\/\/allez-yalla.com\/wp-content\/uploads\/2024\/11\/Capture-decran-2024-11-28-220724-300x182.png 300w, https:\/\/allez-yalla.com\/wp-content\/uploads\/2024\/11\/Capture-decran-2024-11-28-220724-768x465.png 768w\" sizes=\"(max-width: 709px) 85vw, (max-width: 909px) 67vw, (max-width: 984px) 61vw, (max-width: 1362px) 45vw, 600px\" \/><\/figure>\n\n\n\n<p><\/p>\n\n\n\n<p><strong><em>L\u2019abb\u00e9 Edouard Poppe sera-t-il canonis\u00e9&nbsp;? <\/em><\/strong>Je l\u2019esp\u00e8re car la canonisation d\u2019une personne permet que, internet \u00e0 l\u2019appui,&nbsp; sa lumi\u00e8re brille jusqu\u2019au bout du monde. La vie toute donn\u00e9e \u00e0 Dieu de ce pr\u00eatre a de quoi nous \u00e9difier, pr\u00eatres et la\u00efcs. Il nous \u00e9clairera concernant la fa\u00e7on d&rsquo;atteindre nos enfants. C&rsquo;est primordial! <\/p>\n\n\n\n<figure class=\"wp-block-image size-full\"><img decoding=\"async\" loading=\"lazy\" width=\"302\" height=\"420\" src=\"https:\/\/allez-yalla.com\/wp-content\/uploads\/2024\/11\/428608418_2098360640530031_8922451189523884958_n.jpg\" alt=\"\" class=\"wp-image-15441\" srcset=\"https:\/\/allez-yalla.com\/wp-content\/uploads\/2024\/11\/428608418_2098360640530031_8922451189523884958_n.jpg 302w, https:\/\/allez-yalla.com\/wp-content\/uploads\/2024\/11\/428608418_2098360640530031_8922451189523884958_n-216x300.jpg 216w\" sizes=\"(max-width: 302px) 85vw, 302px\" \/><\/figure>\n\n\n\n<p><\/p>\n\n\n\n<p>L\u2019abb\u00e9 Poppe a d\u00e9j\u00e0 \u00e9t\u00e9 b\u00e9atifi\u00e9, ce qui est une premi\u00e8re \u00e9tape vers la canonisation mais il faudrait une autre miracle pour qu\u2019il soit canonis\u00e9.<\/p>\n\n\n\n<p>Il y a juste 100 ans que l\u2019abb\u00e9 Poppe est dans la lumi\u00e8re de Dieu. Je me sens port\u00e9e \u00e0 demander \u00e0 chacun de prier davantage pour qu\u2019il nous donne un signe qu\u2019il est bel et bien saint. Pour \u00eatre reconnu saint, il faut en effet des miracles \u00e0 son actif.<\/p>\n\n\n\n<p>Puis-je vous demander d\u2019unir votre pri\u00e8re \u00e0 la n\u00f4tre pour qu\u2019Edouard nous donne des signes de sa saintet\u00e9, afin que, &nbsp;comme pour ELIE, on puisse dire de lui&nbsp;: <\/p>\n\n\n\n<blockquote class=\"wp-block-quote\">\n<p>\u00ab&nbsp;Pendant toute sa vie, il a fait des prodiges, apr\u00e8s sa mort, des \u0153uvres merveilleuses. (Ben Sirac 48&nbsp;:14)<\/p>\n<\/blockquote>\n\n\n\n<figure class=\"wp-block-image size-full is-resized\"><img decoding=\"async\" loading=\"lazy\" width=\"631\" height=\"457\" src=\"https:\/\/allez-yalla.com\/wp-content\/uploads\/2024\/11\/Capture-decran-2024-11-27-190720.png\" alt=\"\" class=\"wp-image-15426\" style=\"aspect-ratio:1.3807439824945296;width:630px;height:auto\" srcset=\"https:\/\/allez-yalla.com\/wp-content\/uploads\/2024\/11\/Capture-decran-2024-11-27-190720.png 631w, https:\/\/allez-yalla.com\/wp-content\/uploads\/2024\/11\/Capture-decran-2024-11-27-190720-300x217.png 300w\" sizes=\"(max-width: 709px) 85vw, (max-width: 909px) 67vw, (max-width: 984px) 61vw, (max-width: 1362px) 45vw, 600px\" \/><\/figure>\n\n\n\n<h2 class=\"wp-block-heading\"><strong><u>Envie de faire une retraite \u00e0 Scourmont&nbsp;, comme en a fait Edouard Poppe?<\/u><\/strong><\/h2>\n\n\n\n<p>Voici l&rsquo;oraire des moines que nous pouvons accompagner ou pas lors de leurs temps de pri\u00e8re.<\/p>\n\n\n\n<figure class=\"wp-block-image size-large is-resized\"><img decoding=\"async\" loading=\"lazy\" width=\"576\" height=\"1024\" src=\"https:\/\/allez-yalla.com\/wp-content\/uploads\/2024\/11\/WhatsApp-Image-2024-11-28-a-11.28.29_fd894279-576x1024.jpg\" alt=\"\" class=\"wp-image-15427\" style=\"aspect-ratio:0.5625;width:630px;height:auto\" srcset=\"https:\/\/allez-yalla.com\/wp-content\/uploads\/2024\/11\/WhatsApp-Image-2024-11-28-a-11.28.29_fd894279-576x1024.jpg 576w, https:\/\/allez-yalla.com\/wp-content\/uploads\/2024\/11\/WhatsApp-Image-2024-11-28-a-11.28.29_fd894279-169x300.jpg 169w, https:\/\/allez-yalla.com\/wp-content\/uploads\/2024\/11\/WhatsApp-Image-2024-11-28-a-11.28.29_fd894279-768x1365.jpg 768w, https:\/\/allez-yalla.com\/wp-content\/uploads\/2024\/11\/WhatsApp-Image-2024-11-28-a-11.28.29_fd894279-864x1536.jpg 864w, https:\/\/allez-yalla.com\/wp-content\/uploads\/2024\/11\/WhatsApp-Image-2024-11-28-a-11.28.29_fd894279.jpg 1152w\" sizes=\"(max-width: 576px) 85vw, 576px\" \/><\/figure>\n\n\n\n<p><\/p>\n\n\n\n<figure class=\"wp-block-image size-full is-resized\"><img decoding=\"async\" loading=\"lazy\" width=\"495\" height=\"355\" src=\"https:\/\/allez-yalla.com\/wp-content\/uploads\/2024\/11\/Capture-decran-2024-10-13-200740.png\" alt=\"\" class=\"wp-image-15428\" style=\"aspect-ratio:1.3943661971830985;width:663px;height:auto\" srcset=\"https:\/\/allez-yalla.com\/wp-content\/uploads\/2024\/11\/Capture-decran-2024-10-13-200740.png 495w, https:\/\/allez-yalla.com\/wp-content\/uploads\/2024\/11\/Capture-decran-2024-10-13-200740-300x215.png 300w\" sizes=\"(max-width: 495px) 85vw, 495px\" \/><\/figure>\n\n\n\n<p><\/p>\n\n\n\n<p><strong>Prions le Rosaire avec NDML, petite association comptant des la\u00efcs consacr\u00e9s \u00e0 Dieu. <\/strong><strong><\/strong><\/p>\n\n\n\n<figure class=\"wp-block-embed is-type-video is-provider-youtube wp-block-embed-youtube wp-embed-aspect-16-9 wp-has-aspect-ratio\"><div class=\"wp-block-embed__wrapper\">\n<iframe loading=\"lazy\" title=\"CHAPELET \ud83d\ude4f Jeudi 28 Nov - Myst\u00e8res Lumineux\" width=\"840\" height=\"473\" src=\"https:\/\/www.youtube.com\/embed\/_XsnH6CctRs?feature=oembed\" frameborder=\"0\" allow=\"accelerometer; autoplay; clipboard-write; encrypted-media; gyroscope; picture-in-picture; web-share\" referrerpolicy=\"strict-origin-when-cross-origin\" allowfullscreen><\/iframe>\n<\/div><\/figure>\n\n\n\n<h2 class=\"wp-block-heading\">Cantiques.<\/h2>\n\n\n\n<p>Pendant les travaux de rafra\u00eechissement de l\u2019\u00e9glise de l&rsquo;abbaye, les moines priaient dans une pi\u00e8ce plus petite,&nbsp; ce qui permettait d\u2019\u00eatre plus proche d\u2019eux. (Excusez la mauvaise qualit\u00e9 de la video)<\/p>\n\n\n\n<figure class=\"wp-block-embed is-type-video is-provider-youtube wp-block-embed-youtube wp-embed-aspect-16-9 wp-has-aspect-ratio\"><div class=\"wp-block-embed__wrapper\">\n<iframe loading=\"lazy\" title=\"Salve Regina, lors de la pri\u00e8re du soir  \u00e0 l&#039;Abbaye de Scourmont.\" width=\"840\" height=\"473\" src=\"https:\/\/www.youtube.com\/embed\/gSn3NTCDryA?feature=oembed\" frameborder=\"0\" allow=\"accelerometer; autoplay; clipboard-write; encrypted-media; gyroscope; picture-in-picture; web-share\" referrerpolicy=\"strict-origin-when-cross-origin\" allowfullscreen><\/iframe>\n<\/div><\/figure>\n\n\n\n<figure class=\"wp-block-embed is-type-video is-provider-youtube wp-block-embed-youtube wp-embed-aspect-16-9 wp-has-aspect-ratio\"><div class=\"wp-block-embed__wrapper\">\n<iframe loading=\"lazy\" title=\"Salve Regina Mater Misericordiae.\" width=\"840\" height=\"473\" src=\"https:\/\/www.youtube.com\/embed\/2NAFTyZCvjg?feature=oembed\" frameborder=\"0\" allow=\"accelerometer; autoplay; clipboard-write; encrypted-media; gyroscope; picture-in-picture; web-share\" referrerpolicy=\"strict-origin-when-cross-origin\" allowfullscreen><\/iframe>\n<\/div><\/figure>\n\n\n\n<p><strong>Un cantique de Jean-Luc Moens, membre de la Communaut\u00e9 de&nbsp; l\u2019Emmanuel fond\u00e9e par Pierre Goursat.<\/strong><\/p>\n\n\n\n<figure class=\"wp-block-embed is-type-video is-provider-youtube wp-block-embed-youtube wp-embed-aspect-16-9 wp-has-aspect-ratio\"><div class=\"wp-block-embed__wrapper\">\n<iframe loading=\"lazy\" title=\"Tournez les yeux vers le Seigneur - Chants de l&#039;Emmanuel [avec paroles]\" width=\"840\" height=\"473\" src=\"https:\/\/www.youtube.com\/embed\/58RwAITS-io?feature=oembed\" frameborder=\"0\" allow=\"accelerometer; autoplay; clipboard-write; encrypted-media; gyroscope; picture-in-picture; web-share\" referrerpolicy=\"strict-origin-when-cross-origin\" allowfullscreen><\/iframe>\n<\/div><\/figure>\n\n\n\n<p><a href=\"https:\/\/www.editions-emmanuel.com\/qui-sommes-nous\/\">https:\/\/www.editions-emmanuel.com\/qui-sommes-nous\/<\/a><\/p>\n\n\n\n<h2 class=\"wp-block-heading\"><strong><em>\u00ab&nbsp;L\u00e0 o\u00f9 les saints passent,&nbsp; Dieu passe avec eux.&nbsp;\u00bb <\/em>(Saint cur\u00e9 d\u2019Ars)<\/strong><\/h2>\n\n\n\n<figure class=\"wp-block-embed is-type-video is-provider-youtube wp-block-embed-youtube wp-embed-aspect-16-9 wp-has-aspect-ratio\"><div class=\"wp-block-embed__wrapper\">\n<iframe loading=\"lazy\" title=\"Le monde attend le passage des saints (version 1 compl\u00e8te)\" width=\"840\" height=\"473\" src=\"https:\/\/www.youtube.com\/embed\/1hmWU1rMC3k?feature=oembed\" frameborder=\"0\" allow=\"accelerometer; autoplay; clipboard-write; encrypted-media; gyroscope; picture-in-picture; web-share\" referrerpolicy=\"strict-origin-when-cross-origin\" allowfullscreen><\/iframe>\n<\/div><\/figure>\n\n\n\n<p><a href=\"https:\/\/www.messagerdesaintantoine.com\/content\/pourquoi-les-saints\">https:\/\/www.messagerdesaintantoine.com\/content\/pourquoi-les-saints<\/a><\/p>\n\n\n\n<figure class=\"wp-block-image size-full\"><img decoding=\"async\" loading=\"lazy\" width=\"409\" height=\"537\" src=\"https:\/\/allez-yalla.com\/wp-content\/uploads\/2024\/11\/Capture-decran-2024-06-24-205354.png\" alt=\"\" class=\"wp-image-15429\" srcset=\"https:\/\/allez-yalla.com\/wp-content\/uploads\/2024\/11\/Capture-decran-2024-06-24-205354.png 409w, https:\/\/allez-yalla.com\/wp-content\/uploads\/2024\/11\/Capture-decran-2024-06-24-205354-228x300.png 228w\" sizes=\"(max-width: 409px) 85vw, 409px\" \/><\/figure>\n\n\n\n<p><\/p>\n\n\n\n<figure class=\"wp-block-embed is-type-wp-embed is-provider-allez-yalla wp-block-embed-allez-yalla\"><div class=\"wp-block-embed__wrapper\">\n<blockquote class=\"wp-embedded-content\" data-secret=\"1K6fz6WCgI\"><a href=\"https:\/\/allez-yalla.com\/index.php\/2024\/01\/15\/labbe-edouard-poppe-un-pretre-selon-le-coeur-de-dieu\/\">Edouard POPPE, un pr\u00eatre selon le C\u0153ur de Dieu.<\/a><\/blockquote><iframe class=\"wp-embedded-content\" sandbox=\"allow-scripts\" security=\"restricted\" style=\"position: absolute; clip: rect(1px, 1px, 1px, 1px);\" title=\"\u00ab\u00a0Edouard POPPE, un pr\u00eatre selon le C\u0153ur de Dieu.\u00a0\u00bb &#8212; Allez Yalla\" src=\"https:\/\/allez-yalla.com\/index.php\/2024\/01\/15\/labbe-edouard-poppe-un-pretre-selon-le-coeur-de-dieu\/embed\/#?secret=xwfHFKxLoV#?secret=1K6fz6WCgI\" data-secret=\"1K6fz6WCgI\" width=\"600\" height=\"338\" frameborder=\"0\" marginwidth=\"0\" marginheight=\"0\" scrolling=\"no\"><\/iframe>\n<\/div><\/figure>\n\n\n\n<p><strong>Partag\u00e9 sur <a href=\"https:\/\/www.facebook.com\/jaime.leglise\">https:\/\/www.facebook.com\/jaime.leglise<\/a><\/strong><\/p>\n","protected":false},"excerpt":{"rendered":"<p>Trop de mal dans l\u2019Eglise a port\u00e9 ombrage aux nombreux bons pr\u00eatres. R\u00e9agissons en mettant \u00e0 l&rsquo;honneur des saints parmi eux. Edouard Poppe, bient\u00f4t canonis\u00e9? Edouard Poppe est un pr\u00eatre belge, n\u00e9 \u00e0 Temse, en Flandre. Dieu l\u2019a fa\u00e7onn\u00e9 en un saint homme que nous avons tous int\u00e9ret \u00e0 d\u00e9couvrir si nous avons le souci &hellip; <a href=\"https:\/\/allez-yalla.com\/index.php\/2024\/11\/28\/tous-saints-a-lecole-de-labbe-poppe\/\" class=\"more-link\">Continuer la lecture<span class=\"screen-reader-text\"> de &laquo;&nbsp;Tous saints \u00e0 l\u2019\u00e9cole de l\u2019abb\u00e9 Poppe.&nbsp;&raquo;<\/span><\/a><\/p>\n","protected":false},"author":1,"featured_media":0,"comment_status":"closed","ping_status":"closed","sticky":false,"template":"","format":"standard","meta":{"footnotes":""},"categories":[428,601,218,20,189,115,311,739,102,578,735,312,124],"tags":[191,737,736,738],"_links":{"self":[{"href":"https:\/\/allez-yalla.com\/index.php\/wp-json\/wp\/v2\/posts\/15415"}],"collection":[{"href":"https:\/\/allez-yalla.com\/index.php\/wp-json\/wp\/v2\/posts"}],"about":[{"href":"https:\/\/allez-yalla.com\/index.php\/wp-json\/wp\/v2\/types\/post"}],"author":[{"embeddable":true,"href":"https:\/\/allez-yalla.com\/index.php\/wp-json\/wp\/v2\/users\/1"}],"replies":[{"embeddable":true,"href":"https:\/\/allez-yalla.com\/index.php\/wp-json\/wp\/v2\/comments?post=15415"}],"version-history":[{"count":23,"href":"https:\/\/allez-yalla.com\/index.php\/wp-json\/wp\/v2\/posts\/15415\/revisions"}],"predecessor-version":[{"id":20366,"href":"https:\/\/allez-yalla.com\/index.php\/wp-json\/wp\/v2\/posts\/15415\/revisions\/20366"}],"wp:attachment":[{"href":"https:\/\/allez-yalla.com\/index.php\/wp-json\/wp\/v2\/media?parent=15415"}],"wp:term":[{"taxonomy":"category","embeddable":true,"href":"https:\/\/allez-yalla.com\/index.php\/wp-json\/wp\/v2\/categories?post=15415"},{"taxonomy":"post_tag","embeddable":true,"href":"https:\/\/allez-yalla.com\/index.php\/wp-json\/wp\/v2\/tags?post=15415"}],"curies":[{"name":"wp","href":"https:\/\/api.w.org\/{rel}","templated":true}]}}