{"id":15262,"date":"2024-11-22T06:41:10","date_gmt":"2024-11-22T05:41:10","guid":{"rendered":"https:\/\/allez-yalla.com\/?p=15262"},"modified":"2024-11-22T13:16:10","modified_gmt":"2024-11-22T12:16:10","slug":"aiguisons-notre-esprit-critique-et-comptons-sur-dieu-pour-nous-relever","status":"publish","type":"post","link":"https:\/\/allez-yalla.com\/index.php\/2024\/11\/22\/aiguisons-notre-esprit-critique-et-comptons-sur-dieu-pour-nous-relever\/","title":{"rendered":"Aiguisons notre esprit critique, comptons sur Dieu pour nous relever.  \u00a0"},"content":{"rendered":"\n<h2 class=\"wp-block-heading\"><a>Les m\u00e9dias mainstreams instillent en nous l\u2019esprit du monde, un esprit de mouton de panurge, un esprit de peur &#8230; <\/a><\/h2>\n\n\n\n<p>\u2026or nous avons besoin de d\u00e9termination, de courage, &nbsp;pour arriver \u00e0 nous relever. Laissons-nous donc conduire par l\u2019Esprit de Dieu&nbsp;: &nbsp;&nbsp;L\u00e0 est la libert\u00e9 des enfants de Dieu, la vraie VIE&nbsp;!<\/p>\n\n\n\n<figure class=\"wp-block-embed is-type-video is-provider-youtube wp-block-embed-youtube wp-embed-aspect-16-9 wp-has-aspect-ratio\"><div class=\"wp-block-embed__wrapper\">\n<iframe loading=\"lazy\" title=\"\ud83d\udd4a\ufe0fLAISSEZ VOUS MENER PAR L&#039;ESPRIT |CHANT DE PENTECOTE\" width=\"840\" height=\"473\" src=\"https:\/\/www.youtube.com\/embed\/HDwfQdm78Mg?feature=oembed\" frameborder=\"0\" allow=\"accelerometer; autoplay; clipboard-write; encrypted-media; gyroscope; picture-in-picture; web-share\" referrerpolicy=\"strict-origin-when-cross-origin\" allowfullscreen><\/iframe>\n<\/div><\/figure>\n\n\n\n<figure class=\"wp-block-image size-full\"><img decoding=\"async\" loading=\"lazy\" width=\"787\" height=\"408\" src=\"https:\/\/allez-yalla.com\/wp-content\/uploads\/2024\/11\/Capture-decran-2024-11-22-060124.png\" alt=\"\" class=\"wp-image-15264\" srcset=\"https:\/\/allez-yalla.com\/wp-content\/uploads\/2024\/11\/Capture-decran-2024-11-22-060124.png 787w, https:\/\/allez-yalla.com\/wp-content\/uploads\/2024\/11\/Capture-decran-2024-11-22-060124-300x156.png 300w, https:\/\/allez-yalla.com\/wp-content\/uploads\/2024\/11\/Capture-decran-2024-11-22-060124-768x398.png 768w\" sizes=\"(max-width: 709px) 85vw, (max-width: 909px) 67vw, (max-width: 984px) 61vw, (max-width: 1362px) 45vw, 600px\" \/><\/figure>\n\n\n\n<p><strong>L<\/strong>ors de la crise Covid, l\u2019\u00e9tat profond a dup\u00e9 les foules. <\/p>\n\n\n\n<figure class=\"wp-block-image size-full\"><img decoding=\"async\" loading=\"lazy\" width=\"600\" height=\"196\" src=\"https:\/\/allez-yalla.com\/wp-content\/uploads\/2024\/11\/Capture-decran-2024-11-19-113314.png\" alt=\"\" class=\"wp-image-15275\" srcset=\"https:\/\/allez-yalla.com\/wp-content\/uploads\/2024\/11\/Capture-decran-2024-11-19-113314.png 600w, https:\/\/allez-yalla.com\/wp-content\/uploads\/2024\/11\/Capture-decran-2024-11-19-113314-300x98.png 300w\" sizes=\"(max-width: 709px) 85vw, (max-width: 909px) 67vw, (max-width: 984px) 61vw, (max-width: 1362px) 45vw, 600px\" \/><\/figure>\n\n\n\n<p><\/p>\n\n\n\n<figure class=\"wp-block-image size-full\"><img decoding=\"async\" loading=\"lazy\" width=\"602\" height=\"360\" src=\"https:\/\/allez-yalla.com\/wp-content\/uploads\/2024\/11\/za.png\" alt=\"\" class=\"wp-image-15276\" srcset=\"https:\/\/allez-yalla.com\/wp-content\/uploads\/2024\/11\/za.png 602w, https:\/\/allez-yalla.com\/wp-content\/uploads\/2024\/11\/za-300x179.png 300w\" sizes=\"(max-width: 709px) 85vw, (max-width: 909px) 67vw, (max-width: 984px) 61vw, (max-width: 1362px) 45vw, 600px\" \/><\/figure>\n\n\n\n<p>Livre: \u00ab\u00a0<em>Ne leur pardonnez pas, ils savent tr\u00e8s bien ce qu&rsquo;ils font.\u00a0\u00bb<\/em>(2)<\/p>\n\n\n\n<figure class=\"wp-block-image size-full\"><img decoding=\"async\" loading=\"lazy\" width=\"572\" height=\"333\" src=\"https:\/\/allez-yalla.com\/wp-content\/uploads\/2024\/11\/Capture-decran-2024-02-21-065732.png\" alt=\"\" class=\"wp-image-15288\" srcset=\"https:\/\/allez-yalla.com\/wp-content\/uploads\/2024\/11\/Capture-decran-2024-02-21-065732.png 572w, https:\/\/allez-yalla.com\/wp-content\/uploads\/2024\/11\/Capture-decran-2024-02-21-065732-300x175.png 300w\" sizes=\"(max-width: 572px) 85vw, 572px\" \/><\/figure>\n\n\n\n<h2 class=\"wp-block-heading\"><strong><u>Les mainstreams visent \u00e0 nous faire d\u00e9tester Trump et aduler Biden.<\/u><\/strong><\/h2>\n\n\n\n<p><strong><u> Or, qui entre les deux semble favorable \u00e0 la PAIX&nbsp;?<\/u><\/strong>  <strong><em>Donald Trump est l\u2019un des seuls \u00e0 ne pas avoir enclench\u00e9 de nouvelles guerres .<\/em><\/strong> OK,  il n&rsquo;est pas blanc comme neige mais qui l&rsquo;est? <\/p>\n\n\n\n<figure class=\"wp-block-embed is-type-video is-provider-youtube wp-block-embed-youtube wp-embed-aspect-16-9 wp-has-aspect-ratio\"><div class=\"wp-block-embed__wrapper\">\n<iframe loading=\"lazy\" title=\"\u27a1\ufe0f#donaldtrump est un des seuls pr\u00e9sidents des USA \u00e0 ne pas avoir enclench\u00e9 de nouvelles guerres\ud83c\uddfa\ud83c\uddf8\" width=\"840\" height=\"473\" src=\"https:\/\/www.youtube.com\/embed\/vSxbev4DMPA?feature=oembed\" frameborder=\"0\" allow=\"accelerometer; autoplay; clipboard-write; encrypted-media; gyroscope; picture-in-picture; web-share\" referrerpolicy=\"strict-origin-when-cross-origin\" allowfullscreen><\/iframe>\n<\/div><\/figure>\n\n\n\n<p><strong>TRUMP d\u00e9nonce l\u2019intention de Joe BIDEN de d\u00e9clencher une guerre nucl\u00e9aire.<\/strong><\/p>\n\n\n\n<figure class=\"wp-block-embed is-type-video is-provider-youtube wp-block-embed-youtube wp-embed-aspect-16-9 wp-has-aspect-ratio\"><div class=\"wp-block-embed__wrapper\">\n<iframe loading=\"lazy\" title=\"UKRAINE- TRUMP D\u00c9NONCE BIDEN ET ALERTE SUR UNE GUERRE NUCL\u00c9AIRE IMMINENTE\" width=\"840\" height=\"473\" src=\"https:\/\/www.youtube.com\/embed\/EjeEHmwPkdg?feature=oembed\" frameborder=\"0\" allow=\"accelerometer; autoplay; clipboard-write; encrypted-media; gyroscope; picture-in-picture; web-share\" referrerpolicy=\"strict-origin-when-cross-origin\" allowfullscreen><\/iframe>\n<\/div><\/figure>\n\n\n\n<p><strong>Posons-nous toujours la question&nbsp;:<em> \u00ab&nbsp;A qui profite le crime&nbsp;?&nbsp;\u00bb<\/em><\/strong><\/p>\n\n\n\n<h2 class=\"wp-block-heading\">Ouvrons les yeux et refusons le Mercosur&nbsp;! Les agriculteurs voient clair. Ils sont plein de bon sens&nbsp;!<\/h2>\n\n\n\n<figure class=\"wp-block-image size-large\"><img decoding=\"async\" loading=\"lazy\" width=\"1024\" height=\"72\" src=\"https:\/\/allez-yalla.com\/wp-content\/uploads\/2024\/11\/zz-1024x72.png\" alt=\"\" class=\"wp-image-15266\" srcset=\"https:\/\/allez-yalla.com\/wp-content\/uploads\/2024\/11\/zz-1024x72.png 1024w, https:\/\/allez-yalla.com\/wp-content\/uploads\/2024\/11\/zz-300x21.png 300w, https:\/\/allez-yalla.com\/wp-content\/uploads\/2024\/11\/zz-768x54.png 768w, https:\/\/allez-yalla.com\/wp-content\/uploads\/2024\/11\/zz.png 1173w\" sizes=\"(max-width: 709px) 85vw, (max-width: 909px) 67vw, (max-width: 1362px) 62vw, 840px\" \/><\/figure>\n\n\n\n<figure class=\"wp-block-embed is-type-video is-provider-youtube wp-block-embed-youtube wp-embed-aspect-16-9 wp-has-aspect-ratio\"><div class=\"wp-block-embed__wrapper\">\n<iframe loading=\"lazy\" title=\"Les agriculteurs se r\u00e9voltent en France, ce qu\u2019il faut pr\u00e9voir\" width=\"840\" height=\"473\" src=\"https:\/\/www.youtube.com\/embed\/EfqObKEVZXk?feature=oembed\" frameborder=\"0\" allow=\"accelerometer; autoplay; clipboard-write; encrypted-media; gyroscope; picture-in-picture; web-share\" referrerpolicy=\"strict-origin-when-cross-origin\" allowfullscreen><\/iframe>\n<\/div><\/figure>\n\n\n\n<h2 class=\"wp-block-heading\"><strong><u>Les m\u00e9dias mainstreams occultent le drame du g\u00e9nocide arm\u00e9nien et des chr\u00e9tiens en g\u00e9n\u00e9ral.<\/u><\/strong><\/h2>\n\n\n\n<p>A moins de visiter les sites des <strong><em>m\u00e9dias alternatifs<\/em><\/strong>, nous savons peu de choses \u00e0 ce sujet. &nbsp;<\/p>\n\n\n\n<figure class=\"wp-block-embed is-type-video is-provider-youtube wp-block-embed-youtube wp-embed-aspect-16-9 wp-has-aspect-ratio\"><div class=\"wp-block-embed__wrapper\">\n<iframe loading=\"lazy\" title=\"L\u2019Horrible G\u00e9nocide que les M\u00e9dias vous cachent\" width=\"840\" height=\"473\" src=\"https:\/\/www.youtube.com\/embed\/4NsOhKszzw4?feature=oembed\" frameborder=\"0\" allow=\"accelerometer; autoplay; clipboard-write; encrypted-media; gyroscope; picture-in-picture; web-share\" referrerpolicy=\"strict-origin-when-cross-origin\" allowfullscreen><\/iframe>\n<\/div><\/figure>\n\n\n\n<p><a href=\"https:\/\/www.youtube.com\/watch?v=4NsOhKszzw4&amp;t=0s\">00:00<\/a> Intro <a href=\"https:\/\/www.youtube.com\/watch?v=4NsOhKszzw4&amp;t=103s\">01:43<\/a> Les origines du christianisme <a href=\"https:\/\/www.youtube.com\/watch?v=4NsOhKszzw4&amp;t=434s\">07:14<\/a> Le cas oriental <a href=\"https:\/\/www.youtube.com\/watch?v=4NsOhKszzw4&amp;t=613s\">10:13<\/a> Le g\u00e9nocide arm\u00e9nien <a href=\"https:\/\/www.youtube.com\/watch?v=4NsOhKszzw4&amp;t=812s\">13:32<\/a> L&rsquo;Irak <a href=\"https:\/\/www.youtube.com\/watch?v=4NsOhKszzw4&amp;t=953s\">15:53<\/a> Isra\u00ebl <a href=\"https:\/\/www.youtube.com\/watch?v=4NsOhKszzw4&amp;t=1021s\">17:01<\/a> Le cas africain <a href=\"https:\/\/www.youtube.com\/watch?v=4NsOhKszzw4&amp;t=1193s\">19:53<\/a> Le cas fran\u00e7ais <a href=\"https:\/\/www.youtube.com\/watch?v=4NsOhKszzw4&amp;t=1447s\">24:07<\/a> La religion oubli\u00e9e <a href=\"https:\/\/www.youtube.com\/watch?v=4NsOhKszzw4&amp;t=1711s\">28:31<\/a> Les aid\u00e9s <a href=\"https:\/\/www.youtube.com\/watch?v=4NsOhKszzw4&amp;t=1764s\">29:24<\/a> Conclusion<\/p>\n\n\n\n<h2 class=\"wp-block-heading\"><em>Trump:<\/em> <strong><u>\u00ab&nbsp;Nous stoppons net les attaques contre les valeurs jud\u00e9o-chr\u00e9tiennes.&nbsp;\u00bb<\/u><\/strong><\/h2>\n\n\n\n<figure class=\"wp-block-embed is-type-video is-provider-youtube wp-block-embed-youtube wp-embed-aspect-16-9 wp-has-aspect-ratio\"><div class=\"wp-block-embed__wrapper\">\n<iframe loading=\"lazy\" title=\"Donald Trump, le messie des nationalistes chr\u00e9tiens\" width=\"840\" height=\"473\" src=\"https:\/\/www.youtube.com\/embed\/RIT7r5HoeGc?feature=oembed\" frameborder=\"0\" allow=\"accelerometer; autoplay; clipboard-write; encrypted-media; gyroscope; picture-in-picture; web-share\" referrerpolicy=\"strict-origin-when-cross-origin\" allowfullscreen><\/iframe>\n<\/div><\/figure>\n\n\n\n<h2 class=\"wp-block-heading\"><strong><u>Ouvrons l\u2019oeil et refusons le wokisme, machine de guerre contre la civilisation.<\/u><\/strong><\/h2>\n\n\n\n<figure class=\"wp-block-embed is-type-video is-provider-youtube wp-block-embed-youtube wp-embed-aspect-16-9 wp-has-aspect-ratio\"><div class=\"wp-block-embed__wrapper\">\n<iframe loading=\"lazy\" title=\"Wokisme : \u00abLa d\u00e9construction est une machine de guerre contre la civilisation\u00bb\" width=\"840\" height=\"473\" src=\"https:\/\/www.youtube.com\/embed\/eNepL6dQBYo?feature=oembed\" frameborder=\"0\" allow=\"accelerometer; autoplay; clipboard-write; encrypted-media; gyroscope; picture-in-picture; web-share\" referrerpolicy=\"strict-origin-when-cross-origin\" allowfullscreen><\/iframe>\n<\/div><\/figure>\n\n\n\n<h2 class=\"wp-block-heading\"><strong><u>Non au laisser-aller&nbsp;! Les d\u00e9linquants doivent \u00eatre arr\u00eat\u00e9s.&nbsp;<\/u><\/strong><\/h2>\n\n\n\n<p>Vincent Lapierre fait de courts reportages qu\u2019il partage pour nous informer du mauvais \u00e9tat de la France et de la Belgique. Il agit un peu comme le m\u00e9decin qui prend le pouls du malade afin de lui porter secours. &#8230;.<\/p>\n\n\n\n<figure class=\"wp-block-embed is-type-video is-provider-youtube wp-block-embed-youtube wp-embed-aspect-16-9 wp-has-aspect-ratio\"><div class=\"wp-block-embed__wrapper\">\n<iframe loading=\"lazy\" title=\"Il vend de la drogue et dort dans un parking.\" width=\"840\" height=\"473\" src=\"https:\/\/www.youtube.com\/embed\/cD6U9HX_xmQ?feature=oembed\" frameborder=\"0\" allow=\"accelerometer; autoplay; clipboard-write; encrypted-media; gyroscope; picture-in-picture; web-share\" referrerpolicy=\"strict-origin-when-cross-origin\" allowfullscreen><\/iframe>\n<\/div><\/figure>\n\n\n\n<figure class=\"wp-block-image size-full\"><img decoding=\"async\" loading=\"lazy\" width=\"373\" height=\"251\" src=\"https:\/\/allez-yalla.com\/wp-content\/uploads\/2024\/11\/Capture-decran-2024-11-22-061748.png\" alt=\"\" class=\"wp-image-15267\" srcset=\"https:\/\/allez-yalla.com\/wp-content\/uploads\/2024\/11\/Capture-decran-2024-11-22-061748.png 373w, https:\/\/allez-yalla.com\/wp-content\/uploads\/2024\/11\/Capture-decran-2024-11-22-061748-300x202.png 300w\" sizes=\"(max-width: 373px) 85vw, 373px\" \/><\/figure>\n\n\n\n<p><\/p>\n\n\n\n<figure class=\"wp-block-embed is-type-video is-provider-youtube wp-block-embed-youtube wp-embed-aspect-16-9 wp-has-aspect-ratio\"><div class=\"wp-block-embed__wrapper\">\n<iframe loading=\"lazy\" title=\"Il y a de la drogue et des couteaux partout \u00e0 Bruxelles.\" width=\"840\" height=\"473\" src=\"https:\/\/www.youtube.com\/embed\/i4BKVj-OU4c?feature=oembed\" frameborder=\"0\" allow=\"accelerometer; autoplay; clipboard-write; encrypted-media; gyroscope; picture-in-picture; web-share\" referrerpolicy=\"strict-origin-when-cross-origin\" allowfullscreen><\/iframe>\n<\/div><\/figure>\n\n\n\n<h2 class=\"wp-block-heading\"><strong>Non \u00e0 l\u2019arrestation des d\u00e9fenseurs des droits humains&nbsp;! Amnesty International d\u00e9nonce l&rsquo;injustice et soutient les prisonniers.<\/strong><\/h2>\n\n\n\n<figure class=\"wp-block-embed is-type-video is-provider-youtube wp-block-embed-youtube wp-embed-aspect-16-9 wp-has-aspect-ratio\"><div class=\"wp-block-embed__wrapper\">\n<iframe loading=\"lazy\" title=\"Et si c&#039;\u00e9tait pour moi que travaille Amnesty International? Allez-Yalla.\" width=\"840\" height=\"473\" src=\"https:\/\/www.youtube.com\/embed\/WNXjHbNVpqM?feature=oembed\" frameborder=\"0\" allow=\"accelerometer; autoplay; clipboard-write; encrypted-media; gyroscope; picture-in-picture; web-share\" referrerpolicy=\"strict-origin-when-cross-origin\" allowfullscreen><\/iframe>\n<\/div><\/figure>\n\n\n\n<figure class=\"wp-block-image size-full is-resized\"><img decoding=\"async\" loading=\"lazy\" width=\"365\" height=\"715\" src=\"https:\/\/allez-yalla.com\/wp-content\/uploads\/2024\/11\/Capture-decran-2024-11-20-070405.png\" alt=\"\" class=\"wp-image-15268\" style=\"aspect-ratio:0.5104895104895105;width:174px;height:auto\" srcset=\"https:\/\/allez-yalla.com\/wp-content\/uploads\/2024\/11\/Capture-decran-2024-11-20-070405.png 365w, https:\/\/allez-yalla.com\/wp-content\/uploads\/2024\/11\/Capture-decran-2024-11-20-070405-153x300.png 153w\" sizes=\"(max-width: 365px) 85vw, 365px\" \/><\/figure>\n\n\n\n<h2 class=\"wp-block-heading\">Prions sans cesse dans l&rsquo;Esprit! Et l&rsquo;Amour coulera en nous et sur le monde.  <\/h2>\n\n\n\n<figure class=\"wp-block-image size-full\"><img decoding=\"async\" loading=\"lazy\" width=\"60\" height=\"100\" src=\"https:\/\/allez-yalla.com\/wp-content\/uploads\/2024\/11\/coeur-gif-051-3.webp\" alt=\"\" class=\"wp-image-15269\"\/><\/figure>\n\n\n\n<figure class=\"wp-block-image size-full\"><img decoding=\"async\" loading=\"lazy\" width=\"864\" height=\"212\" src=\"https:\/\/allez-yalla.com\/wp-content\/uploads\/2024\/11\/Capture-decran-2024-11-22-055306.png\" alt=\"\" class=\"wp-image-15265\" srcset=\"https:\/\/allez-yalla.com\/wp-content\/uploads\/2024\/11\/Capture-decran-2024-11-22-055306.png 864w, https:\/\/allez-yalla.com\/wp-content\/uploads\/2024\/11\/Capture-decran-2024-11-22-055306-300x74.png 300w, https:\/\/allez-yalla.com\/wp-content\/uploads\/2024\/11\/Capture-decran-2024-11-22-055306-768x188.png 768w\" sizes=\"(max-width: 709px) 85vw, (max-width: 909px) 67vw, (max-width: 1362px) 62vw, 840px\" \/><\/figure>\n\n\n\n<figure class=\"wp-block-pullquote\"><blockquote><p><strong>18&nbsp;En toute circonstance, que l\u2019Esprit vous donne de prier et de supplier&nbsp;: restez \u00e9veill\u00e9s, soyez assidus \u00e0 la supplication pour tous les fid\u00e8les. <\/strong><a href=\"https:\/\/www.aelf.org\/bible\/Ep\/6\">https:\/\/www.aelf.org\/bible\/Ep\/6<\/a><\/p><\/blockquote><\/figure>\n\n\n\n<p><\/p>\n\n\n\n<figure class=\"wp-block-embed is-type-video is-provider-youtube wp-block-embed-youtube wp-embed-aspect-16-9 wp-has-aspect-ratio\"><div class=\"wp-block-embed__wrapper\">\n<iframe loading=\"lazy\" title=\"Vague massive d&#039;Iraniens se convertissant au christianisme\" width=\"840\" height=\"473\" src=\"https:\/\/www.youtube.com\/embed\/QfKvRDr14-o?feature=oembed\" frameborder=\"0\" allow=\"accelerometer; autoplay; clipboard-write; encrypted-media; gyroscope; picture-in-picture; web-share\" referrerpolicy=\"strict-origin-when-cross-origin\" allowfullscreen><\/iframe>\n<\/div><\/figure>\n\n\n\n<h2 class=\"wp-block-heading\"><strong><u>Que se l\u00e8vent des proph\u00e8tes comme Jeanne d\u2019Arc laquelle, au prix de sa vie, &nbsp;a fait ce que le Ciel lui a dit.<\/u><\/strong><\/h2>\n\n\n\n<p><\/p>\n\n\n\n<figure class=\"wp-block-embed is-type-video is-provider-youtube wp-block-embed-youtube wp-embed-aspect-16-9 wp-has-aspect-ratio\"><div class=\"wp-block-embed__wrapper\">\n<iframe loading=\"lazy\" title=\"L &#039;Histoire tragique de Jeanne d&#039;arc \ud83d\ude30 #histoire #historique #jeannedarc #france  #histoiredefrance\" width=\"840\" height=\"473\" src=\"https:\/\/www.youtube.com\/embed\/NjBP3z5CD7w?feature=oembed\" frameborder=\"0\" allow=\"accelerometer; autoplay; clipboard-write; encrypted-media; gyroscope; picture-in-picture; web-share\" referrerpolicy=\"strict-origin-when-cross-origin\" allowfullscreen><\/iframe>\n<\/div><\/figure>\n\n\n\n<blockquote class=\"wp-block-quote\">\n<p><strong>09<\/strong>&nbsp;Heureux les artisans de paix, car ils seront appel\u00e9s fils de Dieu. <strong>10<\/strong>&nbsp;Heureux ceux qui sont pers\u00e9cut\u00e9s pour la justice, car le royaume des Cieux est \u00e0 eux. <strong>11<\/strong>&nbsp;Heureux \u00eates-vous si l\u2019on vous insulte, si l\u2019on vous pers\u00e9cute et si l\u2019on dit faussement toute sorte de mal contre vous, \u00e0 cause de moi. <strong>12<\/strong>&nbsp;R\u00e9jouissez-vous, soyez dans l\u2019all\u00e9gresse, car votre r\u00e9compense est grande dans les cieux&nbsp;! C\u2019est ainsi qu\u2019on a pers\u00e9cut\u00e9 les proph\u00e8tes qui vous ont pr\u00e9c\u00e9d\u00e9s.&nbsp; <a href=\"https:\/\/www.aelf.org\/bible\/Mt\/5\">https:\/\/www.aelf.org\/bible\/Mt\/5<\/a><\/p>\n<\/blockquote>\n\n\n\n<blockquote class=\"wp-block-quote\">\n<p><strong>10<\/strong>&nbsp;Enfin, puisez votre \u00e9nergie dans le Seigneur et dans la vigueur de sa force. <strong>11<\/strong>&nbsp;Rev\u00eatez l\u2019\u00e9quipement de combat donn\u00e9 par Dieu, afin de pouvoir tenir contre les man\u0153uvres du diable. <strong>12<\/strong>&nbsp;Car nous ne luttons pas contre des \u00eatres de sang et de chair, mais contre les Dominateurs de ce monde de t\u00e9n\u00e8bres, les Principaut\u00e9s, les Souverainet\u00e9s, les esprits du mal qui sont dans les r\u00e9gions c\u00e9lestes.<\/p>\n<\/blockquote>\n\n\n\n<blockquote class=\"wp-block-quote\">\n<p><strong>13<\/strong>&nbsp;Pour cela, prenez l\u2019\u00e9quipement de combat donn\u00e9 par Dieu&nbsp;; ainsi, vous pourrez r\u00e9sister quand viendra le jour du malheur, et tout mettre en \u0153uvre pour tenir bon. <strong>14<\/strong>&nbsp;Oui, tenez bon, ayant autour des reins le ceinturon de la v\u00e9rit\u00e9, portant la cuirasse de la justice, <strong>15<\/strong>&nbsp;les pieds chauss\u00e9s de l\u2019ardeur \u00e0 annoncer l\u2019\u00c9vangile de la paix, <strong>16<\/strong>&nbsp;et ne quittant jamais le bouclier de la foi, qui vous permettra d\u2019\u00e9teindre toutes les fl\u00e8ches enflamm\u00e9es du Mauvais. <strong>17<\/strong>&nbsp;Prenez le casque du salut et le glaive de l\u2019Esprit, c\u2019est-\u00e0-dire la parole de Dieu.<\/p>\n<\/blockquote>\n\n\n\n<figure class=\"wp-block-image size-full\"><img decoding=\"async\" loading=\"lazy\" width=\"679\" height=\"196\" src=\"https:\/\/allez-yalla.com\/wp-content\/uploads\/2024\/11\/Capture-decran-2024-11-22-062452.png\" alt=\"\" class=\"wp-image-15271\" srcset=\"https:\/\/allez-yalla.com\/wp-content\/uploads\/2024\/11\/Capture-decran-2024-11-22-062452.png 679w, https:\/\/allez-yalla.com\/wp-content\/uploads\/2024\/11\/Capture-decran-2024-11-22-062452-300x87.png 300w\" sizes=\"(max-width: 709px) 85vw, (max-width: 909px) 67vw, (max-width: 984px) 61vw, (max-width: 1362px) 45vw, 600px\" \/><\/figure>\n\n\n\n<h2 class=\"wp-block-heading\"><strong><u>Que J\u00e9sus soit reconnu par tous comme \u00e9tant Dieu&nbsp;! Il nous communique l\u2019Esprit divin! ECOUTONS-LE&nbsp;!<\/u><\/strong><\/h2>\n\n\n\n<figure class=\"wp-block-pullquote\"><blockquote><p><strong>11<\/strong>&nbsp;Car il est \u00e9crit&nbsp;: Aussi vrai que je suis vivant, dit le Seigneur, tout genou fl\u00e9chira devant moi, et toute langue proclamera la louange de Dieu. <a href=\"https:\/\/www.aelf.org\/bible\/Rm\/14\">https:\/\/www.aelf.org\/bible\/Rm\/14<\/a><\/p><\/blockquote><\/figure>\n\n\n\n<figure class=\"wp-block-image size-full is-resized\"><img decoding=\"async\" loading=\"lazy\" width=\"531\" height=\"148\" src=\"https:\/\/allez-yalla.com\/wp-content\/uploads\/2024\/11\/Capture-decran-2024-11-22-055407.png\" alt=\"\" class=\"wp-image-15270\" style=\"aspect-ratio:3.5878378378378377;width:632px;height:auto\" srcset=\"https:\/\/allez-yalla.com\/wp-content\/uploads\/2024\/11\/Capture-decran-2024-11-22-055407.png 531w, https:\/\/allez-yalla.com\/wp-content\/uploads\/2024\/11\/Capture-decran-2024-11-22-055407-300x84.png 300w\" sizes=\"(max-width: 531px) 85vw, 531px\" \/><\/figure>\n\n\n\n<h2 class=\"wp-block-heading\"><strong><u>Venons \u00e0 J\u00e9sus et le monde gu\u00e9rira de son orgueil, de son \u00e9go\u00efsme.<\/u><\/strong><\/h2>\n\n\n\n<figure class=\"wp-block-embed is-type-video is-provider-youtube wp-block-embed-youtube wp-embed-aspect-16-9 wp-has-aspect-ratio\"><div class=\"wp-block-embed__wrapper\">\n<iframe loading=\"lazy\" title=\"Prenait le joug du Seigneur.\" width=\"840\" height=\"473\" src=\"https:\/\/www.youtube.com\/embed\/BH2qV2hI-i4?feature=oembed\" frameborder=\"0\" allow=\"accelerometer; autoplay; clipboard-write; encrypted-media; gyroscope; picture-in-picture; web-share\" referrerpolicy=\"strict-origin-when-cross-origin\" allowfullscreen><\/iframe>\n<\/div><\/figure>\n\n\n\n<figure class=\"wp-block-embed is-type-video is-provider-youtube wp-block-embed-youtube wp-embed-aspect-16-9 wp-has-aspect-ratio\"><div class=\"wp-block-embed__wrapper\">\n<iframe loading=\"lazy\" title=\"Voici une pri\u00e8re efficace pour la paix et la r\u00e9conciliation #paix #reconciliation #amour #jesus\" width=\"840\" height=\"473\" src=\"https:\/\/www.youtube.com\/embed\/xKUIK0emtZM?feature=oembed\" frameborder=\"0\" allow=\"accelerometer; autoplay; clipboard-write; encrypted-media; gyroscope; picture-in-picture; web-share\" referrerpolicy=\"strict-origin-when-cross-origin\" allowfullscreen><\/iframe>\n<\/div><\/figure>\n\n\n\n<h2 class=\"wp-block-heading\"><strong><u>Quand donc la soci\u00e9t\u00e9 sera-t-elle &nbsp;respectueuse des religions&nbsp;?<\/u><\/strong><\/h2>\n\n\n\n<figure class=\"wp-block-image size-full\"><img decoding=\"async\" loading=\"lazy\" width=\"293\" height=\"220\" src=\"https:\/\/allez-yalla.com\/wp-content\/uploads\/2024\/11\/th-2.jpg\" alt=\"\" class=\"wp-image-15278\"\/><\/figure>\n\n\n\n<p><\/p>\n\n\n\n<figure class=\"wp-block-embed is-type-video is-provider-youtube wp-block-embed-youtube wp-embed-aspect-16-9 wp-has-aspect-ratio\"><div class=\"wp-block-embed__wrapper\">\n<iframe loading=\"lazy\" title=\"AED - TEASER NUIT DES TE\u0301MOINS 2024\" width=\"840\" height=\"473\" src=\"https:\/\/www.youtube.com\/embed\/CyUsf2gVQss?feature=oembed\" frameborder=\"0\" allow=\"accelerometer; autoplay; clipboard-write; encrypted-media; gyroscope; picture-in-picture; web-share\" referrerpolicy=\"strict-origin-when-cross-origin\" allowfullscreen><\/iframe>\n<\/div><\/figure>\n\n\n\n<h2 class=\"wp-block-heading\"><strong><u>Quand allons-nous sinc\u00e8rement chercher la V\u00e9rit\u00e9&nbsp;?<\/u><\/strong><\/h2>\n\n\n\n<figure class=\"wp-block-embed is-type-video is-provider-youtube wp-block-embed-youtube wp-embed-aspect-16-9 wp-has-aspect-ratio\"><div class=\"wp-block-embed__wrapper\">\n<iframe loading=\"lazy\" title=\"&quot;Priez pour Eux&quot;\ud83d\ude4f\ud83c\udffe\u2728Soeur Marie Rapha\u00ebl sur le blasph\u00e8me de la Sainte Vierge #jesus #viergemarie #foi\" width=\"840\" height=\"473\" src=\"https:\/\/www.youtube.com\/embed\/kMulqxC0vGM?feature=oembed\" frameborder=\"0\" allow=\"accelerometer; autoplay; clipboard-write; encrypted-media; gyroscope; picture-in-picture; web-share\" referrerpolicy=\"strict-origin-when-cross-origin\" allowfullscreen><\/iframe>\n<\/div><\/figure>\n\n\n\n<figure class=\"wp-block-embed is-type-video is-provider-youtube wp-block-embed-youtube wp-embed-aspect-16-9 wp-has-aspect-ratio\"><div class=\"wp-block-embed__wrapper\">\n<iframe loading=\"lazy\" title=\"D\u00e9barrasse-toi de tes p\u00e9ch\u00e9s sans tarder\u2026\ud83d\ude4f #ego #existence #dieu #chr\u00e9tiens\" width=\"840\" height=\"473\" src=\"https:\/\/www.youtube.com\/embed\/nChlh1bqoSg?feature=oembed\" frameborder=\"0\" allow=\"accelerometer; autoplay; clipboard-write; encrypted-media; gyroscope; picture-in-picture; web-share\" referrerpolicy=\"strict-origin-when-cross-origin\" allowfullscreen><\/iframe>\n<\/div><\/figure>\n\n\n\n<p><a href=\"https:\/\/www.aelf.org\/2024-11-21\/romain\/messe\">https:\/\/www.aelf.org\/2024-11-21\/romain\/messe<\/a><\/p>\n\n\n\n<h2 class=\"wp-block-heading\"><strong><u>Que vive de plus en plus intens\u00e9ment&nbsp; l\u2019Eglise au service de l\u2019humain&nbsp;!<\/u><\/strong><\/h2>\n\n\n\n<figure class=\"wp-block-embed is-type-video is-provider-youtube wp-block-embed-youtube wp-embed-aspect-16-9 wp-has-aspect-ratio\"><div class=\"wp-block-embed__wrapper\">\n<iframe loading=\"lazy\" title=\"Les multiples facettes de l\u2019amour\u2026 #amour #amourdechrist #mariage #jesus #jesuschrist\" width=\"840\" height=\"473\" src=\"https:\/\/www.youtube.com\/embed\/gHLiexPTEOM?feature=oembed\" frameborder=\"0\" allow=\"accelerometer; autoplay; clipboard-write; encrypted-media; gyroscope; picture-in-picture; web-share\" referrerpolicy=\"strict-origin-when-cross-origin\" allowfullscreen><\/iframe>\n<\/div><\/figure>\n\n\n\n<p><strong>Puissent les chr\u00e9tiens s\u2019exprimer avec amour, jamais avec haine, &nbsp;sinon c\u2019est p\u00e9ch\u00e9&nbsp;!<\/strong><\/p>\n\n\n\n<h2 class=\"wp-block-heading\"><strong><u>Puisse la Parole de Dieu changer en bien les mentalit\u00e9s gr\u00e2ce \u00e0 la m\u00e9ditation quotidienne de la Bible.<\/u><\/strong><\/h2>\n\n\n\n<figure class=\"wp-block-image size-full\"><img decoding=\"async\" loading=\"lazy\" width=\"755\" height=\"505\" src=\"https:\/\/allez-yalla.com\/wp-content\/uploads\/2024\/11\/Capture-decran-2024-11-22-063016.png\" alt=\"\" class=\"wp-image-15273\" srcset=\"https:\/\/allez-yalla.com\/wp-content\/uploads\/2024\/11\/Capture-decran-2024-11-22-063016.png 755w, https:\/\/allez-yalla.com\/wp-content\/uploads\/2024\/11\/Capture-decran-2024-11-22-063016-300x201.png 300w\" sizes=\"(max-width: 709px) 85vw, (max-width: 909px) 67vw, (max-width: 984px) 61vw, (max-width: 1362px) 45vw, 600px\" \/><\/figure>\n\n\n\n<p><a href=\"https:\/\/www.open-bible.fr\/lecture\/2024-11-20\">https:\/\/www.open-bible.fr\/lecture\/2024-11-20<\/a><\/p>\n\n\n\n<p><strong><u>Le Rosaire permet de prier beaucoup. Soyons r\u00e9guliers \u00e0 la pri\u00e8re.<\/u><\/strong><\/p>\n\n\n\n<figure class=\"wp-block-embed is-type-video is-provider-youtube wp-block-embed-youtube wp-embed-aspect-16-9 wp-has-aspect-ratio\"><div class=\"wp-block-embed__wrapper\">\n<iframe loading=\"lazy\" title=\"CHAPELET \ud83d\ude4f Mardi 19 Nov - Myst\u00e8res Douloureux\" width=\"840\" height=\"473\" src=\"https:\/\/www.youtube.com\/embed\/Mv2t8X6__ng?list=PLAkOPZWAXefVO6d9l5VY13NwaU8l6EQ3V\" frameborder=\"0\" allow=\"accelerometer; autoplay; clipboard-write; encrypted-media; gyroscope; picture-in-picture; web-share\" referrerpolicy=\"strict-origin-when-cross-origin\" allowfullscreen><\/iframe>\n<\/div><\/figure>\n\n\n\n<h2 class=\"wp-block-heading\"><strong><u>\u00ab&nbsp;Racontez ce que vous avez vu et entendu.\u00a0\u00bb<\/u><\/strong><\/h2>\n\n\n\n<p><strong><u>Nous devrions \u00eatre fiers de notre belle foi. Des t\u00e9moignages puissants fortifient la foi.<\/u><\/strong><\/p>\n\n\n\n<figure class=\"wp-block-embed is-type-video is-provider-youtube wp-block-embed-youtube wp-embed-aspect-16-9 wp-has-aspect-ratio\"><div class=\"wp-block-embed__wrapper\">\n<iframe loading=\"lazy\" title=\"T\u00c9MOIGNAGE CHOC - ELLE VOIT LE PARADIS APR\u00c8S UN ACCIDENT ! \ud83d\ude33 #emi\" width=\"840\" height=\"473\" src=\"https:\/\/www.youtube.com\/embed\/r7vOB_Tq5g8?feature=oembed\" frameborder=\"0\" allow=\"accelerometer; autoplay; clipboard-write; encrypted-media; gyroscope; picture-in-picture; web-share\" referrerpolicy=\"strict-origin-when-cross-origin\" allowfullscreen><\/iframe>\n<\/div><\/figure>\n\n\n\n<figure class=\"wp-block-embed is-type-video is-provider-youtube wp-block-embed-youtube wp-embed-aspect-16-9 wp-has-aspect-ratio\"><div class=\"wp-block-embed__wrapper\">\n<iframe loading=\"lazy\" title=\"Choc Un Musulman Palestinien Rencontre Soudainement J\u00e9sus et Sa Vie Est Transform\u00e9e\" width=\"840\" height=\"473\" src=\"https:\/\/www.youtube.com\/embed\/7wHaDtzj5aE?feature=oembed\" frameborder=\"0\" allow=\"accelerometer; autoplay; clipboard-write; encrypted-media; gyroscope; picture-in-picture; web-share\" referrerpolicy=\"strict-origin-when-cross-origin\" allowfullscreen><\/iframe>\n<\/div><\/figure>\n\n\n\n<p>NB: Une multitude de t\u00e9moins nous rapportent de belles histoires mais que faisons-nous&nbsp;de leurs t\u00e9moignages&nbsp;? ? Les relayons-nous&nbsp;? Partageons-nous aussi notre v\u00e9cu avec J\u00e9sus&nbsp;? Nous sommes trop souvent comme des gamins &#8230;..<\/p>\n\n\n\n<blockquote class=\"wp-block-quote\">\n<p><strong>31<\/strong>&nbsp;\u00c0 qui donc vais-je comparer les gens de cette g\u00e9n\u00e9ration&nbsp;? \u00c0 qui ressemblent-ils&nbsp;? <strong>32<\/strong>&nbsp;Ils ressemblent \u00e0 des gamins assis sur la place, qui s\u2019interpellent en disant&nbsp;: \u201cNous vous avons jou\u00e9 de la fl\u00fbte, et vous n\u2019avez pas dans\u00e9. Nous avons chant\u00e9 des lamentations, et vous n\u2019avez pas pleur\u00e9.\u201d&nbsp;<a href=\"https:\/\/www.aelf.org\/bible\/Lc\/7\">https:\/\/www.aelf.org\/bible\/Lc\/7<\/a><\/p>\n<\/blockquote>\n\n\n\n<figure class=\"wp-block-embed is-type-video is-provider-youtube wp-block-embed-youtube wp-embed-aspect-16-9 wp-has-aspect-ratio\"><div class=\"wp-block-embed__wrapper\">\n<iframe loading=\"lazy\" title=\"COMMENT DISCERNER QUAND ON EST CHR\u00c9TIEN ?\" width=\"840\" height=\"473\" src=\"https:\/\/www.youtube.com\/embed\/wIwG14VUqVM?feature=oembed\" frameborder=\"0\" allow=\"accelerometer; autoplay; clipboard-write; encrypted-media; gyroscope; picture-in-picture; web-share\" referrerpolicy=\"strict-origin-when-cross-origin\" allowfullscreen><\/iframe>\n<\/div><\/figure>\n\n\n\n<h2 class=\"wp-block-heading\"><strong>Suppl\u00e9ment.<\/strong><\/h2>\n\n\n\n<p>Donald Trump, l\u2019Homme Providentiel pour les chr\u00e9tiens ? Di Vizio, N.Conquer et l&rsquo;abb\u00e9 Raffray<\/p>\n\n\n\n<p><a href=\"https:\/\/www.youtube.com\/watch?v=8aP5WfzU-Hs\">https:\/\/www.youtube.com\/watch?v=8aP5WfzU-Hs<\/a><\/p>\n\n\n\n<h2 class=\"wp-block-heading\"><strong><u>Cantiques\/pri\u00e8res<\/u><\/strong><\/h2>\n\n\n\n<figure class=\"wp-block-embed is-type-video is-provider-youtube wp-block-embed-youtube wp-embed-aspect-16-9 wp-has-aspect-ratio\"><div class=\"wp-block-embed__wrapper\">\n<iframe loading=\"lazy\" title=\"Agnus Dei | Hebrew - Arabic - English | Live From Jerusalem\" width=\"840\" height=\"473\" src=\"https:\/\/www.youtube.com\/embed\/PbHyu2uFfac?feature=oembed\" frameborder=\"0\" allow=\"accelerometer; autoplay; clipboard-write; encrypted-media; gyroscope; picture-in-picture; web-share\" referrerpolicy=\"strict-origin-when-cross-origin\" allowfullscreen><\/iframe>\n<\/div><\/figure>\n\n\n\n<figure class=\"wp-block-embed is-type-video is-provider-youtube wp-block-embed-youtube wp-embed-aspect-16-9 wp-has-aspect-ratio\"><div class=\"wp-block-embed__wrapper\">\n<iframe loading=\"lazy\" title=\"Regardez l&#039;humilit\u00e9 de Dieu - Anne-Sophie Rahm\" width=\"840\" height=\"473\" src=\"https:\/\/www.youtube.com\/embed\/f2c5bsEVyv8?feature=oembed\" frameborder=\"0\" allow=\"accelerometer; autoplay; clipboard-write; encrypted-media; gyroscope; picture-in-picture; web-share\" referrerpolicy=\"strict-origin-when-cross-origin\" allowfullscreen><\/iframe>\n<\/div><\/figure>\n\n\n\n<figure class=\"wp-block-embed is-type-video is-provider-youtube wp-block-embed-youtube wp-embed-aspect-16-9 wp-has-aspect-ratio\"><div class=\"wp-block-embed__wrapper\">\n<iframe loading=\"lazy\" title=\"INCENDIE NOTRE DAME (JE VOUS SALUE MARIE) \/\/ NUIT DU 15\/04\" width=\"840\" height=\"473\" src=\"https:\/\/www.youtube.com\/embed\/iH8Pbcd4z80?start=46&#038;feature=oembed\" frameborder=\"0\" allow=\"accelerometer; autoplay; clipboard-write; encrypted-media; gyroscope; picture-in-picture; web-share\" referrerpolicy=\"strict-origin-when-cross-origin\" allowfullscreen><\/iframe>\n<\/div><\/figure>\n\n\n\n<figure class=\"wp-block-embed is-type-video is-provider-youtube wp-block-embed-youtube wp-embed-aspect-16-9 wp-has-aspect-ratio\"><div class=\"wp-block-embed__wrapper\">\n<iframe loading=\"lazy\" title=\"What A Beautiful Name - Hillsong Worship\" width=\"840\" height=\"473\" src=\"https:\/\/www.youtube.com\/embed\/nQWFzMvCfLE?feature=oembed\" frameborder=\"0\" allow=\"accelerometer; autoplay; clipboard-write; encrypted-media; gyroscope; picture-in-picture; web-share\" referrerpolicy=\"strict-origin-when-cross-origin\" allowfullscreen><\/iframe>\n<\/div><\/figure>\n\n\n\n<figure class=\"wp-block-embed is-type-video is-provider-youtube wp-block-embed-youtube wp-embed-aspect-4-3 wp-has-aspect-ratio\"><div class=\"wp-block-embed__wrapper\">\n<iframe loading=\"lazy\" title=\"Mohamed de Marseille chante pour J\u00e9sus\" width=\"840\" height=\"630\" src=\"https:\/\/www.youtube.com\/embed\/iSaawaUdz0U?feature=oembed\" frameborder=\"0\" allow=\"accelerometer; autoplay; clipboard-write; encrypted-media; gyroscope; picture-in-picture; web-share\" referrerpolicy=\"strict-origin-when-cross-origin\" allowfullscreen><\/iframe>\n<\/div><\/figure>\n\n\n\n<figure class=\"wp-block-embed is-type-video is-provider-youtube wp-block-embed-youtube wp-embed-aspect-16-9 wp-has-aspect-ratio\"><div class=\"wp-block-embed__wrapper\">\n<iframe loading=\"lazy\" title=\"Ta Passion a commenc\u00e9 ... (\u00c9mouvant) chant J\u00e9sus \/ Car\u00eame\" width=\"840\" height=\"473\" src=\"https:\/\/www.youtube.com\/embed\/CuDeaw4SD24?feature=oembed\" frameborder=\"0\" allow=\"accelerometer; autoplay; clipboard-write; encrypted-media; gyroscope; picture-in-picture; web-share\" referrerpolicy=\"strict-origin-when-cross-origin\" allowfullscreen><\/iframe>\n<\/div><\/figure>\n\n\n\n<figure class=\"wp-block-embed is-type-video is-provider-youtube wp-block-embed-youtube wp-embed-aspect-16-9 wp-has-aspect-ratio\"><div class=\"wp-block-embed__wrapper\">\n<iframe loading=\"lazy\" title=\"Victoire, Tu r\u00e8gneras (Paroles)\" width=\"840\" height=\"473\" src=\"https:\/\/www.youtube.com\/embed\/NWt2V7alv3o?feature=oembed\" frameborder=\"0\" allow=\"accelerometer; autoplay; clipboard-write; encrypted-media; gyroscope; picture-in-picture; web-share\" referrerpolicy=\"strict-origin-when-cross-origin\" allowfullscreen><\/iframe>\n<\/div><\/figure>\n\n\n\n<h2 class=\"wp-block-heading\">On  ne peut pas tricher \u00e9ternellement avec Dieu. Il aura la victoire! <\/h2>\n\n\n\n<figure class=\"wp-block-image size-full\"><img decoding=\"async\" loading=\"lazy\" width=\"1024\" height=\"574\" src=\"https:\/\/allez-yalla.com\/wp-content\/uploads\/2024\/11\/Capture-decran-2023-12-04-114438-1024x574-1.png\" alt=\"\" class=\"wp-image-15281\" srcset=\"https:\/\/allez-yalla.com\/wp-content\/uploads\/2024\/11\/Capture-decran-2023-12-04-114438-1024x574-1.png 1024w, https:\/\/allez-yalla.com\/wp-content\/uploads\/2024\/11\/Capture-decran-2023-12-04-114438-1024x574-1-300x168.png 300w, https:\/\/allez-yalla.com\/wp-content\/uploads\/2024\/11\/Capture-decran-2023-12-04-114438-1024x574-1-768x431.png 768w\" sizes=\"(max-width: 709px) 85vw, (max-width: 909px) 67vw, (max-width: 1362px) 62vw, 840px\" \/><\/figure>\n","protected":false},"excerpt":{"rendered":"<p>Les m\u00e9dias mainstreams instillent en nous l\u2019esprit du monde, un esprit de mouton de panurge, un esprit de peur &#8230; \u2026or nous avons besoin de d\u00e9termination, de courage, &nbsp;pour arriver \u00e0 nous relever. Laissons-nous donc conduire par l\u2019Esprit de Dieu&nbsp;: &nbsp;&nbsp;L\u00e0 est la libert\u00e9 des enfants de Dieu, la vraie VIE&nbsp;! Lors de la crise &hellip; <a href=\"https:\/\/allez-yalla.com\/index.php\/2024\/11\/22\/aiguisons-notre-esprit-critique-et-comptons-sur-dieu-pour-nous-relever\/\" class=\"more-link\">Continuer la lecture<span class=\"screen-reader-text\"> de &laquo;&nbsp;Aiguisons notre esprit critique, comptons sur Dieu pour nous relever.  \u00a0&nbsp;&raquo;<\/span><\/a><\/p>\n","protected":false},"author":1,"featured_media":0,"comment_status":"closed","ping_status":"closed","sticky":false,"template":"","format":"standard","meta":{"footnotes":""},"categories":[461,306,292,238,116,373],"tags":[274,708,456,316],"_links":{"self":[{"href":"https:\/\/allez-yalla.com\/index.php\/wp-json\/wp\/v2\/posts\/15262"}],"collection":[{"href":"https:\/\/allez-yalla.com\/index.php\/wp-json\/wp\/v2\/posts"}],"about":[{"href":"https:\/\/allez-yalla.com\/index.php\/wp-json\/wp\/v2\/types\/post"}],"author":[{"embeddable":true,"href":"https:\/\/allez-yalla.com\/index.php\/wp-json\/wp\/v2\/users\/1"}],"replies":[{"embeddable":true,"href":"https:\/\/allez-yalla.com\/index.php\/wp-json\/wp\/v2\/comments?post=15262"}],"version-history":[{"count":14,"href":"https:\/\/allez-yalla.com\/index.php\/wp-json\/wp\/v2\/posts\/15262\/revisions"}],"predecessor-version":[{"id":15299,"href":"https:\/\/allez-yalla.com\/index.php\/wp-json\/wp\/v2\/posts\/15262\/revisions\/15299"}],"wp:attachment":[{"href":"https:\/\/allez-yalla.com\/index.php\/wp-json\/wp\/v2\/media?parent=15262"}],"wp:term":[{"taxonomy":"category","embeddable":true,"href":"https:\/\/allez-yalla.com\/index.php\/wp-json\/wp\/v2\/categories?post=15262"},{"taxonomy":"post_tag","embeddable":true,"href":"https:\/\/allez-yalla.com\/index.php\/wp-json\/wp\/v2\/tags?post=15262"}],"curies":[{"name":"wp","href":"https:\/\/api.w.org\/{rel}","templated":true}]}}