{"id":13869,"date":"2024-07-20T07:31:39","date_gmt":"2024-07-20T05:31:39","guid":{"rendered":"https:\/\/allez-yalla.com\/?p=13869"},"modified":"2024-07-21T12:39:35","modified_gmt":"2024-07-21T10:39:35","slug":"que-sert-a-lhomme-de-gagner-lunivers-sil-perd-son-ame","status":"publish","type":"post","link":"https:\/\/allez-yalla.com\/index.php\/2024\/07\/20\/que-sert-a-lhomme-de-gagner-lunivers-sil-perd-son-ame\/","title":{"rendered":"\u00ab\u00a0Que sert \u00e0 l\u2019homme de gagner l\u2019univers s\u2019il perd son \u00e2me\u00a0?\u00a0\u00bb"},"content":{"rendered":"\n<figure class=\"wp-block-image size-full is-resized\"><img decoding=\"async\" loading=\"lazy\" width=\"892\" height=\"447\" src=\"https:\/\/allez-yalla.com\/wp-content\/uploads\/2024\/07\/Capture-decran-2024-07-19-110141.png\" alt=\"\" class=\"wp-image-13870\" style=\"aspect-ratio:1.9955257270693512;width:643px;height:auto\" srcset=\"https:\/\/allez-yalla.com\/wp-content\/uploads\/2024\/07\/Capture-decran-2024-07-19-110141.png 892w, https:\/\/allez-yalla.com\/wp-content\/uploads\/2024\/07\/Capture-decran-2024-07-19-110141-300x150.png 300w, https:\/\/allez-yalla.com\/wp-content\/uploads\/2024\/07\/Capture-decran-2024-07-19-110141-768x385.png 768w\" sizes=\"(max-width: 709px) 85vw, (max-width: 909px) 67vw, (max-width: 1362px) 62vw, 840px\" \/><\/figure>\n\n\n\n<p><\/p>\n\n\n\n<figure class=\"wp-block-image size-full is-resized\"><img decoding=\"async\" loading=\"lazy\" width=\"868\" height=\"535\" src=\"https:\/\/allez-yalla.com\/wp-content\/uploads\/2024\/07\/Capture-decran-2024-07-20-102802-1.png\" alt=\"\" class=\"wp-image-13906\" style=\"aspect-ratio:1.622429906542056;width:571px;height:auto\" srcset=\"https:\/\/allez-yalla.com\/wp-content\/uploads\/2024\/07\/Capture-decran-2024-07-20-102802-1.png 868w, https:\/\/allez-yalla.com\/wp-content\/uploads\/2024\/07\/Capture-decran-2024-07-20-102802-1-300x185.png 300w, https:\/\/allez-yalla.com\/wp-content\/uploads\/2024\/07\/Capture-decran-2024-07-20-102802-1-768x473.png 768w\" sizes=\"(max-width: 709px) 85vw, (max-width: 909px) 67vw, (max-width: 1362px) 62vw, 840px\" \/><\/figure>\n\n\n\n<p><\/p>\n\n\n\n<p>En VIDEO:  Marc 8<\/p>\n\n\n\n<figure class=\"wp-block-image size-full\"><img decoding=\"async\" loading=\"lazy\" width=\"365\" height=\"67\" src=\"https:\/\/allez-yalla.com\/wp-content\/uploads\/2024\/07\/Capture-decran-2024-04-05-043247-1.png\" alt=\"\" class=\"wp-image-13904\" srcset=\"https:\/\/allez-yalla.com\/wp-content\/uploads\/2024\/07\/Capture-decran-2024-04-05-043247-1.png 365w, https:\/\/allez-yalla.com\/wp-content\/uploads\/2024\/07\/Capture-decran-2024-04-05-043247-1-300x55.png 300w\" sizes=\"(max-width: 365px) 85vw, 365px\" \/><\/figure>\n\n\n\n<p><a href=\"https:\/\/topbible.topchretien.com\/marc.8.1\/S21\/\">https:\/\/topbible.topchretien.com\/marc.8.1\/S21\/<\/a><\/p>\n\n\n\n<h2 class=\"wp-block-heading\">Ce verset biblique (Marc 8:36) toucha profond\u00e9ment un petit enfant. <\/h2>\n\n\n\n<p> Jacques Pineault ne savait ni lire ni \u00e9crire \u00e0 cette \u00e9poque et il deviendra moine. Voici ce qu&rsquo;il dit \u00e0 ce sujet dans son livre&nbsp;:<strong><em> \u00ab&nbsp;Dans les pas du Christ.&nbsp;\u00bb<\/em><\/strong><\/p>\n\n\n\n<figure class=\"wp-block-image size-full is-resized\"><img decoding=\"async\" loading=\"lazy\" width=\"617\" height=\"796\" src=\"https:\/\/allez-yalla.com\/wp-content\/uploads\/2024\/07\/Capture-decran-2024-07-19-070356.png\" alt=\"\" class=\"wp-image-13871\" style=\"aspect-ratio:0.7751256281407035;width:617px;height:auto\" srcset=\"https:\/\/allez-yalla.com\/wp-content\/uploads\/2024\/07\/Capture-decran-2024-07-19-070356.png 617w, https:\/\/allez-yalla.com\/wp-content\/uploads\/2024\/07\/Capture-decran-2024-07-19-070356-233x300.png 233w\" sizes=\"(max-width: 709px) 85vw, (max-width: 909px) 67vw, (max-width: 984px) 61vw, (max-width: 1362px) 45vw, 600px\" \/><\/figure>\n\n\n\n<p><\/p>\n\n\n\n<h2 class=\"wp-block-heading\"><em>\u00ab\u00a0Voir Dieu, entendre Dieu, sentir Dieu, toucher Dieu, go\u00fbter Dieu\u00a0\u00bb. \u00a0<\/em>Depuis l\u2019incarnation, c\u2019est possible\u00a0!  Merci Dieu!<\/h2>\n\n\n\n<figure class=\"wp-block-image size-full\"><img decoding=\"async\" loading=\"lazy\" width=\"505\" height=\"857\" src=\"https:\/\/allez-yalla.com\/wp-content\/uploads\/2024\/07\/Capture-decran-2024-07-21-013659.png\" alt=\"\" class=\"wp-image-13910\" srcset=\"https:\/\/allez-yalla.com\/wp-content\/uploads\/2024\/07\/Capture-decran-2024-07-21-013659.png 505w, https:\/\/allez-yalla.com\/wp-content\/uploads\/2024\/07\/Capture-decran-2024-07-21-013659-177x300.png 177w\" sizes=\"(max-width: 505px) 85vw, 505px\" \/><\/figure>\n\n\n\n<figure class=\"wp-block-image size-full\"><img decoding=\"async\" loading=\"lazy\" width=\"365\" height=\"67\" src=\"https:\/\/allez-yalla.com\/wp-content\/uploads\/2024\/07\/Capture-decran-2024-04-05-043247-2.png\" alt=\"\" class=\"wp-image-13911\" srcset=\"https:\/\/allez-yalla.com\/wp-content\/uploads\/2024\/07\/Capture-decran-2024-04-05-043247-2.png 365w, https:\/\/allez-yalla.com\/wp-content\/uploads\/2024\/07\/Capture-decran-2024-04-05-043247-2-300x55.png 300w\" sizes=\"(max-width: 365px) 85vw, 365px\" \/><\/figure>\n\n\n\n<p><a href=\"https:\/\/www.facebook.com\/reel\/1225371028869163\">https:\/\/www.facebook.com\/reel\/1225371028869163<\/a><\/p>\n\n\n\n<h2 class=\"wp-block-heading\"><strong><u>La touche d\u2019humanit\u00e9 que l\u2019on hume &nbsp;dans le livre de p\u00e8re Jacques, on la retrouve dans ses hom\u00e9lies.<\/u><\/strong> <\/h2>\n\n\n\n<p>En voici quelques extraits publi\u00e9s ces derniers jours sur facebook. &nbsp; <a href=\"https:\/\/www.facebook.com\/jacques.pineault.9\">https:\/\/www.facebook.com\/jacques.pineault.9<\/a><\/p>\n\n\n\n<figure class=\"wp-block-image size-full is-resized\"><img decoding=\"async\" loading=\"lazy\" width=\"290\" height=\"174\" src=\"https:\/\/allez-yalla.com\/wp-content\/uploads\/2024\/07\/451560993_4192764720970641_162603353138096622_n.jpg\" alt=\"\" class=\"wp-image-13874\" style=\"aspect-ratio:1.6666666666666667;width:629px;height:auto\"\/><\/figure>\n\n\n\n<p><\/p>\n\n\n\n<figure class=\"wp-block-image size-full\"><img decoding=\"async\" loading=\"lazy\" width=\"847\" height=\"564\" src=\"https:\/\/allez-yalla.com\/wp-content\/uploads\/2024\/07\/en-ce-temps-la-Jesus-prit-la-parole.png\" alt=\"\" class=\"wp-image-13873\" srcset=\"https:\/\/allez-yalla.com\/wp-content\/uploads\/2024\/07\/en-ce-temps-la-Jesus-prit-la-parole.png 847w, https:\/\/allez-yalla.com\/wp-content\/uploads\/2024\/07\/en-ce-temps-la-Jesus-prit-la-parole-300x200.png 300w, https:\/\/allez-yalla.com\/wp-content\/uploads\/2024\/07\/en-ce-temps-la-Jesus-prit-la-parole-768x511.png 768w\" sizes=\"(max-width: 709px) 85vw, (max-width: 909px) 67vw, (max-width: 1362px) 62vw, 840px\" \/><\/figure>\n\n\n\n<p><\/p>\n\n\n\n<figure class=\"wp-block-image size-full\"><img decoding=\"async\" loading=\"lazy\" width=\"878\" height=\"870\" src=\"https:\/\/allez-yalla.com\/wp-content\/uploads\/2024\/07\/Capture-decran-2024-07-19-064055.png\" alt=\"\" class=\"wp-image-13876\" srcset=\"https:\/\/allez-yalla.com\/wp-content\/uploads\/2024\/07\/Capture-decran-2024-07-19-064055.png 878w, https:\/\/allez-yalla.com\/wp-content\/uploads\/2024\/07\/Capture-decran-2024-07-19-064055-300x297.png 300w, https:\/\/allez-yalla.com\/wp-content\/uploads\/2024\/07\/Capture-decran-2024-07-19-064055-150x150.png 150w, https:\/\/allez-yalla.com\/wp-content\/uploads\/2024\/07\/Capture-decran-2024-07-19-064055-768x761.png 768w\" sizes=\"(max-width: 709px) 85vw, (max-width: 909px) 67vw, (max-width: 1362px) 62vw, 840px\" \/><\/figure>\n\n\n\n<h2 class=\"wp-block-heading\"><em>\u00ab\u00a0Je te b\u00e9nis, P\u00e8re du ciel et de la terre d&rsquo;avoir cach\u00e9 cela aux sages et aux savants et de l&rsquo;avoir r\u00e9v\u00e9l\u00e9 aux tout-petits.\u00a0\u00bb<\/em><\/h2>\n\n\n\n<figure class=\"wp-block-image size-full\"><img decoding=\"async\" loading=\"lazy\" width=\"853\" height=\"885\" src=\"https:\/\/allez-yalla.com\/wp-content\/uploads\/2024\/07\/Capture-decran-2024-07-19-064206.png\" alt=\"\" class=\"wp-image-13877\" srcset=\"https:\/\/allez-yalla.com\/wp-content\/uploads\/2024\/07\/Capture-decran-2024-07-19-064206.png 853w, https:\/\/allez-yalla.com\/wp-content\/uploads\/2024\/07\/Capture-decran-2024-07-19-064206-289x300.png 289w, https:\/\/allez-yalla.com\/wp-content\/uploads\/2024\/07\/Capture-decran-2024-07-19-064206-768x797.png 768w\" sizes=\"(max-width: 709px) 85vw, (max-width: 909px) 67vw, (max-width: 1362px) 62vw, 840px\" \/><\/figure>\n\n\n\n<p><\/p>\n\n\n\n<h2 class=\"wp-block-heading\"><em>\u00ab\u00a0J\u00e9sus vit une grande foule.&nbsp;<br>Il fut saisi de compassion envers eux.\u00a0\u00bb<\/em> <\/h2>\n\n\n\n<figure class=\"wp-block-embed is-type-video is-provider-youtube wp-block-embed-youtube wp-embed-aspect-16-9 wp-has-aspect-ratio\"><div class=\"wp-block-embed__wrapper\">\n<iframe loading=\"lazy\" title=\"J\u00e9sus fut saisi de compassion parce qu\u2019ils \u00e9taient comme des brebis sans berger.\" width=\"840\" height=\"473\" src=\"https:\/\/www.youtube.com\/embed\/cZF7wHd9Wuk?feature=oembed\" frameborder=\"0\" allow=\"accelerometer; autoplay; clipboard-write; encrypted-media; gyroscope; picture-in-picture; web-share\" referrerpolicy=\"strict-origin-when-cross-origin\" allowfullscreen><\/iframe>\n<\/div><\/figure>\n\n\n\n<p><a href=\"https:\/\/www.aelf.org\/2024-07-21\/romain\/messe\">https:\/\/www.aelf.org\/2024-07-21\/romain\/messe<\/a><\/p>\n\n\n\n<figure class=\"wp-block-image size-full\"><img decoding=\"async\" loading=\"lazy\" width=\"880\" height=\"843\" src=\"https:\/\/allez-yalla.com\/wp-content\/uploads\/2024\/07\/Capture-decran-2024-07-20-202616.png\" alt=\"\" class=\"wp-image-13919\" srcset=\"https:\/\/allez-yalla.com\/wp-content\/uploads\/2024\/07\/Capture-decran-2024-07-20-202616.png 880w, https:\/\/allez-yalla.com\/wp-content\/uploads\/2024\/07\/Capture-decran-2024-07-20-202616-300x287.png 300w, https:\/\/allez-yalla.com\/wp-content\/uploads\/2024\/07\/Capture-decran-2024-07-20-202616-768x736.png 768w\" sizes=\"(max-width: 709px) 85vw, (max-width: 909px) 67vw, (max-width: 1362px) 62vw, 840px\" \/><\/figure>\n\n\n\n<h2 class=\"wp-block-heading\"><strong><u>\u00ab&nbsp;Dans les pas du Christ&nbsp;\u00bb.<\/u><\/strong><\/h2>\n\n\n\n<figure class=\"wp-block-image size-full\"><img decoding=\"async\" loading=\"lazy\" width=\"745\" height=\"629\" src=\"https:\/\/allez-yalla.com\/wp-content\/uploads\/2024\/07\/download.jpg\" alt=\"\" class=\"wp-image-13878\" srcset=\"https:\/\/allez-yalla.com\/wp-content\/uploads\/2024\/07\/download.jpg 745w, https:\/\/allez-yalla.com\/wp-content\/uploads\/2024\/07\/download-300x253.jpg 300w\" sizes=\"(max-width: 709px) 85vw, (max-width: 909px) 67vw, (max-width: 984px) 61vw, (max-width: 1362px) 45vw, 600px\" \/><\/figure>\n\n\n\n<p>Voici des extraits de ce livre o\u00f9 est comment\u00e9e l\u2019histoire de la gu\u00e9rison de la Canan\u00e9enne racont\u00e9e par Matthieu et Marc.<\/p>\n\n\n\n<p><a href=\"https:\/\/www.aelf.org\/bible\/Mt\/15\">https:\/\/www.aelf.org\/bible\/Mt\/15<\/a> versets 21 et suivants et <a href=\"https:\/\/www.aelf.org\/bible\/Mc\/7\">https:\/\/www.aelf.org\/bible\/Mc\/7<\/a> versets 25 et suivants.<\/p>\n\n\n\n<figure class=\"wp-block-image size-full is-resized\"><img decoding=\"async\" loading=\"lazy\" width=\"711\" height=\"426\" src=\"https:\/\/allez-yalla.com\/wp-content\/uploads\/2024\/07\/Capture-decran-2024-07-20-074719.png\" alt=\"\" class=\"wp-image-13893\" style=\"aspect-ratio:1.6690140845070423;width:778px;height:auto\" srcset=\"https:\/\/allez-yalla.com\/wp-content\/uploads\/2024\/07\/Capture-decran-2024-07-20-074719.png 711w, https:\/\/allez-yalla.com\/wp-content\/uploads\/2024\/07\/Capture-decran-2024-07-20-074719-300x180.png 300w\" sizes=\"(max-width: 709px) 85vw, (max-width: 909px) 67vw, (max-width: 984px) 61vw, (max-width: 1362px) 45vw, 600px\" \/><\/figure>\n\n\n\n<p><\/p>\n\n\n\n<figure class=\"wp-block-image size-full is-resized\"><img decoding=\"async\" loading=\"lazy\" width=\"627\" height=\"457\" src=\"https:\/\/allez-yalla.com\/wp-content\/uploads\/2024\/07\/Capture-decran-2024-07-19-102516.png\" alt=\"\" class=\"wp-image-13880\" style=\"aspect-ratio:1.3719912472647702;width:856px;height:auto\" srcset=\"https:\/\/allez-yalla.com\/wp-content\/uploads\/2024\/07\/Capture-decran-2024-07-19-102516.png 627w, https:\/\/allez-yalla.com\/wp-content\/uploads\/2024\/07\/Capture-decran-2024-07-19-102516-300x219.png 300w\" sizes=\"(max-width: 709px) 85vw, (max-width: 909px) 67vw, (max-width: 984px) 61vw, (max-width: 1362px) 45vw, 600px\" \/><\/figure>\n\n\n\n<p><\/p>\n\n\n\n<figure class=\"wp-block-image size-full\"><img decoding=\"async\" loading=\"lazy\" width=\"574\" height=\"539\" src=\"https:\/\/allez-yalla.com\/wp-content\/uploads\/2024\/07\/Capture-decran-2024-07-19-102619.png\" alt=\"\" class=\"wp-image-13881\" srcset=\"https:\/\/allez-yalla.com\/wp-content\/uploads\/2024\/07\/Capture-decran-2024-07-19-102619.png 574w, https:\/\/allez-yalla.com\/wp-content\/uploads\/2024\/07\/Capture-decran-2024-07-19-102619-300x282.png 300w\" sizes=\"(max-width: 574px) 85vw, 574px\" \/><\/figure>\n\n\n\n<figure class=\"wp-block-image size-full\"><img decoding=\"async\" loading=\"lazy\" width=\"365\" height=\"67\" src=\"https:\/\/allez-yalla.com\/wp-content\/uploads\/2024\/07\/Capture-decran-2024-04-05-043247.png\" alt=\"\" class=\"wp-image-13902\" srcset=\"https:\/\/allez-yalla.com\/wp-content\/uploads\/2024\/07\/Capture-decran-2024-04-05-043247.png 365w, https:\/\/allez-yalla.com\/wp-content\/uploads\/2024\/07\/Capture-decran-2024-04-05-043247-300x55.png 300w\" sizes=\"(max-width: 365px) 85vw, 365px\" \/><\/figure>\n\n\n\n<p><a href=\"https:\/\/topbible.topchretien.com\/matthieu.14.29\/S21\/\">https:\/\/topbible.topchretien.com\/matthieu.14.29\/S21\/<\/a><\/p>\n\n\n\n<figure class=\"wp-block-image size-full\"><img decoding=\"async\" loading=\"lazy\" width=\"868\" height=\"535\" src=\"https:\/\/allez-yalla.com\/wp-content\/uploads\/2024\/07\/Capture-decran-2024-07-20-102802.png\" alt=\"\" class=\"wp-image-13901\" srcset=\"https:\/\/allez-yalla.com\/wp-content\/uploads\/2024\/07\/Capture-decran-2024-07-20-102802.png 868w, https:\/\/allez-yalla.com\/wp-content\/uploads\/2024\/07\/Capture-decran-2024-07-20-102802-300x185.png 300w, https:\/\/allez-yalla.com\/wp-content\/uploads\/2024\/07\/Capture-decran-2024-07-20-102802-768x473.png 768w\" sizes=\"(max-width: 709px) 85vw, (max-width: 909px) 67vw, (max-width: 1362px) 62vw, 840px\" \/><\/figure>\n\n\n\n<h2 class=\"wp-block-heading\"><strong><u>MEDITONS encore ce verset.<\/u><\/strong>&nbsp;<\/h2>\n\n\n\n<figure class=\"wp-block-image size-full\"><img decoding=\"async\" loading=\"lazy\" width=\"506\" height=\"685\" src=\"https:\/\/allez-yalla.com\/wp-content\/uploads\/2024\/07\/Capture-decran-2024-07-19-103322.png\" alt=\"\" class=\"wp-image-13882\" srcset=\"https:\/\/allez-yalla.com\/wp-content\/uploads\/2024\/07\/Capture-decran-2024-07-19-103322.png 506w, https:\/\/allez-yalla.com\/wp-content\/uploads\/2024\/07\/Capture-decran-2024-07-19-103322-222x300.png 222w\" sizes=\"(max-width: 506px) 85vw, 506px\" \/><\/figure>\n\n\n\n<p><a href=\"https:\/\/www.aelf.org\/2024-07-09\/romain\/vepres\">https:\/\/www.aelf.org\/2024-07-09\/romain\/vepres<\/a><\/p>\n\n\n\n<h2 class=\"wp-block-heading\"><strong><u>Suppl\u00e9ments.<\/u><\/strong><\/h2>\n\n\n\n<p>P\u00e8re Jean-Paul Savi s.j.: <strong>\u00abQue sert \u00e0 l\u2019homme de gagner l\u2019univers s\u2019il vient \u00e0 perdre son \u00e2me ?\u00bb<\/strong><\/p>\n\n\n\n<p><em>\u00ab&nbsp;\u2026&nbsp;Face aux contre-valeurs de notre soci\u00e9t\u00e9 actuelle, la Parole de Dieu est-elle encore br\u00fblante en nous&nbsp;? \u2026 En ce jour du Seigneur, nous sommes appel\u00e9s \u00e0 laisser non pas l\u2019esprit du monde, mais l\u2019Esprit de Dieu transformer compl\u00e8tement notre mani\u00e8re de voir, de penser et d\u2019agir. Face aux voix qui r\u00e9sonnent dans nos c\u0153urs, nous devons \u00eatre capables de sacrifice, c\u2019est-\u00e0-dire suivre la voix de Dieu et non celle des hommes. Car J\u00e9sus nous le dit&nbsp;:&nbsp;\u00ab&nbsp;si quelqu\u2019un veut marcher \u00e0 ma suite, qu\u2019il renonce \u00e0 lui-m\u00eame, qu\u2019il prenne sa croix et qu\u2019il me suive. Car celui qui veut sauver sa vie la perdra, mais qui perd sa vie \u00e0 cause de moi la gardera&nbsp;\u00bb (Mt 16, 24).<\/em><\/p>\n\n\n\n<p><em>En ce dimanche, prions afin que face aux tentations de nos vies, nous puissions \u00eatre capables discerner et de choisir toujours ce qui nous rapproche plus de Dieu.&nbsp;&nbsp;<\/em><\/p>\n\n\n\n<p><a href=\"https:\/\/www.vaticannews.va\/fr\/eglise\/news\/2020-08\/meditation-du-22ieme-dimanche-ordinaire-que-sert-a-l-homme-d.html\">https:\/\/www.vaticannews.va\/fr\/eglise\/news\/2020-08\/meditation-du-22ieme-dimanche-ordinaire-que-sert-a-l-homme-d.html<\/a><\/p>\n\n\n\n<h2 class=\"wp-block-heading\"><strong><u>Cantiques<\/u><\/strong><\/h2>\n\n\n\n<figure class=\"wp-block-embed is-type-video is-provider-youtube wp-block-embed-youtube wp-embed-aspect-4-3 wp-has-aspect-ratio\"><div class=\"wp-block-embed__wrapper\">\n<iframe loading=\"lazy\" title=\"Cantique : Tel que je suis, sans rien \u00e0 moi.\" width=\"840\" height=\"630\" src=\"https:\/\/www.youtube.com\/embed\/qaEFabKCJG8?feature=oembed\" frameborder=\"0\" allow=\"accelerometer; autoplay; clipboard-write; encrypted-media; gyroscope; picture-in-picture; web-share\" referrerpolicy=\"strict-origin-when-cross-origin\" allowfullscreen><\/iframe>\n<\/div><\/figure>\n\n\n\n<figure class=\"wp-block-embed is-type-video is-provider-youtube wp-block-embed-youtube wp-embed-aspect-16-9 wp-has-aspect-ratio\"><div class=\"wp-block-embed__wrapper\">\n<iframe loading=\"lazy\" title=\"Venez a lui - Chant de la communaut\u00e9 de l&#039;Emmanuel\" width=\"840\" height=\"473\" src=\"https:\/\/www.youtube.com\/embed\/yMpceCHEjC8?feature=oembed\" frameborder=\"0\" allow=\"accelerometer; autoplay; clipboard-write; encrypted-media; gyroscope; picture-in-picture; web-share\" referrerpolicy=\"strict-origin-when-cross-origin\" allowfullscreen><\/iframe>\n<\/div><\/figure>\n\n\n\n<figure class=\"wp-block-embed is-type-video is-provider-youtube wp-block-embed-youtube wp-embed-aspect-16-9 wp-has-aspect-ratio\"><div class=\"wp-block-embed__wrapper\">\n<iframe loading=\"lazy\" title=\"Si la mer se d\u00e9cha\u00eene | Chant chr\u00e9tien avec paroles pour le Car\u00eame et P\u00e2ques\" width=\"840\" height=\"473\" src=\"https:\/\/www.youtube.com\/embed\/9-Cx81AJGkw?feature=oembed\" frameborder=\"0\" allow=\"accelerometer; autoplay; clipboard-write; encrypted-media; gyroscope; picture-in-picture; web-share\" referrerpolicy=\"strict-origin-when-cross-origin\" allowfullscreen><\/iframe>\n<\/div><\/figure>\n\n\n\n<figure class=\"wp-block-embed is-type-video is-provider-youtube wp-block-embed-youtube wp-embed-aspect-4-3 wp-has-aspect-ratio\"><div class=\"wp-block-embed__wrapper\">\n<iframe loading=\"lazy\" title=\"\u00e2me du christ\" width=\"840\" height=\"630\" src=\"https:\/\/www.youtube.com\/embed\/jQ3emZIZoDk?feature=oembed\" frameborder=\"0\" allow=\"accelerometer; autoplay; clipboard-write; encrypted-media; gyroscope; picture-in-picture; web-share\" referrerpolicy=\"strict-origin-when-cross-origin\" allowfullscreen><\/iframe>\n<\/div><\/figure>\n\n\n\n<p><\/p>\n\n\n\n<figure class=\"wp-block-embed is-type-video is-provider-youtube wp-block-embed-youtube wp-embed-aspect-4-3 wp-has-aspect-ratio\"><div class=\"wp-block-embed__wrapper\">\n<iframe loading=\"lazy\" title=\"Regardez l&#039;humilit\u00e9 de Dieu\" width=\"840\" height=\"630\" src=\"https:\/\/www.youtube.com\/embed\/cB5CR41CKFg?feature=oembed\" frameborder=\"0\" allow=\"accelerometer; autoplay; clipboard-write; encrypted-media; gyroscope; picture-in-picture; web-share\" referrerpolicy=\"strict-origin-when-cross-origin\" allowfullscreen><\/iframe>\n<\/div><\/figure>\n\n\n\n<figure class=\"wp-block-image size-full is-resized\"><img decoding=\"async\" loading=\"lazy\" width=\"260\" height=\"194\" src=\"https:\/\/allez-yalla.com\/wp-content\/uploads\/2024\/07\/451704610_4191669714413475_7956283836406651615_n.jpg\" alt=\"\" class=\"wp-image-13883\" style=\"aspect-ratio:1.3402061855670102;width:630px;height:auto\"\/><\/figure>\n","protected":false},"excerpt":{"rendered":"<p>En VIDEO: Marc 8 https:\/\/topbible.topchretien.com\/marc.8.1\/S21\/ Ce verset biblique (Marc 8:36) toucha profond\u00e9ment un petit enfant. Jacques Pineault ne savait ni lire ni \u00e9crire \u00e0 cette \u00e9poque et il deviendra moine. Voici ce qu&rsquo;il dit \u00e0 ce sujet dans son livre&nbsp;: \u00ab&nbsp;Dans les pas du Christ.&nbsp;\u00bb \u00ab\u00a0Voir Dieu, entendre Dieu, sentir Dieu, toucher Dieu, go\u00fbter Dieu\u00a0\u00bb. &hellip; <a href=\"https:\/\/allez-yalla.com\/index.php\/2024\/07\/20\/que-sert-a-lhomme-de-gagner-lunivers-sil-perd-son-ame\/\" class=\"more-link\">Continuer la lecture<span class=\"screen-reader-text\"> de &laquo;&nbsp;\u00ab\u00a0Que sert \u00e0 l\u2019homme de gagner l\u2019univers s\u2019il perd son \u00e2me\u00a0?\u00a0\u00bb&nbsp;&raquo;<\/span><\/a><\/p>\n","protected":false},"author":1,"featured_media":0,"comment_status":"closed","ping_status":"closed","sticky":false,"template":"","format":"standard","meta":{"footnotes":""},"categories":[428,556,106,123,297],"tags":[429,554,555],"_links":{"self":[{"href":"https:\/\/allez-yalla.com\/index.php\/wp-json\/wp\/v2\/posts\/13869"}],"collection":[{"href":"https:\/\/allez-yalla.com\/index.php\/wp-json\/wp\/v2\/posts"}],"about":[{"href":"https:\/\/allez-yalla.com\/index.php\/wp-json\/wp\/v2\/types\/post"}],"author":[{"embeddable":true,"href":"https:\/\/allez-yalla.com\/index.php\/wp-json\/wp\/v2\/users\/1"}],"replies":[{"embeddable":true,"href":"https:\/\/allez-yalla.com\/index.php\/wp-json\/wp\/v2\/comments?post=13869"}],"version-history":[{"count":21,"href":"https:\/\/allez-yalla.com\/index.php\/wp-json\/wp\/v2\/posts\/13869\/revisions"}],"predecessor-version":[{"id":13922,"href":"https:\/\/allez-yalla.com\/index.php\/wp-json\/wp\/v2\/posts\/13869\/revisions\/13922"}],"wp:attachment":[{"href":"https:\/\/allez-yalla.com\/index.php\/wp-json\/wp\/v2\/media?parent=13869"}],"wp:term":[{"taxonomy":"category","embeddable":true,"href":"https:\/\/allez-yalla.com\/index.php\/wp-json\/wp\/v2\/categories?post=13869"},{"taxonomy":"post_tag","embeddable":true,"href":"https:\/\/allez-yalla.com\/index.php\/wp-json\/wp\/v2\/tags?post=13869"}],"curies":[{"name":"wp","href":"https:\/\/api.w.org\/{rel}","templated":true}]}}