{"id":13427,"date":"2024-06-26T22:00:58","date_gmt":"2024-06-26T20:00:58","guid":{"rendered":"https:\/\/allez-yalla.com\/?p=13427"},"modified":"2024-06-27T21:02:41","modified_gmt":"2024-06-27T19:02:41","slug":"des-outils-sur-internet-pour-levangelisation","status":"publish","type":"post","link":"https:\/\/allez-yalla.com\/index.php\/2024\/06\/26\/des-outils-sur-internet-pour-levangelisation\/","title":{"rendered":"Des outils pour l\u2019\u00e9vang\u00e9lisation. \u00a0"},"content":{"rendered":"\n<h2 class=\"wp-block-heading\">D&rsquo;abord, prions avec cette enfant\u2026<\/h2>\n\n\n\n<figure class=\"wp-block-image size-full is-resized\"><img decoding=\"async\" loading=\"lazy\" width=\"636\" height=\"807\" src=\"https:\/\/allez-yalla.com\/wp-content\/uploads\/2024\/06\/Capture-decran-2024-06-26-224413.png\" alt=\"\" class=\"wp-image-13452\" style=\"aspect-ratio:0.7881040892193308;width:283px;height:auto\" srcset=\"https:\/\/allez-yalla.com\/wp-content\/uploads\/2024\/06\/Capture-decran-2024-06-26-224413.png 636w, https:\/\/allez-yalla.com\/wp-content\/uploads\/2024\/06\/Capture-decran-2024-06-26-224413-236x300.png 236w\" sizes=\"(max-width: 709px) 85vw, (max-width: 909px) 67vw, (max-width: 984px) 61vw, (max-width: 1362px) 45vw, 600px\" \/><\/figure>\n\n\n\n<figure class=\"wp-block-image size-full is-resized\"><img decoding=\"async\" loading=\"lazy\" width=\"365\" height=\"67\" src=\"https:\/\/allez-yalla.com\/wp-content\/uploads\/2024\/06\/Capture-decran-2024-04-05-043247.png\" alt=\"\" class=\"wp-image-13453\" style=\"aspect-ratio:5.447761194029851;width:195px;height:auto\" srcset=\"https:\/\/allez-yalla.com\/wp-content\/uploads\/2024\/06\/Capture-decran-2024-04-05-043247.png 365w, https:\/\/allez-yalla.com\/wp-content\/uploads\/2024\/06\/Capture-decran-2024-04-05-043247-300x55.png 300w\" sizes=\"(max-width: 365px) 85vw, 365px\" \/><\/figure>\n\n\n\n<p><a href=\"https:\/\/www.facebook.com\/MMC243\/videos\/325724920591625\">https:\/\/www.facebook.com\/MMC243\/videos\/325724920591625<\/a><\/p>\n\n\n\n<h2 class=\"wp-block-heading\">Evang\u00e9lisation par le chant. <em>\u00ab&nbsp;Chanter, c\u2019est prier deux fois.&nbsp;\u00bb<\/em><\/h2>\n\n\n\n<figure class=\"wp-block-embed is-type-video is-provider-youtube wp-block-embed-youtube wp-embed-aspect-16-9 wp-has-aspect-ratio\"><div class=\"wp-block-embed__wrapper\">\n<iframe loading=\"lazy\" title=\"Glorious - Laisse-moi te parler de Je\u0301sus #louange\" width=\"840\" height=\"473\" src=\"https:\/\/www.youtube.com\/embed\/eXc6isyEKsw?feature=oembed\" frameborder=\"0\" allow=\"accelerometer; autoplay; clipboard-write; encrypted-media; gyroscope; picture-in-picture; web-share\" referrerpolicy=\"strict-origin-when-cross-origin\" allowfullscreen><\/iframe>\n<\/div><\/figure>\n\n\n\n<figure class=\"wp-block-embed is-type-video is-provider-youtube wp-block-embed-youtube wp-embed-aspect-16-9 wp-has-aspect-ratio\"><div class=\"wp-block-embed__wrapper\">\n<iframe loading=\"lazy\" title=\"Jour de joie #louange #pri\u00e8re #chretien\" width=\"840\" height=\"473\" src=\"https:\/\/www.youtube.com\/embed\/ciNiCV8Le94?feature=oembed\" frameborder=\"0\" allow=\"accelerometer; autoplay; clipboard-write; encrypted-media; gyroscope; picture-in-picture; web-share\" referrerpolicy=\"strict-origin-when-cross-origin\" allowfullscreen><\/iframe>\n<\/div><\/figure>\n\n\n\n<h2 class=\"wp-block-heading\">La m\u00e9ditation quotidienne de la Bible fait grandir la foi, l\u2019esp\u00e9rance et l\u2019amour.<\/h2>\n\n\n\n<p>Des applications internet, des abonnements par mails  \u2026 facilitent la t\u00e2che. &nbsp;<\/p>\n\n\n\n<h2 class=\"wp-block-heading\">HOZANA<\/h2>\n\n\n\n<p>Hozana envoie chaque jour une parole biblique \u00e0 m\u00e9diter avec dessin.<\/p>\n\n\n\n<figure class=\"wp-block-image size-full is-resized\"><img decoding=\"async\" loading=\"lazy\" width=\"759\" height=\"518\" src=\"https:\/\/allez-yalla.com\/wp-content\/uploads\/2024\/06\/Capture-decran-2024-06-26-230156.png\" alt=\"\" class=\"wp-image-13455\" style=\"aspect-ratio:1.4652509652509653;width:574px;height:auto\" srcset=\"https:\/\/allez-yalla.com\/wp-content\/uploads\/2024\/06\/Capture-decran-2024-06-26-230156.png 759w, https:\/\/allez-yalla.com\/wp-content\/uploads\/2024\/06\/Capture-decran-2024-06-26-230156-300x205.png 300w\" sizes=\"(max-width: 709px) 85vw, (max-width: 909px) 67vw, (max-width: 984px) 61vw, (max-width: 1362px) 45vw, 600px\" \/><\/figure>\n\n\n\n<figure class=\"wp-block-image size-full\"><img decoding=\"async\" loading=\"lazy\" width=\"742\" height=\"488\" src=\"https:\/\/allez-yalla.com\/wp-content\/uploads\/2024\/06\/Capture-decran-2024-06-24-164019.png\" alt=\"\" class=\"wp-image-13429\" srcset=\"https:\/\/allez-yalla.com\/wp-content\/uploads\/2024\/06\/Capture-decran-2024-06-24-164019.png 742w, https:\/\/allez-yalla.com\/wp-content\/uploads\/2024\/06\/Capture-decran-2024-06-24-164019-300x197.png 300w\" sizes=\"(max-width: 709px) 85vw, (max-width: 909px) 67vw, (max-width: 984px) 61vw, (max-width: 1362px) 45vw, 600px\" \/><\/figure>\n\n\n\n<p><a href=\"https:\/\/hozana.org\/coin-priere?utm_medium=email_Hozana&amp;utm_source=user&amp;utm_campaign=publication_CP_1403_prier-avec-l-evangile-du-jour-en-image\">https:\/\/hozana.org\/coin-priere?utm_medium=email_Hozana&amp;utm_source=user&amp;utm_campaign=publication_CP_1403_prier-avec-l-evangile-du-jour-en-image<\/a><\/p>\n\n\n\n<h2 class=\"wp-block-heading\">OPEN BIBLE de l\u2019association NDML<\/h2>\n\n\n\n<figure class=\"wp-block-image size-full\"><img decoding=\"async\" loading=\"lazy\" width=\"689\" height=\"431\" src=\"https:\/\/allez-yalla.com\/wp-content\/uploads\/2024\/06\/Capture-decran-2024-06-26-211554.png\" alt=\"\" class=\"wp-image-13430\" srcset=\"https:\/\/allez-yalla.com\/wp-content\/uploads\/2024\/06\/Capture-decran-2024-06-26-211554.png 689w, https:\/\/allez-yalla.com\/wp-content\/uploads\/2024\/06\/Capture-decran-2024-06-26-211554-300x188.png 300w\" sizes=\"(max-width: 709px) 85vw, (max-width: 909px) 67vw, (max-width: 984px) 61vw, (max-width: 1362px) 45vw, 600px\" \/><\/figure>\n\n\n\n<p><\/p>\n\n\n\n<figure class=\"wp-block-embed is-type-video is-provider-youtube wp-block-embed-youtube wp-embed-aspect-16-9 wp-has-aspect-ratio\"><div class=\"wp-block-embed__wrapper\">\n<iframe loading=\"lazy\" title=\"Open-Bible c&#039;est quoi ? comment comprendre la bible\" width=\"840\" height=\"473\" src=\"https:\/\/www.youtube.com\/embed\/Sg6XIUtGJxM?start=5&#038;feature=oembed\" frameborder=\"0\" allow=\"accelerometer; autoplay; clipboard-write; encrypted-media; gyroscope; picture-in-picture; web-share\" referrerpolicy=\"strict-origin-when-cross-origin\" allowfullscreen><\/iframe>\n<\/div><\/figure>\n\n\n\n<p><a href=\"https:\/\/www.open-bible.fr\/\">https:\/\/www.open-bible.fr\/<\/a><\/p>\n\n\n\n<h2 class=\"wp-block-heading\">Le site aelf propose chaque jour la parole lue partout dans l\u2019Eglise.<\/h2>\n\n\n\n<figure class=\"wp-block-image size-full\"><img decoding=\"async\" loading=\"lazy\" width=\"100\" height=\"100\" src=\"https:\/\/allez-yalla.com\/wp-content\/uploads\/2024\/06\/livre-image-animee-0021.webp\" alt=\"\" class=\"wp-image-13431\"\/><\/figure>\n\n\n\n<p><a href=\"https:\/\/www.aelf.org\/\">https:\/\/www.aelf.org\/<\/a><\/p>\n\n\n\n<h2 class=\"wp-block-heading\">KTO, un site incontournable pour d\u00e9couvrir la vie en EGLISE.<\/h2>\n\n\n\n<p>Tous les dimanches \u00e0 12h00, le Pape s&rsquo;adresse \u00e0 la foule sur la Place Saint-Pierre de Rome. La pri\u00e8re de l&rsquo;Ang\u00e9lus, r\u00e9cit\u00e9e par le Pape, est pr\u00e9c\u00e9d\u00e9e d&rsquo;une allocution du Saint-P\u00e8re.<\/p>\n\n\n\n<figure class=\"wp-block-embed is-type-video is-provider-youtube wp-block-embed-youtube wp-embed-aspect-16-9 wp-has-aspect-ratio\"><div class=\"wp-block-embed__wrapper\">\n<iframe loading=\"lazy\" title=\"Ang\u00e9lus du 23 juin 2024\" width=\"840\" height=\"473\" src=\"https:\/\/www.youtube.com\/embed\/_B-YC-svZDQ?feature=oembed\" frameborder=\"0\" allow=\"accelerometer; autoplay; clipboard-write; encrypted-media; gyroscope; picture-in-picture; web-share\" referrerpolicy=\"strict-origin-when-cross-origin\" allowfullscreen><\/iframe>\n<\/div><\/figure>\n\n\n\n<figure class=\"wp-block-embed is-type-video is-provider-youtube wp-block-embed-youtube wp-embed-aspect-16-9 wp-has-aspect-ratio\"><div class=\"wp-block-embed__wrapper\">\n<iframe loading=\"lazy\" title=\"Intention de Pri\u00e8re du Pape Fran\u00e7ois du moi de mai\" width=\"840\" height=\"473\" src=\"https:\/\/www.youtube.com\/embed\/vAePRQCae1A?start=44&#038;feature=oembed\" frameborder=\"0\" allow=\"accelerometer; autoplay; clipboard-write; encrypted-media; gyroscope; picture-in-picture; web-share\" referrerpolicy=\"strict-origin-when-cross-origin\" allowfullscreen><\/iframe>\n<\/div><\/figure>\n\n\n\n<h2 class=\"wp-block-heading\">Des \u00e9vang\u00e9lisateurs ont de nombreux followers. <\/h2>\n\n\n\n<p>Fr\u00e8re Paul-Adrien est suivi par des milliers de jeunes. Il aborde tous les th\u00e8mes possibles. <\/p>\n\n\n\n<p><a href=\"https:\/\/www.facebook.com\/fr.pauladrien\/reviews\">https:\/\/www.facebook.com\/fr.pauladrien\/reviews<\/a><\/p>\n\n\n\n<p><a href=\"https:\/\/www.youtube.com\/shorts\/9VAmBR6gsn8\">https:\/\/www.youtube.com\/shorts\/9VAmBR6gsn8<\/a><\/p>\n\n\n\n<figure class=\"wp-block-embed is-type-video is-provider-youtube wp-block-embed-youtube wp-embed-aspect-16-9 wp-has-aspect-ratio\"><div class=\"wp-block-embed__wrapper\">\n<iframe loading=\"lazy\" title=\"SE FAIRE BAPTISER : FAQ \/ TEMOIGNAGE avec Camcam\" width=\"840\" height=\"473\" src=\"https:\/\/www.youtube.com\/embed\/dgvlW0YE3mw?feature=oembed\" frameborder=\"0\" allow=\"accelerometer; autoplay; clipboard-write; encrypted-media; gyroscope; picture-in-picture; web-share\" referrerpolicy=\"strict-origin-when-cross-origin\" allowfullscreen><\/iframe>\n<\/div><\/figure>\n\n\n\n<h2 class=\"wp-block-heading\">Des petits pains de vie \u00e0 port\u00e9e de main.<\/h2>\n\n\n\n<figure class=\"wp-block-image size-full\"><img decoding=\"async\" loading=\"lazy\" width=\"534\" height=\"144\" src=\"https:\/\/allez-yalla.com\/wp-content\/uploads\/2024\/06\/Capture-decran-2024-06-26-210623.png\" alt=\"\" class=\"wp-image-13434\" srcset=\"https:\/\/allez-yalla.com\/wp-content\/uploads\/2024\/06\/Capture-decran-2024-06-26-210623.png 534w, https:\/\/allez-yalla.com\/wp-content\/uploads\/2024\/06\/Capture-decran-2024-06-26-210623-300x81.png 300w\" sizes=\"(max-width: 534px) 85vw, 534px\" \/><\/figure>\n\n\n\n<p><a href=\"http:\/\/www.prier.be\/content\/homepage.htm\">http:\/\/www.prier.be\/content\/homepage.htm<\/a><\/p>\n\n\n\n<figure class=\"wp-block-image size-full\"><img decoding=\"async\" loading=\"lazy\" width=\"544\" height=\"166\" src=\"https:\/\/allez-yalla.com\/wp-content\/uploads\/2024\/06\/Capture-decran-2024-06-24-024415.png\" alt=\"\" class=\"wp-image-13439\" srcset=\"https:\/\/allez-yalla.com\/wp-content\/uploads\/2024\/06\/Capture-decran-2024-06-24-024415.png 544w, https:\/\/allez-yalla.com\/wp-content\/uploads\/2024\/06\/Capture-decran-2024-06-24-024415-300x92.png 300w\" sizes=\"(max-width: 544px) 85vw, 544px\" \/><\/figure>\n\n\n\n<h2 class=\"wp-block-heading\">Transmettre les messages de la Vierge Marie favorise l&rsquo;\u00e9vang\u00e9lisation. <\/h2>\n\n\n\n<figure class=\"wp-block-embed is-type-video is-provider-youtube wp-block-embed-youtube wp-embed-aspect-16-9 wp-has-aspect-ratio\"><div class=\"wp-block-embed__wrapper\">\n<iframe loading=\"lazy\" title=\"Medjugorje, 43rd anniversary - Our Lady in procession\" width=\"840\" height=\"473\" src=\"https:\/\/www.youtube.com\/embed\/_jb5kccioGs?feature=oembed\" frameborder=\"0\" allow=\"accelerometer; autoplay; clipboard-write; encrypted-media; gyroscope; picture-in-picture; web-share\" referrerpolicy=\"strict-origin-when-cross-origin\" allowfullscreen><\/iframe>\n<\/div><\/figure>\n\n\n\n<figure class=\"wp-block-embed is-type-video is-provider-youtube wp-block-embed-youtube wp-embed-aspect-16-9 wp-has-aspect-ratio\"><div class=\"wp-block-embed__wrapper\">\n<iframe loading=\"lazy\" title=\"T\u00e9moignage de Mirjana Soldo \u00e0 Medjugorje . Les messages principaux de la Reine de la Paix .\" width=\"840\" height=\"473\" src=\"https:\/\/www.youtube.com\/embed\/wJwgUTKjfqo?feature=oembed\" frameborder=\"0\" allow=\"accelerometer; autoplay; clipboard-write; encrypted-media; gyroscope; picture-in-picture; web-share\" referrerpolicy=\"strict-origin-when-cross-origin\" allowfullscreen><\/iframe>\n<\/div><\/figure>\n\n\n\n<p><a href=\"https:\/\/www.facebook.com\/reel\/3602526163320133\">https:\/\/www.facebook.com\/reel\/3602526163320133<\/a><\/p>\n\n\n\n<figure class=\"wp-block-embed is-type-video is-provider-youtube wp-block-embed-youtube wp-embed-aspect-16-9 wp-has-aspect-ratio\"><div class=\"wp-block-embed__wrapper\">\n<iframe loading=\"lazy\" title=\"Procession eucharistique de Lourdes - June 25, 2024\" width=\"840\" height=\"473\" src=\"https:\/\/www.youtube.com\/embed\/Sl6cH25HDKI?feature=oembed\" frameborder=\"0\" allow=\"accelerometer; autoplay; clipboard-write; encrypted-media; gyroscope; picture-in-picture; web-share\" referrerpolicy=\"strict-origin-when-cross-origin\" allowfullscreen><\/iframe>\n<\/div><\/figure>\n\n\n\n<h2 class=\"wp-block-heading\">Des revues de l&rsquo;<em>Association Marie de Nazareth<\/em> sont \u00e0 distribuer gratuitement pour faire connaitre le message biblique. <\/h2>\n\n\n\n<figure class=\"wp-block-image size-full\"><img decoding=\"async\" loading=\"lazy\" width=\"800\" height=\"642\" src=\"https:\/\/allez-yalla.com\/wp-content\/uploads\/2024\/06\/i2zyuxuvbv4y4iqrt27k.jpg\" alt=\"\" class=\"wp-image-13438\" srcset=\"https:\/\/allez-yalla.com\/wp-content\/uploads\/2024\/06\/i2zyuxuvbv4y4iqrt27k.jpg 800w, https:\/\/allez-yalla.com\/wp-content\/uploads\/2024\/06\/i2zyuxuvbv4y4iqrt27k-300x241.jpg 300w, https:\/\/allez-yalla.com\/wp-content\/uploads\/2024\/06\/i2zyuxuvbv4y4iqrt27k-768x616.jpg 768w\" sizes=\"(max-width: 709px) 85vw, (max-width: 909px) 67vw, (max-width: 984px) 61vw, (max-width: 1362px) 45vw, 600px\" \/><\/figure>\n\n\n\n<p><a href=\"https:\/\/www.mariedenazareth.com\/actualites\/\">https:\/\/www.mariedenazareth.com\/actualites\/<\/a><\/p>\n\n\n\n<p><a href=\"https:\/\/www.mariedenazareth.com\/qui-sommes-nous\/\">https:\/\/www.mariedenazareth.com\/qui-sommes-nous\/<\/a><\/p>\n\n\n\n<p>Faire un don&nbsp;:<\/p>\n\n\n\n<p><a href=\"https:\/\/donateurs.mariedenazareth.com\/page\/ja-chqvmt\/fr_FR\">https:\/\/donateurs.mariedenazareth.com\/page\/ja-chqvmt\/fr_FR<\/a><\/p>\n\n\n\n<p><a href=\"https:\/\/www.mariedenazareth.com\/\">https:\/\/www.mariedenazareth.com\/<\/a><\/p>\n\n\n\n<h2 class=\"wp-block-heading\"><strong><u><em>Mille raisons de croire.<\/em><\/u><\/strong><\/h2>\n\n\n\n<p>Nous pouvons nous procurer cette revue de 16 pages pour faire d\u00e9couvrir notre belle foi autour de nous. (Quelques-unes de ces pages:)<\/p>\n\n\n\n<figure class=\"wp-block-image size-full is-resized\"><img decoding=\"async\" loading=\"lazy\" width=\"689\" height=\"995\" src=\"https:\/\/allez-yalla.com\/wp-content\/uploads\/2024\/06\/Capture-decran-2024-06-19-194013.png\" alt=\"\" class=\"wp-image-13435\" style=\"aspect-ratio:0.6924623115577889;width:403px;height:auto\" srcset=\"https:\/\/allez-yalla.com\/wp-content\/uploads\/2024\/06\/Capture-decran-2024-06-19-194013.png 689w, https:\/\/allez-yalla.com\/wp-content\/uploads\/2024\/06\/Capture-decran-2024-06-19-194013-208x300.png 208w\" sizes=\"(max-width: 709px) 85vw, (max-width: 909px) 67vw, (max-width: 984px) 61vw, (max-width: 1362px) 45vw, 600px\" \/><\/figure>\n\n\n\n<p><\/p>\n\n\n\n<figure class=\"wp-block-image size-large\"><img decoding=\"async\" loading=\"lazy\" width=\"1024\" height=\"705\" src=\"https:\/\/allez-yalla.com\/wp-content\/uploads\/2024\/06\/Capture-decran-2024-06-19-194931-1024x705.png\" alt=\"\" class=\"wp-image-13442\" srcset=\"https:\/\/allez-yalla.com\/wp-content\/uploads\/2024\/06\/Capture-decran-2024-06-19-194931-1024x705.png 1024w, https:\/\/allez-yalla.com\/wp-content\/uploads\/2024\/06\/Capture-decran-2024-06-19-194931-300x206.png 300w, https:\/\/allez-yalla.com\/wp-content\/uploads\/2024\/06\/Capture-decran-2024-06-19-194931-768x529.png 768w, https:\/\/allez-yalla.com\/wp-content\/uploads\/2024\/06\/Capture-decran-2024-06-19-194931-1200x826.png 1200w, https:\/\/allez-yalla.com\/wp-content\/uploads\/2024\/06\/Capture-decran-2024-06-19-194931.png 1402w\" sizes=\"(max-width: 709px) 85vw, (max-width: 909px) 67vw, (max-width: 1362px) 62vw, 840px\" \/><\/figure>\n\n\n\n<p><\/p>\n\n\n\n<figure class=\"wp-block-image size-full is-resized\"><img decoding=\"async\" loading=\"lazy\" width=\"685\" height=\"974\" src=\"https:\/\/allez-yalla.com\/wp-content\/uploads\/2024\/06\/Capture-decran-2024-06-19-194735.png\" alt=\"\" class=\"wp-image-13436\" style=\"aspect-ratio:0.7032854209445585;width:536px;height:auto\" srcset=\"https:\/\/allez-yalla.com\/wp-content\/uploads\/2024\/06\/Capture-decran-2024-06-19-194735.png 685w, https:\/\/allez-yalla.com\/wp-content\/uploads\/2024\/06\/Capture-decran-2024-06-19-194735-211x300.png 211w\" sizes=\"(max-width: 709px) 85vw, (max-width: 909px) 67vw, (max-width: 984px) 61vw, (max-width: 1362px) 45vw, 600px\" \/><\/figure>\n\n\n\n<p><\/p>\n\n\n\n<figure class=\"wp-block-image size-full is-resized\"><img decoding=\"async\" loading=\"lazy\" width=\"630\" height=\"922\" src=\"https:\/\/allez-yalla.com\/wp-content\/uploads\/2024\/06\/Capture-decran-2024-06-19-194941.png\" alt=\"\" class=\"wp-image-13437\" style=\"aspect-ratio:0.6832971800433839;width:537px;height:auto\" srcset=\"https:\/\/allez-yalla.com\/wp-content\/uploads\/2024\/06\/Capture-decran-2024-06-19-194941.png 630w, https:\/\/allez-yalla.com\/wp-content\/uploads\/2024\/06\/Capture-decran-2024-06-19-194941-205x300.png 205w\" sizes=\"(max-width: 709px) 85vw, (max-width: 909px) 67vw, (max-width: 984px) 61vw, (max-width: 1362px) 45vw, 600px\" \/><\/figure>\n\n\n\n<h2 class=\"wp-block-heading\"><em>Le sacerdoce: un engagement au service de l\u2019Eglise pour une \u00e9vang\u00e9lisation \u00ab&nbsp;jusqu\u2019au bout de la terre&nbsp;\u00bb.<\/em><\/h2>\n\n\n\n<figure class=\"wp-block-embed is-type-video is-provider-youtube wp-block-embed-youtube wp-embed-aspect-16-9 wp-has-aspect-ratio\"><div class=\"wp-block-embed__wrapper\">\n<iframe loading=\"lazy\" title=\"\ud83d\ude4f Joie - Fraternit\u00e9 - Pri\u00e8re \u2014 \u00c9glise \u26ea\ufe0f  Le rassemblement de tous les s\u00e9minaristes de France!\ud83d\udd25\ud83d\ude4c\" width=\"840\" height=\"473\" src=\"https:\/\/www.youtube.com\/embed\/YSclfV2Sen0?feature=oembed\" frameborder=\"0\" allow=\"accelerometer; autoplay; clipboard-write; encrypted-media; gyroscope; picture-in-picture; web-share\" referrerpolicy=\"strict-origin-when-cross-origin\" allowfullscreen><\/iframe>\n<\/div><\/figure>\n\n\n\n<h2 class=\"wp-block-heading\">Cantiques.<\/h2>\n\n\n\n<figure class=\"wp-block-embed is-type-video is-provider-youtube wp-block-embed-youtube wp-embed-aspect-4-3 wp-has-aspect-ratio\"><div class=\"wp-block-embed__wrapper\">\n<iframe loading=\"lazy\" title=\"11 NOUS COSTRUIRONS DES PONTS converted\" width=\"840\" height=\"630\" src=\"https:\/\/www.youtube.com\/embed\/0zOoNcb5d24?feature=oembed\" frameborder=\"0\" allow=\"accelerometer; autoplay; clipboard-write; encrypted-media; gyroscope; picture-in-picture; web-share\" referrerpolicy=\"strict-origin-when-cross-origin\" allowfullscreen><\/iframe>\n<\/div><\/figure>\n\n\n\n<figure class=\"wp-block-embed is-type-video is-provider-youtube wp-block-embed-youtube wp-embed-aspect-16-9 wp-has-aspect-ratio\"><div class=\"wp-block-embed__wrapper\">\n<iframe loading=\"lazy\" title=\"Glorious - La gue\u0301rison\" width=\"840\" height=\"473\" src=\"https:\/\/www.youtube.com\/embed\/7dxoq0gWDmI?feature=oembed\" frameborder=\"0\" allow=\"accelerometer; autoplay; clipboard-write; encrypted-media; gyroscope; picture-in-picture; web-share\" referrerpolicy=\"strict-origin-when-cross-origin\" allowfullscreen><\/iframe>\n<\/div><\/figure>\n\n\n\n<figure class=\"wp-block-embed is-type-video is-provider-youtube wp-block-embed-youtube wp-embed-aspect-16-9 wp-has-aspect-ratio\"><div class=\"wp-block-embed__wrapper\">\n<iframe loading=\"lazy\" title=\"Prends ta barque\" width=\"840\" height=\"473\" src=\"https:\/\/www.youtube.com\/embed\/QOnJGolwG0E?feature=oembed\" frameborder=\"0\" allow=\"accelerometer; autoplay; clipboard-write; encrypted-media; gyroscope; picture-in-picture; web-share\" referrerpolicy=\"strict-origin-when-cross-origin\" allowfullscreen><\/iframe>\n<\/div><\/figure>\n\n\n\n<h2 class=\"wp-block-heading\">SUPPLEMENTS<\/h2>\n\n\n\n<figure class=\"wp-block-image size-full\"><img decoding=\"async\" loading=\"lazy\" width=\"591\" height=\"968\" src=\"https:\/\/allez-yalla.com\/wp-content\/uploads\/2024\/06\/Capture-decran-2024-06-21-130552.png\" alt=\"\" class=\"wp-image-13443\" srcset=\"https:\/\/allez-yalla.com\/wp-content\/uploads\/2024\/06\/Capture-decran-2024-06-21-130552.png 591w, https:\/\/allez-yalla.com\/wp-content\/uploads\/2024\/06\/Capture-decran-2024-06-21-130552-183x300.png 183w\" sizes=\"(max-width: 591px) 85vw, 591px\" \/><\/figure>\n\n\n\n<h2 class=\"wp-block-heading\"> <em>\u00ab\u00a0Je suis la  M\u00e8re de Dieu, la Reine des cieux\u00a0\u00bb <\/em><\/h2>\n\n\n\n<figure class=\"wp-block-embed is-type-video is-provider-youtube wp-block-embed-youtube wp-embed-aspect-16-9 wp-has-aspect-ratio\"><div class=\"wp-block-embed__wrapper\">\n<iframe loading=\"lazy\" title=\"Our Lady is crowned \ud83d\udc51 #catholic #shorts\" width=\"840\" height=\"473\" src=\"https:\/\/www.youtube.com\/embed\/fZAvw2re5Ts?feature=oembed\" frameborder=\"0\" allow=\"accelerometer; autoplay; clipboard-write; encrypted-media; gyroscope; picture-in-picture; web-share\" referrerpolicy=\"strict-origin-when-cross-origin\" allowfullscreen><\/iframe>\n<\/div><\/figure>\n\n\n\n<figure class=\"wp-block-image size-full\"><img decoding=\"async\" loading=\"lazy\" width=\"960\" height=\"720\" src=\"https:\/\/allez-yalla.com\/wp-content\/uploads\/2024\/06\/67805512_2291943414234085_2487866867134234624_n.jpg\" alt=\"\" class=\"wp-image-13444\" srcset=\"https:\/\/allez-yalla.com\/wp-content\/uploads\/2024\/06\/67805512_2291943414234085_2487866867134234624_n.jpg 960w, https:\/\/allez-yalla.com\/wp-content\/uploads\/2024\/06\/67805512_2291943414234085_2487866867134234624_n-300x225.jpg 300w, https:\/\/allez-yalla.com\/wp-content\/uploads\/2024\/06\/67805512_2291943414234085_2487866867134234624_n-768x576.jpg 768w\" sizes=\"(max-width: 709px) 85vw, (max-width: 909px) 67vw, (max-width: 1362px) 62vw, 840px\" \/><\/figure>\n","protected":false},"excerpt":{"rendered":"<p>D&rsquo;abord, prions avec cette enfant\u2026 https:\/\/www.facebook.com\/MMC243\/videos\/325724920591625 Evang\u00e9lisation par le chant. \u00ab&nbsp;Chanter, c\u2019est prier deux fois.&nbsp;\u00bb La m\u00e9ditation quotidienne de la Bible fait grandir la foi, l\u2019esp\u00e9rance et l\u2019amour. Des applications internet, des abonnements par mails \u2026 facilitent la t\u00e2che. &nbsp; HOZANA Hozana envoie chaque jour une parole biblique \u00e0 m\u00e9diter avec dessin. https:\/\/hozana.org\/coin-priere?utm_medium=email_Hozana&amp;utm_source=user&amp;utm_campaign=publication_CP_1403_prier-avec-l-evangile-du-jour-en-image OPEN BIBLE &hellip; <a href=\"https:\/\/allez-yalla.com\/index.php\/2024\/06\/26\/des-outils-sur-internet-pour-levangelisation\/\" class=\"more-link\">Continuer la lecture<span class=\"screen-reader-text\"> de &laquo;&nbsp;Des outils pour l\u2019\u00e9vang\u00e9lisation. \u00a0&nbsp;&raquo;<\/span><\/a><\/p>\n","protected":false},"author":1,"featured_media":0,"comment_status":"closed","ping_status":"closed","sticky":false,"template":"","format":"standard","meta":{"footnotes":""},"categories":[106,20,239],"tags":[182,197,180],"_links":{"self":[{"href":"https:\/\/allez-yalla.com\/index.php\/wp-json\/wp\/v2\/posts\/13427"}],"collection":[{"href":"https:\/\/allez-yalla.com\/index.php\/wp-json\/wp\/v2\/posts"}],"about":[{"href":"https:\/\/allez-yalla.com\/index.php\/wp-json\/wp\/v2\/types\/post"}],"author":[{"embeddable":true,"href":"https:\/\/allez-yalla.com\/index.php\/wp-json\/wp\/v2\/users\/1"}],"replies":[{"embeddable":true,"href":"https:\/\/allez-yalla.com\/index.php\/wp-json\/wp\/v2\/comments?post=13427"}],"version-history":[{"count":9,"href":"https:\/\/allez-yalla.com\/index.php\/wp-json\/wp\/v2\/posts\/13427\/revisions"}],"predecessor-version":[{"id":13518,"href":"https:\/\/allez-yalla.com\/index.php\/wp-json\/wp\/v2\/posts\/13427\/revisions\/13518"}],"wp:attachment":[{"href":"https:\/\/allez-yalla.com\/index.php\/wp-json\/wp\/v2\/media?parent=13427"}],"wp:term":[{"taxonomy":"category","embeddable":true,"href":"https:\/\/allez-yalla.com\/index.php\/wp-json\/wp\/v2\/categories?post=13427"},{"taxonomy":"post_tag","embeddable":true,"href":"https:\/\/allez-yalla.com\/index.php\/wp-json\/wp\/v2\/tags?post=13427"}],"curies":[{"name":"wp","href":"https:\/\/api.w.org\/{rel}","templated":true}]}}