{"id":12932,"date":"2024-05-30T21:27:14","date_gmt":"2024-05-30T19:27:14","guid":{"rendered":"https:\/\/allez-yalla.com\/?p=12932"},"modified":"2024-06-20T12:23:32","modified_gmt":"2024-06-20T10:23:32","slug":"jeanne-darc-integree-a-la-vision-collective-des-grands-heros-francais","status":"publish","type":"post","link":"https:\/\/allez-yalla.com\/index.php\/2024\/05\/30\/jeanne-darc-integree-a-la-vision-collective-des-grands-heros-francais\/","title":{"rendered":"JEANNE d\u2019ARC, \u00a0int\u00e9gr\u00e9e \u00e0 la vision collective des grands h\u00e9ros fran\u00e7ais."},"content":{"rendered":"\n<figure class=\"wp-block-image size-full\"><img decoding=\"async\" loading=\"lazy\" width=\"645\" height=\"477\" src=\"https:\/\/allez-yalla.com\/wp-content\/uploads\/2024\/05\/Capture-decran-2024-05-30-124318.png\" alt=\"\" class=\"wp-image-12933\" srcset=\"https:\/\/allez-yalla.com\/wp-content\/uploads\/2024\/05\/Capture-decran-2024-05-30-124318.png 645w, https:\/\/allez-yalla.com\/wp-content\/uploads\/2024\/05\/Capture-decran-2024-05-30-124318-300x222.png 300w\" sizes=\"(max-width: 709px) 85vw, (max-width: 909px) 67vw, (max-width: 984px) 61vw, (max-width: 1362px) 45vw, 600px\" \/><\/figure>\n\n\n\n<p> <a href=\"https:\/\/www.mariedenazareth.com\/encyclopedie-mariale\/les-grands-temoins-marials\/au-moyen-age-1054-1492\/sainte-jeanne-darc-1412-1431\/\">https:\/\/www.mariedenazareth.com\/encyclopedie-mariale\/les-grands-temoins-marials\/au-moyen-age-1054-1492\/sainte-jeanne-darc-1412-1431\/<\/a><\/p>\n\n\n\n<h2 class=\"wp-block-heading\"><strong>Jeanne, la courageuse<\/strong><\/h2>\n\n\n\n<p>\u00ab\u00a0Jeanne \u00e9tait berg\u00e8re en bord de Meuse, le Ciel en fait, \u00e0 17 ans, le capitaine des arm\u00e9es fran\u00e7aises. Elle n\u2019avait jamais quitt\u00e9 Domr\u00e9my, Dieu l\u2019envoie trouver le Roi de France pour lui redonner espoir. Elle priait humblement dans l\u2019\u00e9glise du village, elle part faire le si\u00e8ge d\u2019Orl\u00e9ans, l\u2019\u00e9p\u00e9e en main\u2026 Elle ne savait ni a ni b, mais sa franchise tint en \u00e9chec les t\u00eates th\u00e9ologiques du moment, r\u00e9unies pour la confondre et les Minutes de son proc\u00e8s font toujours l\u2019admiration du monde ! Elle, qui aurait pu fuir le martyre annonc\u00e9, en repoussa la tentation malgr\u00e9 sa peur : avec courage elle monta sur le bucher de Rouen, un seul nom aux l\u00e8vres : J\u00e9sus !\u00a0\u00bb<\/p>\n\n\n\n<p><a href=\"https:\/\/hozana.org\/saints\/sainte-jeanne-d-arc\">https:\/\/hozana.org\/saints\/sainte-jeanne-d-arc<\/a><\/p>\n\n\n\n<h2 class=\"wp-block-heading\"><strong>L\u2019appel du Ciel par les voix des saints<\/strong><\/h2>\n\n\n\n<p>\u00ab\u00a0D\u00e8s l\u2019\u00e2ge de 13 ans, lorsqu\u2019elle commence \u00e0 recevoir des messages du Ciel, la jeune Jeanne intensifie sa vie spirituelle. Elle participe quotidiennement \u00e0 la messe, se confesse et communie fr\u00e9quemment. Elle prie longuement devant le Crucifix ou l&rsquo;image de la Vierge. Durant ces ann\u00e9es que Beno\u00eet XVI qualifie de \u00ab vie cach\u00e9e \u00bb, Jeanne poursuit sa maturation int\u00e9rieure et fait le v\u0153u de virginit\u00e9 perp\u00e9tuelle pour le Seigneur. Il s\u2019ensuit deux ann\u00e9es, l\u2019une de \u00ab vie publique \u00bb et l\u2019autre de \u00ab passion \u00bb.<\/p>\n\n\n\n<p><a href=\"https:\/\/hozana.org\/saints\/sainte-jeanne-d-arc\">https:\/\/hozana.org\/saints\/sainte-jeanne-d-arc<\/a><\/p>\n\n\n\n<figure class=\"wp-block-image size-full\"><img decoding=\"async\" loading=\"lazy\" width=\"743\" height=\"721\" src=\"https:\/\/allez-yalla.com\/wp-content\/uploads\/2024\/05\/Capture-decran-2024-05-30-111458.png\" alt=\"\" class=\"wp-image-12934\" srcset=\"https:\/\/allez-yalla.com\/wp-content\/uploads\/2024\/05\/Capture-decran-2024-05-30-111458.png 743w, https:\/\/allez-yalla.com\/wp-content\/uploads\/2024\/05\/Capture-decran-2024-05-30-111458-300x291.png 300w\" sizes=\"(max-width: 709px) 85vw, (max-width: 909px) 67vw, (max-width: 984px) 61vw, (max-width: 1362px) 45vw, 600px\" \/><\/figure>\n\n\n\n<p><a href=\"https:\/\/www.vaticannews.va\/fr\/eglise\/news\/2020-05\/centenaire-canonisation-jeanne-d-arc.html\">https:\/\/www.vaticannews.va\/fr\/eglise\/news\/2020-05\/centenaire-canonisation-jeanne-d-arc.html<\/a><\/p>\n\n\n\n<h2 class=\"wp-block-heading\"><strong>Jeanne d\u2019Arc a souffert \u00e0 la fois des pouvoirs politiques et religieux. <\/strong><\/h2>\n\n\n\n<p><strong>Saint Pierre met en garde&nbsp;: il y a toujours eu de faux enseignants en politique et en religion. C&rsquo;est pourquoi Jeanne a \u00e9t\u00e9 condamn\u00e9e \u00e0 mort. <\/strong><\/p>\n\n\n\n<blockquote class=\"wp-block-quote\">\n<p>De faux proph\u00e8tes sont apparus autrefois dans le peuple d\u2019Isra\u00ebl ; de m\u00eame, de faux enseignants appara\u00eetront parmi vous. Ils introduiront des doctrines fausses et d\u00e9sastreuses, et rejetteront le Ma\u00eetre qui les a sauv\u00e9s ; ils attireront ainsi sur eux une ruine subite.<\/p>\n\n\n\n<p>Beaucoup les suivront dans leur vie immorale et, \u00e0 cause d\u2019eux, on fera insulte au chemin de la v\u00e9rit\u00e9.<\/p>\n\n\n\n<p>Par amour du gain, ces faux enseignants vous exploiteront au moyen de raisonnements trompeurs. Mais depuis longtemps d\u00e9j\u00e0, leur condamnation est pr\u00eate et leur ruine ne se fera pas attendre !<\/p>\n\n\n\n<p>Dieu a condamn\u00e9 les villes de Sodome et Gomorrhe et les a d\u00e9truites par le feu, en donnant par l\u00e0 un exemple de ce qui allait arriver \u00e0 tous les p\u00e9cheurs.<\/p>\n\n\n\n<p>En revanche, il a d\u00e9livr\u00e9 Loth, homme juste, qui \u00e9tait afflig\u00e9 par la conduite immorale de ses contemporains sans scrupules.<\/p>\n\n\n\n<p>Car ce juste, qui vivait au milieu d\u2019eux, voyait et entendait tout ce qu\u2019ils faisaient jour apr\u00e8s jour ; leur vie scandaleuse tourmentait son c\u0153ur honn\u00eate.<\/p>\n\n\n\n<p>Ainsi, le Seigneur sait comment d\u00e9livrer de l\u2019\u00e9preuve ceux qui lui sont attach\u00e9s, et comment tenir en r\u00e9serve ceux qui font le mal pour les punir au jour du Jugement ;<\/p>\n\n\n\n<p>il punira surtout ceux qui suivent les d\u00e9sirs impurs de leur propre nature et m\u00e9prisent l\u2019autorit\u00e9 de Dieu. Ces faux enseignants sont audacieux et arrogants, ils n\u2019ont aucun respect pour les \u00eatres glorieux du ciel mais ils les insultent.<\/p>\n<cite><a href=\"https:\/\/biblics.com\/fr\/bible\/la-bible-en-francais-courant\/nouveau-testament\/deuxieme-lettre-de-pierre\/2\">https:\/\/biblics.com\/fr\/bible\/la-bible-en-francais-courant\/nouveau-testament\/deuxieme-lettre-de-pierre\/2<\/a><\/cite><\/blockquote>\n\n\n\n<h2 class=\"wp-block-heading\"><strong>Dieu permet la souffrance offerte des martyrs, comme  celle de Jeanne d\u2019Arc.<\/strong><\/h2>\n\n\n\n<figure class=\"wp-block-image size-full\"><img decoding=\"async\" loading=\"lazy\" width=\"60\" height=\"100\" src=\"https:\/\/allez-yalla.com\/wp-content\/uploads\/2024\/05\/coeur-gif-051.webp\" alt=\"\" class=\"wp-image-12970\"\/><\/figure>\n\n\n\n<p>L\u2019histoire de l\u2019\u00c9glise est l\u2019histoire des martyrs, de ceux qui ont confess\u00e9 la foi, parfois au prix de leurs vies. \u00ab&nbsp;Martyr&nbsp;\u00bb vient d\u2019un mot grec qui signifie \u00ab&nbsp;t\u00e9moin&nbsp;\u00bb. Le martyr est le t\u00e9moin de&nbsp;<a rel=\"noreferrer noopener\" href=\"https:\/\/fr.aleteia.org\/tag\/jesus\/\" target=\"_blank\">J\u00e9sus<\/a>-Christ devant les hommes.&nbsp;<\/p>\n\n\n\n<p>Le greffier rapporte que tout le monde pleurait, m\u00eame l&rsquo;\u00e9v\u00eaque Cauchon. Le plus marqu\u00e9 reste son bourreau, qui confiera peu apr\u00e8s que \u00abJamais l&rsquo;ex\u00e9cution d&rsquo;aucun criminel ne m&rsquo;a donn\u00e9 tant de crainte que l&rsquo;ex\u00e9cution de cette pucelle\u00bb. Apr\u00e8s avoir jet\u00e9 dans la Seine le c\u0153ur de la jeune fille, qu&rsquo;il n&rsquo;avait r\u00e9ussi \u00e0 br\u00fbler par aucun moyen, malgr\u00e9 l&rsquo;huile, le bois et le feu rajout\u00e9s, il dira m\u00eame: \u00abJe crains fort d&rsquo;\u00eatre, damn\u00e9, car j&rsquo;ai br\u00fbl\u00e9 une sainte.\u00bb<\/p>\n\n\n\n<p><a href=\"https:\/\/www.lefigaro.fr\/culture\/2016\/05\/30\/03004-20160530ARTFIG00172-jeanne-d-arc-brulee-vive-pour-avoir-repris-ses-habits-d-homme.php\">https:\/\/www.lefigaro.fr\/culture\/2016\/05\/30\/03004-20160530ARTFIG00172-jeanne-d-arc-brulee-vive-pour-avoir-repris-ses-habits-d-homme.php<\/a><\/p>\n\n\n\n<p><\/p>\n\n\n\n<figure class=\"wp-block-image size-full\"><img decoding=\"async\" loading=\"lazy\" width=\"786\" height=\"642\" src=\"https:\/\/allez-yalla.com\/wp-content\/uploads\/2024\/05\/Capture-decran-2024-05-31-144521.png\" alt=\"\" class=\"wp-image-12971\" srcset=\"https:\/\/allez-yalla.com\/wp-content\/uploads\/2024\/05\/Capture-decran-2024-05-31-144521.png 786w, https:\/\/allez-yalla.com\/wp-content\/uploads\/2024\/05\/Capture-decran-2024-05-31-144521-300x245.png 300w, https:\/\/allez-yalla.com\/wp-content\/uploads\/2024\/05\/Capture-decran-2024-05-31-144521-768x627.png 768w\" sizes=\"(max-width: 709px) 85vw, (max-width: 909px) 67vw, (max-width: 984px) 61vw, (max-width: 1362px) 45vw, 600px\" \/><\/figure>\n\n\n\n<p><a href=\"https:\/\/fr.aleteia.org\/2021\/06\/05\/leucharistie-force-de-temoignage-des-chretiens\/\">https:\/\/fr.aleteia.org\/2021\/06\/05\/leucharistie-force-de-temoignage-des-chretiens\/<\/a><\/p>\n\n\n\n<h2 class=\"wp-block-heading\"><strong>Aimons la France, l\u2019infid\u00e8le fille ain\u00e9e de l\u2019Eglise. &nbsp;<\/strong><\/h2>\n\n\n\n<figure class=\"wp-block-image size-full is-resized\"><img decoding=\"async\" loading=\"lazy\" width=\"788\" height=\"445\" src=\"https:\/\/allez-yalla.com\/wp-content\/uploads\/2024\/05\/Capture-decran-2024-05-30-142430.png\" alt=\"\" class=\"wp-image-12961\" style=\"aspect-ratio:1.7707865168539325;width:287px;height:auto\" srcset=\"https:\/\/allez-yalla.com\/wp-content\/uploads\/2024\/05\/Capture-decran-2024-05-30-142430.png 788w, https:\/\/allez-yalla.com\/wp-content\/uploads\/2024\/05\/Capture-decran-2024-05-30-142430-300x169.png 300w, https:\/\/allez-yalla.com\/wp-content\/uploads\/2024\/05\/Capture-decran-2024-05-30-142430-768x434.png 768w\" sizes=\"(max-width: 709px) 85vw, (max-width: 909px) 67vw, (max-width: 984px) 61vw, (max-width: 1362px) 45vw, 600px\" \/><\/figure>\n\n\n\n<p><\/p>\n\n\n\n<figure class=\"wp-block-image size-full is-resized\"><img decoding=\"async\" loading=\"lazy\" width=\"960\" height=\"749\" src=\"https:\/\/allez-yalla.com\/wp-content\/uploads\/2024\/05\/336672831_3595782020658446_5344842385948842239_n-1.jpg\" alt=\"\" class=\"wp-image-12936\" style=\"aspect-ratio:1.2817089452603472;width:508px;height:auto\" srcset=\"https:\/\/allez-yalla.com\/wp-content\/uploads\/2024\/05\/336672831_3595782020658446_5344842385948842239_n-1.jpg 960w, https:\/\/allez-yalla.com\/wp-content\/uploads\/2024\/05\/336672831_3595782020658446_5344842385948842239_n-1-300x234.jpg 300w, https:\/\/allez-yalla.com\/wp-content\/uploads\/2024\/05\/336672831_3595782020658446_5344842385948842239_n-1-768x599.jpg 768w\" sizes=\"(max-width: 709px) 85vw, (max-width: 909px) 67vw, (max-width: 1362px) 62vw, 840px\" \/><\/figure>\n\n\n\n<p><\/p>\n\n\n\n<h2 class=\"wp-block-heading\"><strong>Aimons nos pays d\u00e9-christianis\u00e9s. Trahis, ils sont aujourd\u2019hui en grande souffrance. <\/strong><\/h2>\n\n\n\n<p><strong>Mille voix proph\u00e9tiques appellent \u00e0 la CONVERSION.<\/strong><\/p>\n\n\n\n<figure class=\"wp-block-image size-full\"><img decoding=\"async\" loading=\"lazy\" width=\"960\" height=\"552\" src=\"https:\/\/allez-yalla.com\/wp-content\/uploads\/2024\/05\/334000736_880570406356096_8021499190624722670_n.jpg\" alt=\"\" class=\"wp-image-12937\" srcset=\"https:\/\/allez-yalla.com\/wp-content\/uploads\/2024\/05\/334000736_880570406356096_8021499190624722670_n.jpg 960w, https:\/\/allez-yalla.com\/wp-content\/uploads\/2024\/05\/334000736_880570406356096_8021499190624722670_n-300x173.jpg 300w, https:\/\/allez-yalla.com\/wp-content\/uploads\/2024\/05\/334000736_880570406356096_8021499190624722670_n-768x442.jpg 768w\" sizes=\"(max-width: 709px) 85vw, (max-width: 909px) 67vw, (max-width: 1362px) 62vw, 840px\" \/><\/figure>\n\n\n\n<h2 class=\"wp-block-heading\"><strong>Re-d\u00e9couvrons la belle historie de la France.<\/strong><\/h2>\n\n\n\n<p><strong>Notre m\u00e9moire est si courte \u2026&nbsp;!<\/strong><\/p>\n\n\n\n<figure class=\"wp-block-image size-large is-resized\"><img decoding=\"async\" loading=\"lazy\" width=\"1024\" height=\"678\" src=\"https:\/\/allez-yalla.com\/wp-content\/uploads\/2024\/05\/Capture-decran-2024-05-30-113329-1024x678.png\" alt=\"\" class=\"wp-image-12942\" style=\"aspect-ratio:1.5103244837758112;width:574px;height:auto\" srcset=\"https:\/\/allez-yalla.com\/wp-content\/uploads\/2024\/05\/Capture-decran-2024-05-30-113329-1024x678.png 1024w, https:\/\/allez-yalla.com\/wp-content\/uploads\/2024\/05\/Capture-decran-2024-05-30-113329-300x199.png 300w, https:\/\/allez-yalla.com\/wp-content\/uploads\/2024\/05\/Capture-decran-2024-05-30-113329-768x509.png 768w, https:\/\/allez-yalla.com\/wp-content\/uploads\/2024\/05\/Capture-decran-2024-05-30-113329.png 1039w\" sizes=\"(max-width: 709px) 85vw, (max-width: 909px) 67vw, (max-width: 1362px) 62vw, 840px\" \/><\/figure>\n\n\n\n<figure class=\"wp-block-embed is-type-video is-provider-youtube wp-block-embed-youtube wp-embed-aspect-16-9 wp-has-aspect-ratio\"><div class=\"wp-block-embed__wrapper\">\n<iframe loading=\"lazy\" title=\"Notre Histoire avec Marie - Le film du Centenaire\" width=\"840\" height=\"473\" src=\"https:\/\/www.youtube.com\/embed\/FKRF_CH7v2w?feature=oembed\" frameborder=\"0\" allow=\"accelerometer; autoplay; clipboard-write; encrypted-media; gyroscope; picture-in-picture; web-share\" referrerpolicy=\"strict-origin-when-cross-origin\" allowfullscreen><\/iframe>\n<\/div><\/figure>\n\n\n\n<h2 class=\"wp-block-heading\"><strong>Jeanne d\u2019Arc s\u2019agenouille devant le dauphin. <em><u>Combien plus devrions-nous nous agenouiller devant notre Roi&nbsp;!<\/u><\/em><\/strong><\/h2>\n\n\n\n<p><em>Un Afghan me disait que, par respect pour sa maman, il lui arrivait de se mettre \u00e0 genoux devant elle et \u00e0 lui baiser les mains et parfois m\u00eame les pieds.<\/em><\/p>\n\n\n\n<p>J\u00e9sus est l\u00e0, pr\u00e9sent dans la sainte Hostie, toujours dispos\u00e9s \u00e0 nous b\u00e9nir. Les mauvais esprits le savent, c\u2019est pourquoi des personnes qui ont donn\u00e9 leur vie \u00e0 Satan sont port\u00e9es \u00e0 d\u00e9truire des tabernacles, \u00e0 profaner les \u00e9glises. <\/p>\n\n\n\n<p>C&rsquo;est tellement stupide de refuser les b\u00e9n\u00e9dictions divines! <\/p>\n\n\n\n<figure class=\"wp-block-image size-full\"><img decoding=\"async\" loading=\"lazy\" width=\"547\" height=\"510\" src=\"https:\/\/allez-yalla.com\/wp-content\/uploads\/2024\/05\/Capture-decran-2024-05-30-203325.png\" alt=\"\" class=\"wp-image-12938\" srcset=\"https:\/\/allez-yalla.com\/wp-content\/uploads\/2024\/05\/Capture-decran-2024-05-30-203325.png 547w, https:\/\/allez-yalla.com\/wp-content\/uploads\/2024\/05\/Capture-decran-2024-05-30-203325-300x280.png 300w\" sizes=\"(max-width: 547px) 85vw, 547px\" \/><\/figure>\n\n\n\n<p>P\u00e8re Pedro b\u00e9nit le village avec la sainte Hostie.<\/p>\n\n\n\n<h2 class=\"wp-block-heading\"><strong>CRIE VERS JESUS, m\u00eame si tu es seul \u00e0 le faire l\u00e0 o\u00f9 tu vis. J\u00e9sus entend ta voix.<\/strong> <\/h2>\n\n\n\n<figure class=\"wp-block-image size-full\"><img decoding=\"async\" loading=\"lazy\" width=\"526\" height=\"526\" src=\"https:\/\/allez-yalla.com\/wp-content\/uploads\/2024\/05\/445756153_795434482722353_213647788278935742_n.jpg\" alt=\"\" class=\"wp-image-12939\" srcset=\"https:\/\/allez-yalla.com\/wp-content\/uploads\/2024\/05\/445756153_795434482722353_213647788278935742_n.jpg 526w, https:\/\/allez-yalla.com\/wp-content\/uploads\/2024\/05\/445756153_795434482722353_213647788278935742_n-300x300.jpg 300w, https:\/\/allez-yalla.com\/wp-content\/uploads\/2024\/05\/445756153_795434482722353_213647788278935742_n-150x150.jpg 150w\" sizes=\"(max-width: 526px) 85vw, 526px\" \/><\/figure>\n\n\n\n<p><strong>&nbsp;<\/strong><\/p>\n\n\n\n<p>\u00ab Pensons \u00e0 l\u2019histoire de Bartim\u00e9e, un personnage de l\u2019Evangile (cf. Mc 10, 46-52) et je dois vous dire que pour moi, c\u2019est le plus sympathique de tous. Il \u00e9tait aveugle, il \u00e9tait assis en train de mendier au bord de la route \u00e0 la p\u00e9riph\u00e9rie de sa ville, J\u00e9richo. Ce n\u2019est pas un personnage anonyme, il a un visage, un nom : Bartim\u00e9e, c\u2019est-\u00e0-dire \u00abfils de Tim\u00e9e\u00bb. Un jour, il entend dire que J\u00e9sus devait passer par l\u00e0. En effet, J\u00e9richo \u00e9tait un carrefour de peuples, constamment travers\u00e9e par des p\u00e8lerins et des marchands. Alors Bartim\u00e9e se poste: il aurait fait tout le possible pour rencontrer J\u00e9sus. Beaucoup de gens faisaient la m\u00eame chose: rappelons Zacch\u00e9e, qui monta sur l\u2019arbre. Beaucoup de gens voulaient voir J\u00e9sus, et lui aussi.<\/p>\n\n\n\n<p>Ainsi, cet homme entre dans les Evangiles comme une voix qui crie \u00e0 tue-t\u00eate. Il ne voit pas; il ne sait pas si J\u00e9sus est proche ou loin, mais il l\u2019entend, il le comprend \u00e0 la foule qui, \u00e0 un certain moment, augmente et se rapproche&#8230; Mais lui est compl\u00e8tement seul, et personne ne se pr\u00e9occupe de lui. Alors que fait Bartim\u00e9e? Il crie. Et il crie, et il continue de crier. Il utilise l\u2019unique arme en sa possession: la voix. Il commence \u00e0 crier : \u00abFils de David, J\u00e9sus, aie piti\u00e9 de moi!\u00bb (v. 47). Et il continue ainsi, en criant.<\/p>\n\n\n\n<p>Ses cris r\u00e9p\u00e9t\u00e9s d\u00e9rangent, ils semblent impolis, et de nombreuses personnes le r\u00e9primandent, lui disent de se taire : \u00ab Mais sois poli, ne fais pas \u00e7a! \u00bb. Mais Bartim\u00e9e ne se tait pas, au contraire, il crie encore plus fort : \u00ab Fils de David, J\u00e9sus, aie piti\u00e9 de moi ! \u00bb (v. 47). C\u2019est l\u2019obstination si belle de ceux qui cherchent une gr\u00e2ce et qui frappent, frappent \u00e0 la porte du c\u0153ur de Dieu&#8230; Bartim\u00e9e crie, frappe. Cette expression : \u00ab Fils de David \u00bb, est tr\u00e8s importante ; elle signifie \u00ab le Messie \u00bb \u2014 le Messie confesse \u2014 et c\u2019est une profession de foi qui sort de la bouche de cet homme m\u00e9pris\u00e9 de tous.<\/p>\n\n\n\n<p>Et J\u00e9sus entend son cri. La pri\u00e8re de Bartim\u00e9e touche son c\u0153ur, le c\u0153ur de Dieu, et les portes du salut s\u2019ouvrent pour lui. J\u00e9sus le fait appeler. Il bondit, et ceux qui lui disaient auparavant de se taire le conduisent \u00e0 pr\u00e9sent au Ma\u00eetre. J\u00e9sus lui parle, lui demande d\u2019exprimer son d\u00e9sir \u2014 cela est important \u2014 et alors, le cri devient une requ\u00eate: \u00abque je recouvre la vue Seigneur!\u00bb (cf. v. 51).<\/p>\n\n\n\n<p>J\u00e9sus lui dit: \u00abVa, ta foi t\u2019a sauv\u00e9\u00bb (v. 52).<\/p>\n\n\n\n<p>Suite&nbsp;: <a href=\"https:\/\/www.facebook.com\/photo?fbid=795434489389019&amp;set=a.517326113866526\">https:\/\/www.facebook.com\/photo?fbid=795434489389019&amp;set=a.517326113866526<\/a><\/p>\n\n\n\n<h2 class=\"wp-block-heading\"><em>\u00abCelui qui prie change le cours de l&rsquo;histoire\u00bb<\/em><\/h2>\n\n\n\n<p><a href=\"https:\/\/evangeli.net\/evangile\/jour\/2024-05-30\">https:\/\/evangeli.net\/evangile\/jour\/2024-05-30<\/a><\/p>\n\n\n\n<p><em><u>Nous entrons dans une guerre spirituelle avec des armes spirituelles.<\/u><\/em><\/p>\n\n\n\n<figure class=\"wp-block-image size-full is-resized\"><img decoding=\"async\" loading=\"lazy\" width=\"504\" height=\"580\" src=\"https:\/\/allez-yalla.com\/wp-content\/uploads\/2024\/05\/Capture-decran-2024-05-30-123614.png\" alt=\"\" class=\"wp-image-12950\" style=\"aspect-ratio:0.8689655172413793;width:430px;height:auto\" srcset=\"https:\/\/allez-yalla.com\/wp-content\/uploads\/2024\/05\/Capture-decran-2024-05-30-123614.png 504w, https:\/\/allez-yalla.com\/wp-content\/uploads\/2024\/05\/Capture-decran-2024-05-30-123614-261x300.png 261w\" sizes=\"(max-width: 504px) 85vw, 504px\" \/><\/figure>\n\n\n\n<figure class=\"wp-block-embed is-type-video is-provider-youtube wp-block-embed-youtube wp-embed-aspect-16-9 wp-has-aspect-ratio\"><div class=\"wp-block-embed__wrapper\">\n<iframe loading=\"lazy\" title=\"\u00c9quipe-toi de bonnes armes pour la bonne bataille ! #shorts\" width=\"840\" height=\"473\" src=\"https:\/\/www.youtube.com\/embed\/52aLJXsmAqg?feature=oembed\" frameborder=\"0\" allow=\"accelerometer; autoplay; clipboard-write; encrypted-media; gyroscope; picture-in-picture; web-share\" referrerpolicy=\"strict-origin-when-cross-origin\" allowfullscreen><\/iframe>\n<\/div><\/figure>\n\n\n\n<h2 class=\"wp-block-heading\">Prions pour notre pauvre humanit\u00e9&nbsp;! Qu\u2019elle entre dans les plans de Dieu MISERICORDIEUX.<\/h2>\n\n\n\n<figure class=\"wp-block-embed is-type-video is-provider-youtube wp-block-embed-youtube wp-embed-aspect-16-9 wp-has-aspect-ratio\"><div class=\"wp-block-embed__wrapper\">\n<iframe loading=\"lazy\" title=\"CHAPELET de la MISERICORDE DIVINE chant\u00e9 \ud83d\udd4a\ufe0f\u2764\ufe0f 15H\" width=\"840\" height=\"473\" src=\"https:\/\/www.youtube.com\/embed\/w1VjaS2lNMI?start=185&#038;feature=oembed\" frameborder=\"0\" allow=\"accelerometer; autoplay; clipboard-write; encrypted-media; gyroscope; picture-in-picture; web-share\" referrerpolicy=\"strict-origin-when-cross-origin\" allowfullscreen><\/iframe>\n<\/div><\/figure>\n\n\n\n<h2 class=\"wp-block-heading\">Cantiques<\/h2>\n\n\n\n<figure class=\"wp-block-embed is-type-video is-provider-youtube wp-block-embed-youtube wp-embed-aspect-16-9 wp-has-aspect-ratio\"><div class=\"wp-block-embed__wrapper\">\n<iframe loading=\"lazy\" title=\"S\u0153ur Agathe - J\u00e9sus, \u00e0 Toi ma vie\" width=\"840\" height=\"473\" src=\"https:\/\/www.youtube.com\/embed\/Pzj7gjJHm8s?feature=oembed\" frameborder=\"0\" allow=\"accelerometer; autoplay; clipboard-write; encrypted-media; gyroscope; picture-in-picture; web-share\" referrerpolicy=\"strict-origin-when-cross-origin\" allowfullscreen><\/iframe>\n<\/div><\/figure>\n\n\n\n<figure class=\"wp-block-embed is-type-video is-provider-youtube wp-block-embed-youtube wp-embed-aspect-16-9 wp-has-aspect-ratio\"><div class=\"wp-block-embed__wrapper\">\n<iframe loading=\"lazy\" title=\"Rappelle-toi Jeanne (Marche de Robert Bruce) - Les Padr\u00e9s\" width=\"840\" height=\"473\" src=\"https:\/\/www.youtube.com\/embed\/Eg5nlWkGh3k?feature=oembed\" frameborder=\"0\" allow=\"accelerometer; autoplay; clipboard-write; encrypted-media; gyroscope; picture-in-picture; web-share\" referrerpolicy=\"strict-origin-when-cross-origin\" allowfullscreen><\/iframe>\n<\/div><\/figure>\n\n\n\n<figure class=\"wp-block-embed is-type-video is-provider-youtube wp-block-embed-youtube wp-embed-aspect-4-3 wp-has-aspect-ratio\"><div class=\"wp-block-embed__wrapper\">\n<iframe loading=\"lazy\" title=\"Tu dois choisir la vie ou la mort par Mohamed de Marseille\" width=\"840\" height=\"630\" src=\"https:\/\/www.youtube.com\/embed\/Y648JjJcBEg?list=PLDA2D6236D543EF11\" frameborder=\"0\" allow=\"accelerometer; autoplay; clipboard-write; encrypted-media; gyroscope; picture-in-picture; web-share\" referrerpolicy=\"strict-origin-when-cross-origin\" allowfullscreen><\/iframe>\n<\/div><\/figure>\n\n\n\n<figure class=\"wp-block-embed is-type-video is-provider-youtube wp-block-embed-youtube wp-embed-aspect-16-9 wp-has-aspect-ratio\"><div class=\"wp-block-embed__wrapper\">\n<iframe loading=\"lazy\" title=\"Give us your peace -  Full Album (1h)   Mladifest \u2013  Medjugorje Song\" width=\"840\" height=\"473\" src=\"https:\/\/www.youtube.com\/embed\/SUKA2TrRXoA?start=1668&#038;feature=oembed\" frameborder=\"0\" allow=\"accelerometer; autoplay; clipboard-write; encrypted-media; gyroscope; picture-in-picture; web-share\" referrerpolicy=\"strict-origin-when-cross-origin\" allowfullscreen><\/iframe>\n<\/div><\/figure>\n\n\n\n<p><em>J\u00e9sus, J\u00e9sus, Nous t\u00b4adorons, \u00f4 J\u00e9sus ! Jesus, Jesus, Jesus adoramus te ! Jesus, Jesus, Jesus we adore you, Lord. Gesu, Gesu, Gesu t\u00b4 adoriamo. Jesus, Jesus, Jesus wir beten Dich an.<\/em><\/p>\n\n\n\n<figure class=\"wp-block-embed is-type-video is-provider-youtube wp-block-embed-youtube wp-embed-aspect-16-9 wp-has-aspect-ratio\"><div class=\"wp-block-embed__wrapper\">\n<iframe loading=\"lazy\" title=\"Pange Lingua \u2022 Adoration du corps du Christ\" width=\"840\" height=\"473\" src=\"https:\/\/www.youtube.com\/embed\/ZuKGVRxjp88?feature=oembed\" frameborder=\"0\" allow=\"accelerometer; autoplay; clipboard-write; encrypted-media; gyroscope; picture-in-picture; web-share\" referrerpolicy=\"strict-origin-when-cross-origin\" allowfullscreen><\/iframe>\n<\/div><\/figure>\n\n\n\n<figure class=\"wp-block-embed is-type-video is-provider-youtube wp-block-embed-youtube wp-embed-aspect-16-9 wp-has-aspect-ratio\"><div class=\"wp-block-embed__wrapper\">\n<iframe loading=\"lazy\" title=\"I WON\u2019T BE QUIET \ud83d\ude4c\ud83c\udffc #shorts\" width=\"840\" height=\"473\" src=\"https:\/\/www.youtube.com\/embed\/p4u5yrBK3-Y?feature=oembed\" frameborder=\"0\" allow=\"accelerometer; autoplay; clipboard-write; encrypted-media; gyroscope; picture-in-picture; web-share\" referrerpolicy=\"strict-origin-when-cross-origin\" allowfullscreen><\/iframe>\n<\/div><\/figure>\n\n\n\n<figure class=\"wp-block-embed is-type-video is-provider-youtube wp-block-embed-youtube wp-embed-aspect-16-9 wp-has-aspect-ratio\"><div class=\"wp-block-embed__wrapper\">\n<iframe loading=\"lazy\" title=\"Chant oriental  Chr\u00e9tien Fran\u00e7ais Arabe &quot;Eglise r\u00e9veille-toi&quot;\" width=\"840\" height=\"473\" src=\"https:\/\/www.youtube.com\/embed\/akQTKAWnm6w?feature=oembed\" frameborder=\"0\" allow=\"accelerometer; autoplay; clipboard-write; encrypted-media; gyroscope; picture-in-picture; web-share\" referrerpolicy=\"strict-origin-when-cross-origin\" allowfullscreen><\/iframe>\n<\/div><\/figure>\n\n\n\n<figure class=\"wp-block-embed is-type-video is-provider-youtube wp-block-embed-youtube wp-embed-aspect-16-9 wp-has-aspect-ratio\"><div class=\"wp-block-embed__wrapper\">\n<iframe loading=\"lazy\" title=\"Maredsous Rien jamais ne nous s\u00e9parera de l&#039;amour de Dieu.\" width=\"840\" height=\"473\" src=\"https:\/\/www.youtube.com\/embed\/d9KJ6TRzsNs?feature=oembed\" frameborder=\"0\" allow=\"accelerometer; autoplay; clipboard-write; encrypted-media; gyroscope; picture-in-picture; web-share\" referrerpolicy=\"strict-origin-when-cross-origin\" allowfullscreen><\/iframe>\n<\/div><\/figure>\n\n\n\n<h2 class=\"wp-block-heading\">ANNEXES<\/h2>\n\n\n\n<p>La souffrance, J\u00e9sus l&rsquo;a v\u00e9cue jusqu&rsquo;\u00e0 l&rsquo;extr\u00eame. Il porte ce joug avec nous. <\/p>\n\n\n\n<figure class=\"wp-block-embed is-type-video is-provider-youtube wp-block-embed-youtube wp-embed-aspect-16-9 wp-has-aspect-ratio\"><div class=\"wp-block-embed__wrapper\">\n<iframe loading=\"lazy\" title=\"Mel Gibson : La V\u00e9rit\u00e9 Choquante sur le film La Passion du Christ qui a boulevers\u00e9 Hollywood !\" width=\"840\" height=\"473\" src=\"https:\/\/www.youtube.com\/embed\/T62ctXe4cVo?feature=oembed\" frameborder=\"0\" allow=\"accelerometer; autoplay; clipboard-write; encrypted-media; gyroscope; picture-in-picture; web-share\" referrerpolicy=\"strict-origin-when-cross-origin\" allowfullscreen><\/iframe>\n<\/div><\/figure>\n\n\n\n<p><strong><em>Dans notre monde tout \u00e0 fait d\u00e9boussol\u00e9, r\u00e9agissons en chr\u00e9tiens inform\u00e9s et priants&nbsp;!<\/em><\/strong><\/p>\n\n\n\n<figure class=\"wp-block-image size-full is-resized\"><img decoding=\"async\" loading=\"lazy\" width=\"802\" height=\"550\" src=\"https:\/\/allez-yalla.com\/wp-content\/uploads\/2024\/05\/Capture-decran-2024-05-30-105549.png\" alt=\"\" class=\"wp-image-12943\" style=\"aspect-ratio:1.4581818181818182;width:562px;height:auto\" srcset=\"https:\/\/allez-yalla.com\/wp-content\/uploads\/2024\/05\/Capture-decran-2024-05-30-105549.png 802w, https:\/\/allez-yalla.com\/wp-content\/uploads\/2024\/05\/Capture-decran-2024-05-30-105549-300x206.png 300w, https:\/\/allez-yalla.com\/wp-content\/uploads\/2024\/05\/Capture-decran-2024-05-30-105549-768x527.png 768w\" sizes=\"(max-width: 709px) 85vw, (max-width: 909px) 67vw, (max-width: 984px) 61vw, (max-width: 1362px) 45vw, 600px\" \/><\/figure>\n\n\n\n<p>Comment parler de sexualit\u00e9 \u00e0 ses enfants, avant l\u2019adolescence, sans fausse pudeur, tout en respectant leur \u00e2ge&nbsp;? Faut-il d&rsquo;ailleurs leur en parler ? Comment r\u00e9pondre \u00e0 leurs questions ? Dans cet \u00e9pisode, H\u00e9l\u00e8ne Dumont montre que parler de sexualit\u00e9, c&rsquo;est surtout parler d&rsquo;amour et dire combien celui-ci est pr\u00e9cieux. C&rsquo;est \u00e9galement prendre soin du corps et \u00e9duquer peu \u00e0 peu aux limites. Conseils et encouragements sont \u00e0 d\u00e9couvrir dans l&rsquo;\u00e9pisode !<\/p>\n\n\n\n<p><a href=\"https:\/\/podcast.ausha.co\/sex-oh\/sex-oh-25\">https:\/\/podcas t.ausha.co\/sex-oh\/sex-oh-25<\/a> <\/p>\n\n\n\n<figure class=\"wp-block-image size-full is-resized\"><img decoding=\"async\" loading=\"lazy\" width=\"225\" height=\"225\" src=\"https:\/\/allez-yalla.com\/wp-content\/uploads\/2024\/05\/download-5.jpg\" alt=\"\" class=\"wp-image-12944\" style=\"aspect-ratio:1;width:623px;height:auto\" srcset=\"https:\/\/allez-yalla.com\/wp-content\/uploads\/2024\/05\/download-5.jpg 225w, https:\/\/allez-yalla.com\/wp-content\/uploads\/2024\/05\/download-5-150x150.jpg 150w\" sizes=\"(max-width: 225px) 85vw, 225px\" \/><\/figure>\n","protected":false},"excerpt":{"rendered":"<p>https:\/\/www.mariedenazareth.com\/encyclopedie-mariale\/les-grands-temoins-marials\/au-moyen-age-1054-1492\/sainte-jeanne-darc-1412-1431\/ Jeanne, la courageuse \u00ab\u00a0Jeanne \u00e9tait berg\u00e8re en bord de Meuse, le Ciel en fait, \u00e0 17 ans, le capitaine des arm\u00e9es fran\u00e7aises. Elle n\u2019avait jamais quitt\u00e9 Domr\u00e9my, Dieu l\u2019envoie trouver le Roi de France pour lui redonner espoir. Elle priait humblement dans l\u2019\u00e9glise du village, elle part faire le si\u00e8ge d\u2019Orl\u00e9ans, l\u2019\u00e9p\u00e9e en main\u2026 &hellip; <a href=\"https:\/\/allez-yalla.com\/index.php\/2024\/05\/30\/jeanne-darc-integree-a-la-vision-collective-des-grands-heros-francais\/\" class=\"more-link\">Continuer la lecture<span class=\"screen-reader-text\"> de &laquo;&nbsp;JEANNE d\u2019ARC, \u00a0int\u00e9gr\u00e9e \u00e0 la vision collective des grands h\u00e9ros fran\u00e7ais.&nbsp;&raquo;<\/span><\/a><\/p>\n","protected":false},"author":1,"featured_media":0,"comment_status":"closed","ping_status":"closed","sticky":false,"template":"","format":"standard","meta":{"footnotes":""},"categories":[103,238,280,204],"tags":[453,452,197,454,19],"_links":{"self":[{"href":"https:\/\/allez-yalla.com\/index.php\/wp-json\/wp\/v2\/posts\/12932"}],"collection":[{"href":"https:\/\/allez-yalla.com\/index.php\/wp-json\/wp\/v2\/posts"}],"about":[{"href":"https:\/\/allez-yalla.com\/index.php\/wp-json\/wp\/v2\/types\/post"}],"author":[{"embeddable":true,"href":"https:\/\/allez-yalla.com\/index.php\/wp-json\/wp\/v2\/users\/1"}],"replies":[{"embeddable":true,"href":"https:\/\/allez-yalla.com\/index.php\/wp-json\/wp\/v2\/comments?post=12932"}],"version-history":[{"count":20,"href":"https:\/\/allez-yalla.com\/index.php\/wp-json\/wp\/v2\/posts\/12932\/revisions"}],"predecessor-version":[{"id":13322,"href":"https:\/\/allez-yalla.com\/index.php\/wp-json\/wp\/v2\/posts\/12932\/revisions\/13322"}],"wp:attachment":[{"href":"https:\/\/allez-yalla.com\/index.php\/wp-json\/wp\/v2\/media?parent=12932"}],"wp:term":[{"taxonomy":"category","embeddable":true,"href":"https:\/\/allez-yalla.com\/index.php\/wp-json\/wp\/v2\/categories?post=12932"},{"taxonomy":"post_tag","embeddable":true,"href":"https:\/\/allez-yalla.com\/index.php\/wp-json\/wp\/v2\/tags?post=12932"}],"curies":[{"name":"wp","href":"https:\/\/api.w.org\/{rel}","templated":true}]}}