{"id":11476,"date":"2024-02-24T18:09:28","date_gmt":"2024-02-24T17:09:28","guid":{"rendered":"https:\/\/allez-yalla.com\/?p=11476"},"modified":"2024-07-02T13:08:33","modified_gmt":"2024-07-02T11:08:33","slug":"moise-moise-moise","status":"publish","type":"post","link":"https:\/\/allez-yalla.com\/index.php\/2024\/02\/24\/moise-moise-moise\/","title":{"rendered":"Mo\u00efse! Mo\u00efse! Mo\u00efse!"},"content":{"rendered":"\n<p>Qui ne connait Mo\u00efse, &nbsp;ce fils d\u2019esclaves choisi par Dieu pour lib\u00e9rer le peuple h\u00e9breu du joug du pharaon d\u2019Egypte&nbsp;?<\/p>\n\n\n\n<p>Aujourd\u2019hui encore, des Mo\u00efse, il y en a beaucoup,  mais ils ne sont pas entendus. &nbsp;D\u2019autres Mo\u00efse les suivront inlassablement. Apr\u00e8s mille plaies, l\u2019AMOUR l\u2019emportera. La VIE est la plus forte.<\/p>\n\n\n\n<p><a href=\"https:\/\/www.youtube.com\/watch?v=jok8csvFuM4\">https:\/\/www.youtube.com\/watch?v=jok8csvFuM4<\/a><\/p>\n\n\n\n<p>D\u00e9j\u00e0 en 2015 les agriculteurs manifestaient leur m\u00e9contentement.  C&rsquo;est la date o\u00f9 ce dessin a \u00e9t\u00e9 r\u00e9alis\u00e9 et mis sur le blog <a href=\"https:\/\/www.humeurs.be\/\">https:\/\/www.humeurs.be\/<\/a> <\/p>\n\n\n\n<h2 class=\"wp-block-heading\"><strong><em>\u00ab&nbsp;Le Messie est en nous&nbsp;\u00bb<\/em> (Un agriculteur)<\/strong><\/h2>\n\n\n\n<figure class=\"wp-block-image size-full is-resized\"><img decoding=\"async\" loading=\"lazy\" width=\"515\" height=\"791\" src=\"https:\/\/allez-yalla.com\/wp-content\/uploads\/2024\/02\/Capture-decran-2024-02-24-141121.png\" alt=\"\" class=\"wp-image-11477\" style=\"aspect-ratio:0.6510745891276865;width:637px;height:auto\" srcset=\"https:\/\/allez-yalla.com\/wp-content\/uploads\/2024\/02\/Capture-decran-2024-02-24-141121.png 515w, https:\/\/allez-yalla.com\/wp-content\/uploads\/2024\/02\/Capture-decran-2024-02-24-141121-195x300.png 195w\" sizes=\"(max-width: 515px) 85vw, 515px\" \/><\/figure>\n\n\n\n<p>Comme les esclaves en Egypte,&nbsp; nos travailleurs (de diff\u00e9rentes cat\u00e9gories d\u2019ind\u00e9pendants) sont exploit\u00e9s \u00e0 outrance.<\/p>\n\n\n\n<p>Les agriculteurs profitent du salon de l\u2019agriculture 2024 \u00e0 Paris non pas tant pour discuter avec mr Macron (il sait tr\u00e8s &nbsp;bien ce qui&nbsp; ne va pas&nbsp;!) mais pour manifester leur <strong><em>VOLONTE FERME <\/em><\/strong>que \u00e7a change. <\/p>\n\n\n\n<p>En notre nom \u00e0 tous, ils d\u00e9noncent la pauvret\u00e9 grandissante et aussi la lobotomisation, la mondialisation dont nous serons de plus en plus les victimes si nous laissons faire. &nbsp;<\/p>\n\n\n\n<figure class=\"wp-block-image size-full is-resized\"><img decoding=\"async\" loading=\"lazy\" width=\"644\" height=\"264\" src=\"https:\/\/allez-yalla.com\/wp-content\/uploads\/2024\/02\/Capture-decran-2024-02-25-063804.png\" alt=\"\" class=\"wp-image-11522\" style=\"aspect-ratio:2.4393939393939394;width:454px;height:auto\" srcset=\"https:\/\/allez-yalla.com\/wp-content\/uploads\/2024\/02\/Capture-decran-2024-02-25-063804.png 644w, https:\/\/allez-yalla.com\/wp-content\/uploads\/2024\/02\/Capture-decran-2024-02-25-063804-300x123.png 300w\" sizes=\"(max-width: 709px) 85vw, (max-width: 909px) 67vw, (max-width: 984px) 61vw, (max-width: 1362px) 45vw, 600px\" \/><\/figure>\n\n\n\n<p><a href=\"https:\/\/www.humeurs.be\/\">https:\/\/www.humeurs.be\/<\/a><\/p>\n\n\n\n<figure class=\"wp-block-embed is-type-video is-provider-youtube wp-block-embed-youtube wp-embed-aspect-16-9 wp-has-aspect-ratio\"><div class=\"wp-block-embed__wrapper\">\n<iframe loading=\"lazy\" title=\"&quot;Macron on a rien \u00e0 lui dire, si \u00e7a continue \u00e7a va p\u00e9ter&quot;\" width=\"840\" height=\"473\" src=\"https:\/\/www.youtube.com\/embed\/ilLBnQfuVM0?start=259&#038;feature=oembed\" frameborder=\"0\" allow=\"accelerometer; autoplay; clipboard-write; encrypted-media; gyroscope; picture-in-picture; web-share\" referrerpolicy=\"strict-origin-when-cross-origin\" allowfullscreen><\/iframe>\n<\/div><\/figure>\n\n\n\n<h2 class=\"wp-block-heading\">O\u00f9 va l\u2019argent des imp\u00f4ts\u00a0? En Ukraine bien entendu, pour faire la guerre\u00a0! <\/h2>\n\n\n\n<p>Rappel\u00a0:<em><strong> \u00ab\u00a0Tu\u00a0 ne tueras pas\u00a0\u00bb<\/strong><\/em> Et dans les poches de ceux qui n&rsquo;en ont jamais assez pour vivre. <em> <strong>\u00ab\u00a0Tu ne voleras pas\u00a0\u00bb<\/strong><\/em> l&rsquo;argent qui devrait revenir aux travailleurs qui font des journ\u00e9es interminables. \u00ab\u00a0<strong>TU AIMERAS! <\/strong>\u00ab\u00a0<\/p>\n\n\n\n<figure class=\"wp-block-image size-full is-resized\"><img decoding=\"async\" loading=\"lazy\" width=\"502\" height=\"687\" src=\"https:\/\/allez-yalla.com\/wp-content\/uploads\/2024\/02\/Capture-decran-2024-02-24-171148.png\" alt=\"\" class=\"wp-image-11478\" style=\"aspect-ratio:0.7307132459970888;width:633px;height:auto\" srcset=\"https:\/\/allez-yalla.com\/wp-content\/uploads\/2024\/02\/Capture-decran-2024-02-24-171148.png 502w, https:\/\/allez-yalla.com\/wp-content\/uploads\/2024\/02\/Capture-decran-2024-02-24-171148-219x300.png 219w\" sizes=\"(max-width: 502px) 85vw, 502px\" \/><\/figure>\n\n\n\n<h2 class=\"wp-block-heading\">Que puis-je faire, moi&nbsp;?<\/h2>\n\n\n\n<p>Demandons \u00e0 Dieu comment on peut servir nos fr\u00e8res et s\u0153urs en humanit\u00e9. Tout n\u2019est pas permis. M\u00e9priser les agriculteurs, les travailleurs de l\u2019Horeca, les pousser au suicide, &nbsp;laisser sans soins les pauvres, fermer des h\u00f4pitaux, d\u00e9truire l\u2019instruction, \u2026 &nbsp;&nbsp;c\u2019est faire fi des commandements de Dieu qui nous poussent \u00e0 l\u2019amour. &nbsp;Cela a assez dur\u00e9. Engageons-nous quelque part. Dieu nous conduira si nous le lui demandons. <strong><em>\u00ab\u00a0Viens Esprit Saint!\u00a0\u00bb<\/em><\/strong><\/p>\n\n\n\n<figure class=\"wp-block-image size-full\"><img decoding=\"async\" loading=\"lazy\" width=\"563\" height=\"325\" src=\"https:\/\/allez-yalla.com\/wp-content\/uploads\/2024\/02\/Capture-decran-2024-02-24-173245.png\" alt=\"\" class=\"wp-image-11479\" srcset=\"https:\/\/allez-yalla.com\/wp-content\/uploads\/2024\/02\/Capture-decran-2024-02-24-173245.png 563w, https:\/\/allez-yalla.com\/wp-content\/uploads\/2024\/02\/Capture-decran-2024-02-24-173245-300x173.png 300w\" sizes=\"(max-width: 563px) 85vw, 563px\" \/><\/figure>\n\n\n\n<p><\/p>\n\n\n\n<p>Il&nbsp; n\u2019y a pas de temps \u00e0 perdre. Dieu souhaite que nous rappelions \u00e0&nbsp; son peuple le B.A BA de ses ordonnances. Son peuple&nbsp;? C\u2019est l\u2019humanit\u00e9 enti\u00e8re, \u00ab&nbsp;l\u2019Isra\u00ebl&nbsp;\u00bb que notre P\u00e8re des cieux  aime. Toi et moi et lui, et eux, et elles.<\/p>\n\n\n\n<blockquote class=\"wp-block-quote\">\n<p>&#8230; vous \u00eates tous fr\u00e8res.<\/p>\n<cite><a href=\"https:\/\/www.aelf.org\/bible\/mt\/23\">https:\/\/www.aelf.org\/bible\/mt\/23<\/a><\/cite><\/blockquote>\n\n\n\n<blockquote class=\"wp-block-quote\">\n<p>&nbsp;Approchez-vous de Dieu, et lui s\u2019approchera de vous.&nbsp;<\/p>\n<cite><a href=\"https:\/\/www.aelf.org\/bible\/Jc\/4\">https:\/\/www.aelf.org\/bible\/Jc\/4<\/a><\/cite><\/blockquote>\n\n\n\n<p>Comment s\u2019approcher de Dieu&nbsp;? Pour Mo\u00efse:&nbsp;il priait, il je\u00fbnait,  il a fait retraite plusieurs fois, tant\u00f4t au d\u00e9sert, tant\u00f4t \u00e0 la montagne du Sina\u00ef. Il portait en lui&nbsp; toutes les souffrances de son lourd pass\u00e9, celles de son peuple \u00e9cras\u00e9 qu&rsquo;il d\u00e9posait dans le Coeur de Dieu.<\/p>\n\n\n\n<p>Pour nous: cette rencontre avec Dieu est facilit\u00e9e gr\u00e2ce \u00e0 &nbsp;JESUS, le VERBE de DIEU.<\/p>\n\n\n\n<figure class=\"wp-block-pullquote\"><blockquote><p>J\u00e9sus est \u00ab\u00a0verbe de Dieu\u00a0\u00bb, \u00ab\u00a0esprit ou souffle de Dieu\u00a0\u00bb. Il est aussi \u00ab\u00a0parole de v\u00e9rit\u00e9\u00a0\u00bb. Le Coran le reconnait. &nbsp;(annexe)<\/p><\/blockquote><\/figure>\n\n\n\n<p><\/p>\n\n\n\n<figure class=\"wp-block-image size-full is-resized\"><img decoding=\"async\" loading=\"lazy\" width=\"267\" height=\"189\" src=\"https:\/\/allez-yalla.com\/wp-content\/uploads\/2024\/02\/images.jpg\" alt=\"\" class=\"wp-image-11480\" style=\"aspect-ratio:1.4126984126984128;width:448px;height:auto\"\/><\/figure>\n\n\n\n<h2 class=\"wp-block-heading\"><em>\u00ab&nbsp;Ne prenez pas pour mod\u00e8le le monde pr\u00e9sent.&nbsp;\u00bb<\/em> &nbsp;Cherchez l\u2019humilit\u00e9.&nbsp; <\/h2>\n\n\n\n<p>Mo\u00efse n\u2019a pas pris pour mod\u00e8le le monde orgueilleux, d\u00e9mesur\u00e9 dans lequel il a grandi, celui de pharaon. &nbsp;<\/p>\n\n\n\n<blockquote class=\"wp-block-quote\">\n<p><strong>03<\/strong>&nbsp;\u2013&nbsp;Or, Mo\u00efse \u00e9tait tr\u00e8s humble, l\u2019homme le plus humble que la terre ait port\u00e9.<\/p>\n<cite><a href=\"https:\/\/www.aelf.org\/bible\/Nb\/12\">https:\/\/www.aelf.org\/bible\/Nb\/12<\/a><\/cite><\/blockquote>\n\n\n\n<p>Comme Mo\u00efse, J\u00e9sus est n\u00e9 pauvre et il a v\u00e9cu dans la simplicit\u00e9, l\u2019humilit\u00e9. Nous aussi, marchons humblement sur ses pas.&nbsp; &nbsp;<\/p>\n\n\n\n<figure class=\"wp-block-image size-full\"><img decoding=\"async\" loading=\"lazy\" width=\"766\" height=\"510\" src=\"https:\/\/allez-yalla.com\/wp-content\/uploads\/2024\/02\/Capture-decran-2024-02-23-181801.png\" alt=\"\" class=\"wp-image-11481\" srcset=\"https:\/\/allez-yalla.com\/wp-content\/uploads\/2024\/02\/Capture-decran-2024-02-23-181801.png 766w, https:\/\/allez-yalla.com\/wp-content\/uploads\/2024\/02\/Capture-decran-2024-02-23-181801-300x200.png 300w\" sizes=\"(max-width: 709px) 85vw, (max-width: 909px) 67vw, (max-width: 984px) 61vw, (max-width: 1362px) 45vw, 600px\" \/><\/figure>\n\n\n\n<p><a href=\"https:\/\/www.open-bible.fr\/lecture\/2024-02-23\">https:\/\/www.open-bible.fr\/lecture\/2024-02-23<\/a><\/p>\n\n\n\n<figure class=\"wp-block-image size-full is-resized\"><img decoding=\"async\" loading=\"lazy\" width=\"777\" height=\"681\" src=\"https:\/\/allez-yalla.com\/wp-content\/uploads\/2024\/02\/Capture-decran-2024-02-24-173927.png\" alt=\"\" class=\"wp-image-11483\" style=\"aspect-ratio:1.1409691629955947;width:561px;height:auto\" srcset=\"https:\/\/allez-yalla.com\/wp-content\/uploads\/2024\/02\/Capture-decran-2024-02-24-173927.png 777w, https:\/\/allez-yalla.com\/wp-content\/uploads\/2024\/02\/Capture-decran-2024-02-24-173927-300x263.png 300w, https:\/\/allez-yalla.com\/wp-content\/uploads\/2024\/02\/Capture-decran-2024-02-24-173927-768x673.png 768w\" sizes=\"(max-width: 709px) 85vw, (max-width: 909px) 67vw, (max-width: 984px) 61vw, (max-width: 1362px) 45vw, 600px\" \/><\/figure>\n\n\n\n<p><\/p>\n\n\n\n<h2 class=\"wp-block-heading\">Mo\u00efse commente les 10 commandements dans le livre de la Torah&nbsp;:&nbsp; le l\u00e9vitique.<\/h2>\n\n\n\n<p>A m\u00e9diter encore de nos jours.<\/p>\n\n\n\n<figure class=\"wp-block-image size-full is-resized\"><img decoding=\"async\" loading=\"lazy\" width=\"564\" height=\"351\" src=\"https:\/\/allez-yalla.com\/wp-content\/uploads\/2024\/02\/Capture-decran-2024-02-24-174304.png\" alt=\"\" class=\"wp-image-11485\" style=\"aspect-ratio:1.606837606837607;width:636px;height:auto\" srcset=\"https:\/\/allez-yalla.com\/wp-content\/uploads\/2024\/02\/Capture-decran-2024-02-24-174304.png 564w, https:\/\/allez-yalla.com\/wp-content\/uploads\/2024\/02\/Capture-decran-2024-02-24-174304-300x187.png 300w\" sizes=\"(max-width: 564px) 85vw, 564px\" \/><\/figure>\n\n\n\n<h2 class=\"wp-block-heading\">La v\u00e9rit\u00e9 rend libre mais son prix est \u00e9lev\u00e9.<\/h2>\n\n\n\n<figure class=\"wp-block-image size-large\"><img decoding=\"async\" loading=\"lazy\" width=\"1024\" height=\"463\" src=\"https:\/\/allez-yalla.com\/wp-content\/uploads\/2024\/02\/335158997_528513929204126_3482729889535573186_n-1024x463.jpg\" alt=\"\" class=\"wp-image-11486\" srcset=\"https:\/\/allez-yalla.com\/wp-content\/uploads\/2024\/02\/335158997_528513929204126_3482729889535573186_n-1024x463.jpg 1024w, https:\/\/allez-yalla.com\/wp-content\/uploads\/2024\/02\/335158997_528513929204126_3482729889535573186_n-300x136.jpg 300w, https:\/\/allez-yalla.com\/wp-content\/uploads\/2024\/02\/335158997_528513929204126_3482729889535573186_n-768x348.jpg 768w, https:\/\/allez-yalla.com\/wp-content\/uploads\/2024\/02\/335158997_528513929204126_3482729889535573186_n-1200x543.jpg 1200w, https:\/\/allez-yalla.com\/wp-content\/uploads\/2024\/02\/335158997_528513929204126_3482729889535573186_n.jpg 1414w\" sizes=\"(max-width: 709px) 85vw, (max-width: 909px) 67vw, (max-width: 1362px) 62vw, 840px\" \/><\/figure>\n\n\n\n<p><\/p>\n\n\n\n<figure class=\"wp-block-image size-full is-resized\"><img decoding=\"async\" loading=\"lazy\" width=\"631\" height=\"721\" src=\"https:\/\/allez-yalla.com\/wp-content\/uploads\/2024\/02\/Capture-decran-2024-02-24-110806.png\" alt=\"\" class=\"wp-image-11487\" style=\"aspect-ratio:0.8751733703190014;width:694px;height:auto\" srcset=\"https:\/\/allez-yalla.com\/wp-content\/uploads\/2024\/02\/Capture-decran-2024-02-24-110806.png 631w, https:\/\/allez-yalla.com\/wp-content\/uploads\/2024\/02\/Capture-decran-2024-02-24-110806-263x300.png 263w\" sizes=\"(max-width: 709px) 85vw, (max-width: 909px) 67vw, (max-width: 984px) 61vw, (max-width: 1362px) 45vw, 600px\" \/><\/figure>\n\n\n\n<h2 class=\"wp-block-heading\">Soyons VRAIS.<\/h2>\n\n\n\n<p>Mo\u00efse est vrai. Il n\u2019\u00e9tait pas de la famille du pharaon mais h\u00e9breux, fils d\u2019esclave. Il quitte tout et la Providence guide ses pas d\u2019homme libre.<\/p>\n\n\n\n<blockquote class=\"wp-block-quote\">\n<p><\/p>\n<\/blockquote>\n\n\n\n<p><strong>Allons-y pour une parabole!<\/strong> Dans l&rsquo;affaire de la p<em>l<\/em>and\u00e9mie, beaucoup d&rsquo;entre nous ont \u00e9t\u00e9 dup\u00e9s. Mieux vaut le savoir pour \u00eatre plus prudents \u00e0 l&rsquo;avenir. <\/p>\n\n\n\n<figure class=\"wp-block-image size-full is-resized\"><img decoding=\"async\" loading=\"lazy\" width=\"851\" height=\"593\" src=\"https:\/\/allez-yalla.com\/wp-content\/uploads\/2024\/02\/Capture-decran-2024-02-24-191940.png\" alt=\"\" class=\"wp-image-11513\" style=\"aspect-ratio:1.4350758853288363;width:588px;height:auto\" srcset=\"https:\/\/allez-yalla.com\/wp-content\/uploads\/2024\/02\/Capture-decran-2024-02-24-191940.png 851w, https:\/\/allez-yalla.com\/wp-content\/uploads\/2024\/02\/Capture-decran-2024-02-24-191940-300x209.png 300w, https:\/\/allez-yalla.com\/wp-content\/uploads\/2024\/02\/Capture-decran-2024-02-24-191940-768x535.png 768w\" sizes=\"(max-width: 709px) 85vw, (max-width: 909px) 67vw, (max-width: 1362px) 62vw, 840px\" \/><\/figure>\n\n\n\n<p><a href=\"https:\/\/www.facebook.com\/C.KaderDiarrassouba\/videos\/1061022665160951\">https:\/\/www.facebook.com\/C.KaderDiarrassouba\/videos\/1061022665160951<\/a><\/p>\n\n\n\n<h2 class=\"wp-block-heading\"><strong>Les 10 plaies d\u2019Egypte<\/strong>.<\/h2>\n\n\n\n<p>Le pharaon ne voulait pas accorder la libert\u00e9 aux esclaves h\u00e9breux. De nombreuses plaies se sont abattues sur l\u2019Egypte jusqu\u2019\u00e0 ce que le pharaon prenne au s\u00e9rieux la parole de Dieu d\u00e9livr\u00e9e par Mo\u00efse &nbsp;et l\u00e2che prise.<\/p>\n\n\n\n<p>De nos jours, comme au temps de Mo\u00efse, bien des plaies, des souffrances pourraient \u00eatre \u00e9vit\u00e9es si l\u2019on \u00e9coutait ce que Dieu a \u00e0 nous dire. Le mal est partout, en chacun de nous parce qu\u2019on n\u2019\u00e9coute pas ce que Dieu nous dit \u00e0 travers sa Parole d\u00e9livr\u00e9e par l\u2019Eglise.<\/p>\n\n\n\n<blockquote class=\"wp-block-quote\">\n<p>Beno\u00eet XVI avait dit, un mois je crois avant son \u00e9lection,&nbsp;que la crise que traverse aujourd\u2019hui l\u2019Occident ne s\u2019est jamais v\u00e9rifi\u00e9e au cours de l\u2019histoire de l\u2019humanit\u00e9, le fait d&rsquo;exclure Dieu. Je crois que la grande difficult\u00e9 aujourd\u2019hui, c\u2019est de retrouver Dieu, ramener les hommes \u00e0 Dieu parce que Dieu n\u2019est pas \u00e9loign\u00e9, il n\u2019est pas mort, il est avec nous. Mais c\u2019est nous qui nous \u00e9loignons.<strong><\/strong><\/p>\n<cite>Mgr Robert SARAH<\/cite><\/blockquote>\n\n\n\n<h2 class=\"wp-block-heading\"><strong><em>Le spiritisme s\u00e9duit et consolide le domaine de Satan.<\/em><\/strong><\/h2>\n\n\n\n<p>Qui doute encore que le diable a fait son entr\u00e9e au Parlement Europ\u00e9en et plus haut encore?&nbsp;&nbsp;<strong><em>Dieu merci, il y a des d\u00e9put\u00e9s pleins de bon sens dans tous les partis.<\/em><\/strong><em>&nbsp;<\/em><\/p>\n\n\n\n<p>Quant \u00e0 nous, finissons-en&nbsp; de servir le diable&nbsp;\u00e0 travers l\u2019occultisme par exemple et en renon\u00e7ant \u00e0 nos nombreux p\u00e9ch\u00e9s! Servons Dieu&nbsp;! De fil en aiguille, le bien remplacera le mal \u00e0 travers les convertis.&nbsp;<\/p>\n\n\n\n<p>L\u2019occultisme est une large porte d\u2019entr\u00e9e au mal sous toutes ses formes. Sous son emprise, on peut connaitre la richesse et puis, du jour au lendemain, tout perdre. INFORMONS-NOUS&nbsp;et CONVERTISSONS-NOUS! C&rsquo;est une question de VIE! (voir annexe)<\/p>\n\n\n\n<figure class=\"wp-block-embed is-type-video is-provider-youtube wp-block-embed-youtube wp-embed-aspect-16-9 wp-has-aspect-ratio\"><div class=\"wp-block-embed__wrapper\">\n<iframe loading=\"lazy\" title=\"T\u00c9MOIGNAGE AHURISSANT\ud83d\ude2e J\u00c9SUS LE D\u00c9LIVRE DE PH\u00c9NOM\u00c8NES PARANORMAUX | \u00c9mission Carr\u00e9ment Bien\" width=\"840\" height=\"473\" src=\"https:\/\/www.youtube.com\/embed\/V9puBKJ852A?start=35&#038;feature=oembed\" frameborder=\"0\" allow=\"accelerometer; autoplay; clipboard-write; encrypted-media; gyroscope; picture-in-picture; web-share\" referrerpolicy=\"strict-origin-when-cross-origin\" allowfullscreen><\/iframe>\n<\/div><\/figure>\n\n\n\n<p>Oui il existe un monde invisible mais bien r\u00e9el, li\u00e9 au monde des esprits&nbsp;!<\/p>\n\n\n\n<p>Le merveilleux qui vient de Dieu n\u2019est pas d\u00fb \u00e0 l\u2019initiative de l\u2019homme. Ainsi, J\u00e9sus a permis \u00e0 ses ap\u00f4tres Pierre, Jacques et Jean de voir Elie et Mo\u00efse mais c\u2019est J\u00e9sus qui a pris l\u2019initiative de cette rencontre, pas les humains.<\/p>\n\n\n\n<figure class=\"wp-block-image size-full\"><img decoding=\"async\" loading=\"lazy\" width=\"559\" height=\"223\" src=\"https:\/\/allez-yalla.com\/wp-content\/uploads\/2024\/02\/Capture-decran-2024-02-24-175109.png\" alt=\"\" class=\"wp-image-11489\" srcset=\"https:\/\/allez-yalla.com\/wp-content\/uploads\/2024\/02\/Capture-decran-2024-02-24-175109.png 559w, https:\/\/allez-yalla.com\/wp-content\/uploads\/2024\/02\/Capture-decran-2024-02-24-175109-300x120.png 300w\" sizes=\"(max-width: 559px) 85vw, 559px\" \/><\/figure>\n\n\n\n<p><\/p>\n\n\n\n<p><a href=\"https:\/\/www.aelf.org\/2024-02-25\/romain\/messe\">https:\/\/www.aelf.org\/2024-02-25\/romain\/messe<\/a><\/p>\n\n\n\n<p>SVP&nbsp;: Fermons la porte au mal, ouvrons notre coeur. Ecoutons&nbsp;! (voir annexe)<\/p>\n\n\n\n<h2 class=\"wp-block-heading\">Ecoutons ce que Dieu a \u00e0 nous dire et r\u00e9alisons notre mission. <\/h2>\n\n\n\n<blockquote class=\"wp-block-quote\">\n<p><strong>15<\/strong>&nbsp;Il est dit en effet&nbsp;: Aujourd\u2019hui, si vous entendez sa voix, n\u2019endurcissez pas votre c\u0153ur comme au temps du d\u00e9fi.<strong><\/strong><\/p>\n<cite><a href=\"https:\/\/www.aelf.org\/bible\/he\/3\"><strong>https:\/\/www.aelf.org\/bible\/he\/3<\/strong><\/a><\/cite><\/blockquote>\n\n\n\n<h2 class=\"wp-block-heading\">&#8230; si humble soit-elle. <\/h2>\n\n\n\n<figure class=\"wp-block-pullquote\"><blockquote><p><strong>03<\/strong>&nbsp;Par la gr\u00e2ce qui m\u2019a \u00e9t\u00e9 accord\u00e9e, je dis \u00e0 chacun d\u2019entre vous&nbsp;: n\u2019ayez pas de pr\u00e9tentions d\u00e9raisonnables, mais pensez \u00e0 \u00eatre raisonnables, chacun dans la mesure de la mission que Dieu lui a confi\u00e9e.<\/p><cite><em>&nbsp;<\/em><br><a href=\"https:\/\/saintebible.com\/romans\/7-19.htm\">https:\/\/saintebible.com\/romans\/7-19.htm<\/a><\/cite><\/blockquote><\/figure>\n\n\n\n<p><\/p>\n\n\n\n<figure class=\"wp-block-image size-full\"><img decoding=\"async\" loading=\"lazy\" width=\"663\" height=\"385\" src=\"https:\/\/allez-yalla.com\/wp-content\/uploads\/2024\/02\/Capture-decran-2024-02-24-095805-1.png\" alt=\"\" class=\"wp-image-11490\" srcset=\"https:\/\/allez-yalla.com\/wp-content\/uploads\/2024\/02\/Capture-decran-2024-02-24-095805-1.png 663w, https:\/\/allez-yalla.com\/wp-content\/uploads\/2024\/02\/Capture-decran-2024-02-24-095805-1-300x174.png 300w\" sizes=\"(max-width: 709px) 85vw, (max-width: 909px) 67vw, (max-width: 984px) 61vw, (max-width: 1362px) 45vw, 600px\" \/><\/figure>\n\n\n\n<figure class=\"wp-block-image size-full\"><img decoding=\"async\" loading=\"lazy\" width=\"530\" height=\"139\" src=\"https:\/\/allez-yalla.com\/wp-content\/uploads\/2024\/02\/Capture-decran-2024-02-25-073713.png\" alt=\"\" class=\"wp-image-11534\" srcset=\"https:\/\/allez-yalla.com\/wp-content\/uploads\/2024\/02\/Capture-decran-2024-02-25-073713.png 530w, https:\/\/allez-yalla.com\/wp-content\/uploads\/2024\/02\/Capture-decran-2024-02-25-073713-300x79.png 300w\" sizes=\"(max-width: 530px) 85vw, 530px\" \/><\/figure>\n\n\n\n<h2 class=\"wp-block-heading\"><em>A Heidi Baker,&nbsp; Dieu a confi\u00e9 une mission p\u00e9rilleuse.<\/em><\/h2>\n\n\n\n<figure class=\"wp-block-embed is-type-video is-provider-youtube wp-block-embed-youtube wp-embed-aspect-16-9 wp-has-aspect-ratio\"><div class=\"wp-block-embed__wrapper\">\n<iframe loading=\"lazy\" title=\"T\u00c9MOIGNAGE CHOC - ELLE VOIT J\u00c9SUS ET LE PAIN SE MULTIPLIE\u2026\ud83d\ude33 Heidi Baker  Emission \u00ab Carr\u00e9ment Bien \u00bb\" width=\"840\" height=\"473\" src=\"https:\/\/www.youtube.com\/embed\/6oRZQrflB_c?start=1242&#038;feature=oembed\" frameborder=\"0\" allow=\"accelerometer; autoplay; clipboard-write; encrypted-media; gyroscope; picture-in-picture; web-share\" referrerpolicy=\"strict-origin-when-cross-origin\" allowfullscreen><\/iframe>\n<\/div><\/figure>\n\n\n\n<p><a href=\"https:\/\/www.youtube.com\/watch?v=6oRZQrflB_c&amp;t=1242s\"><strong>https:\/\/www.youtube.com\/watch?v=6oRZQrflB_c&amp;t=1242s<\/strong><\/a><\/p>\n\n\n\n<h2 class=\"wp-block-heading\"><em>Q<strong>uand vous dites \u00ab&nbsp;Dieu est grand&nbsp;&#8211; Allah &nbsp;akbar&nbsp;\u00bb, dites-le avec respect.  <\/strong><\/em><\/h2>\n\n\n\n<figure class=\"wp-block-image size-full\"><img decoding=\"async\" loading=\"lazy\" width=\"540\" height=\"424\" src=\"https:\/\/allez-yalla.com\/wp-content\/uploads\/2024\/02\/Capture-decran-2024-02-24-175909.png\" alt=\"\" class=\"wp-image-11492\" srcset=\"https:\/\/allez-yalla.com\/wp-content\/uploads\/2024\/02\/Capture-decran-2024-02-24-175909.png 540w, https:\/\/allez-yalla.com\/wp-content\/uploads\/2024\/02\/Capture-decran-2024-02-24-175909-300x236.png 300w\" sizes=\"(max-width: 540px) 85vw, 540px\" \/><\/figure>\n\n\n\n<blockquote class=\"wp-block-quote\">\n<p><strong>18<\/strong>&nbsp;Vous verrez de nouveau qu\u2019il y a une diff\u00e9rence entre le juste et le m\u00e9chant, entre celui qui sert Dieu et celui qui refuse de le servir. <strong>19<\/strong>&nbsp;Voici que vient le jour du Seigneur, br\u00fblant comme la fournaise. Tous les arrogants, tous ceux qui commettent l\u2019impi\u00e9t\u00e9, seront de la paille. Le jour qui vient les consumera, \u2013&nbsp;dit le Seigneur de l\u2019univers&nbsp;\u2013, il ne leur laissera ni racine ni branche. <strong>20<\/strong>&nbsp;Mais pour vous qui craignez mon nom, le Soleil de justice se l\u00e8vera&nbsp;: il apportera la gu\u00e9rison dans son rayonnement. Vous sortirez en bondissant comme de jeunes veaux \u00e0 la p\u00e2ture.<\/p>\n<\/blockquote>\n\n\n\n<blockquote class=\"wp-block-quote\">\n<p><strong>21<\/strong>&nbsp;Vous foulerez les m\u00e9chants, car ils seront de la cendre sous la plante de vos pieds, au jour que je pr\u00e9pare, \u2013 dit le Seigneur de l\u2019univers. <strong>22<\/strong>&nbsp;Souvenez-vous de la loi de Mo\u00efse, mon serviteur, \u00e0 qui j\u2019ai prescrit, sur l\u2019Horeb, d\u00e9crets et ordonnances pour tout Isra\u00ebl.<\/p>\n<cite><a href=\"https:\/\/www.aelf.org\/bible\/Ml\/3\"><strong>https:\/\/www.aelf.org\/bible\/Ml\/3<\/strong><\/a><\/cite><\/blockquote>\n\n\n\n<h2 class=\"wp-block-heading\"><strong>CANTIQUES<\/strong><\/h2>\n\n\n\n<figure class=\"wp-block-embed is-type-video is-provider-youtube wp-block-embed-youtube wp-embed-aspect-16-9 wp-has-aspect-ratio\"><div class=\"wp-block-embed__wrapper\">\n<iframe loading=\"lazy\" title=\"M\u00eame si je ne suis rien, sers toi de moi\" width=\"840\" height=\"473\" src=\"https:\/\/www.youtube.com\/embed\/GQC3rLIuri4?feature=oembed\" frameborder=\"0\" allow=\"accelerometer; autoplay; clipboard-write; encrypted-media; gyroscope; picture-in-picture; web-share\" referrerpolicy=\"strict-origin-when-cross-origin\" allowfullscreen><\/iframe>\n<\/div><\/figure>\n\n\n\n<figure class=\"wp-block-embed is-type-video is-provider-youtube wp-block-embed-youtube wp-embed-aspect-16-9 wp-has-aspect-ratio\"><div class=\"wp-block-embed__wrapper\">\n<iframe loading=\"lazy\" title=\"Parle-moi,  j&#039;ai des choses \u00e0 te dire de Jean-Claude GIANADDA\" width=\"840\" height=\"473\" src=\"https:\/\/www.youtube.com\/embed\/uuYMjS0ejYU?feature=oembed\" frameborder=\"0\" allow=\"accelerometer; autoplay; clipboard-write; encrypted-media; gyroscope; picture-in-picture; web-share\" referrerpolicy=\"strict-origin-when-cross-origin\" allowfullscreen><\/iframe>\n<\/div><\/figure>\n\n\n\n<p><\/p>\n\n\n\n<figure class=\"wp-block-embed is-type-video is-provider-youtube wp-block-embed-youtube wp-embed-aspect-16-9 wp-has-aspect-ratio\"><div class=\"wp-block-embed__wrapper\">\n<iframe loading=\"lazy\" title=\"Here I am Lord with lyrics\" width=\"840\" height=\"473\" src=\"https:\/\/www.youtube.com\/embed\/EcxOkht8w7c?feature=oembed\" frameborder=\"0\" allow=\"accelerometer; autoplay; clipboard-write; encrypted-media; gyroscope; picture-in-picture; web-share\" referrerpolicy=\"strict-origin-when-cross-origin\" allowfullscreen><\/iframe>\n<\/div><\/figure>\n\n\n\n<p><strong>TON CRI&nbsp;<\/strong> <strong>Irm\u00e3 Ana Paula, CMES &#8211; Amor Incondicional (Ao Vivo)<\/strong><\/p>\n\n\n\n<p><a href=\"https:\/\/www.youtube.com\/watch?v=wwV9r8UZfag\">https:\/\/www.youtube.com\/watch?v=wwV9r8UZfag<\/a><\/p>\n\n\n\n<blockquote class=\"wp-block-quote\">\n<p>Il n&rsquo;y a pas d&rsquo;amour comme le tien, Tu es mort sur une croix pour moi Seigneur, Le monde entier reconna\u00eetra que tu m&rsquo;aimes, Fa\u00e7onne-moi selon Ta volont\u00e9 Je souhaite honorer de ma vie, Le monde entier reconna\u00eetra que tu m&rsquo;aimes.<\/p>\n<\/blockquote>\n\n\n\n<figure class=\"wp-block-embed is-type-video is-provider-youtube wp-block-embed-youtube wp-embed-aspect-16-9 wp-has-aspect-ratio\"><div class=\"wp-block-embed__wrapper\">\n<iframe loading=\"lazy\" title=\"TON CRI - Clip Officiel - Irm\u00e3 Ana Paula, cmes\" width=\"840\" height=\"473\" src=\"https:\/\/www.youtube.com\/embed\/Qnh-SQNaNmI?feature=oembed\" frameborder=\"0\" allow=\"accelerometer; autoplay; clipboard-write; encrypted-media; gyroscope; picture-in-picture; web-share\" referrerpolicy=\"strict-origin-when-cross-origin\" allowfullscreen><\/iframe>\n<\/div><\/figure>\n\n\n\n<p><a href=\"https:\/\/www.facebook.com\/alainbideaux06\/videos\/916211379537033\">https:\/\/www.facebook.com\/alainbideaux06\/videos\/916211379537033<\/a><\/p>\n\n\n\n<figure class=\"wp-block-embed is-type-video is-provider-youtube wp-block-embed-youtube wp-embed-aspect-16-9 wp-has-aspect-ratio\"><div class=\"wp-block-embed__wrapper\">\n<iframe loading=\"lazy\" title=\"You Raise me Up\" width=\"840\" height=\"473\" src=\"https:\/\/www.youtube.com\/embed\/_9V8IMiz09s?feature=oembed\" frameborder=\"0\" allow=\"accelerometer; autoplay; clipboard-write; encrypted-media; gyroscope; picture-in-picture; web-share\" referrerpolicy=\"strict-origin-when-cross-origin\" allowfullscreen><\/iframe>\n<\/div><\/figure>\n\n\n\n<figure class=\"wp-block-embed is-type-video is-provider-youtube wp-block-embed-youtube wp-embed-aspect-4-3 wp-has-aspect-ratio\"><div class=\"wp-block-embed__wrapper\">\n<iframe loading=\"lazy\" title=\"Allez \u00e0 J\u00e9sus-Eucharistie\" width=\"840\" height=\"630\" src=\"https:\/\/www.youtube.com\/embed\/JVbncEFZS_A?feature=oembed\" frameborder=\"0\" allow=\"accelerometer; autoplay; clipboard-write; encrypted-media; gyroscope; picture-in-picture; web-share\" referrerpolicy=\"strict-origin-when-cross-origin\" allowfullscreen><\/iframe>\n<\/div><\/figure>\n\n\n\n<h2 class=\"wp-block-heading\"><em>Si vous le voulez bien, prions humblement le Chapelet avec Benjamin.<\/em><\/h2>\n\n\n\n<p>Fr\u00e8re Benjamin est directeur d&rsquo;un Institut Don Bosco. Il vient chez NDML pour prier avec quelques-uns de ses \u00e9l\u00e8ves. <\/p>\n\n\n\n<figure class=\"wp-block-embed is-type-video is-provider-youtube wp-block-embed-youtube wp-embed-aspect-16-9 wp-has-aspect-ratio\"><div class=\"wp-block-embed__wrapper\">\n<iframe loading=\"lazy\" title=\"CHAPELET \ud83d\ude4f Mardi 20 F\u00e9vrier - Myst\u00e8res Douloureux avec @frerebenjamin\" width=\"840\" height=\"473\" src=\"https:\/\/www.youtube.com\/embed\/WMES9LHMxlg?list=PLAkOPZWAXefVO6d9l5VY13NwaU8l6EQ3V\" frameborder=\"0\" allow=\"accelerometer; autoplay; clipboard-write; encrypted-media; gyroscope; picture-in-picture; web-share\" referrerpolicy=\"strict-origin-when-cross-origin\" allowfullscreen><\/iframe>\n<\/div><\/figure>\n\n\n\n<h2 class=\"wp-block-heading\">Annexes<\/h2>\n\n\n\n<p>Revenons aux dix commandements. 4 commandements pour mieux aimer Dieu et 6 pour mieux aimer notre prochain. Notez que le fait de respecter le jour du Seigneur est aussi un moyen de consacrer du temps \u00e0 sa famille et donc d&rsquo;aimer. <\/p>\n\n\n\n<figure class=\"wp-block-image size-full\"><img decoding=\"async\" loading=\"lazy\" width=\"500\" height=\"583\" src=\"https:\/\/allez-yalla.com\/wp-content\/uploads\/2024\/02\/illustrations-les-10-commmandements.jpg\" alt=\"\" class=\"wp-image-11493\" srcset=\"https:\/\/allez-yalla.com\/wp-content\/uploads\/2024\/02\/illustrations-les-10-commmandements.jpg 500w, https:\/\/allez-yalla.com\/wp-content\/uploads\/2024\/02\/illustrations-les-10-commmandements-257x300.jpg 257w\" sizes=\"(max-width: 500px) 85vw, 500px\" \/><\/figure>\n\n\n\n<p><a href=\"https:\/\/www.kt42.fr\/2019\/01\/rencontre-de-cate-sur-les-10.html\">https:\/\/www.kt42.fr\/2019\/01\/rencontre-de-cate-sur-les-10.html<\/a><\/p>\n\n\n\n<p>Envie d\u2019en savoir plus sur les bases des trois religions qui croient en un seul Dieu&nbsp;? L\u2019histoire de Mo\u00efse commence ici&nbsp;: <a href=\"https:\/\/www.aelf.org\/bible\/Ex\/1\">https:\/\/www.aelf.org\/bible\/Ex\/1<\/a><\/p>\n\n\n\n<p>Tourner le dos \u00e0 l&rsquo;occultisme, c&rsquo;est ce qu&rsquo;a fait cet ancien sataniste devenu pr\u00eatre. <\/p>\n\n\n\n<figure class=\"wp-block-embed is-type-video is-provider-youtube wp-block-embed-youtube wp-embed-aspect-16-9 wp-has-aspect-ratio\"><div class=\"wp-block-embed__wrapper\">\n<iframe loading=\"lazy\" title=\"Occultisme : un ancien lucif\u00e9rien t\u00e9moigne\" width=\"840\" height=\"473\" src=\"https:\/\/www.youtube.com\/embed\/V5DMC6h7suo?start=1274&#038;feature=oembed\" frameborder=\"0\" allow=\"accelerometer; autoplay; clipboard-write; encrypted-media; gyroscope; picture-in-picture; web-share\" referrerpolicy=\"strict-origin-when-cross-origin\" allowfullscreen><\/iframe>\n<\/div><\/figure>\n\n\n\n<blockquote class=\"wp-block-quote\">\n<h2 class=\"wp-block-heading\"><strong>J\u00e9sus incarne le souffle et le verbe de Dieu<\/strong>.<\/h2>\n<\/blockquote>\n\n\n\n<p><strong>Actualit\u00e9.&nbsp;<\/strong><strong>D&rsquo;origine iranienne, normalienne, sp\u00e9cialiste de la litt\u00e9rature persane, Leili Anvar rappelle que la tradition soufie a donn\u00e9 \u00e0 J\u00e9sus une place centrale.<\/strong><\/p>\n\n\n\n<p><a href=\"https:\/\/www.lexpress.fr\/societe\/religion\/jesus-incarne-le-souffle-et-le-verbe-de-dieu_1970895.html#:~:text=Il%20est%2C%20%C3%A0%20l'instar,le%20ventre%20d'une%20femme\">https:\/\/www.lexpress.fr\/societe\/religion\/jesus-incarne-le-souffle-et-le-verbe-de-dieu_1970895.html#:~:text=Il%20est%2C%20%C3%A0%20l&rsquo;instar,le%20ventre%20d&rsquo;une%20femme<\/a><\/p>\n\n\n\n<figure class=\"wp-block-image size-full\"><img decoding=\"async\" loading=\"lazy\" width=\"610\" height=\"680\" src=\"https:\/\/allez-yalla.com\/wp-content\/uploads\/2024\/02\/Capture-decran-2024-02-23-212640.png\" alt=\"\" class=\"wp-image-11494\" srcset=\"https:\/\/allez-yalla.com\/wp-content\/uploads\/2024\/02\/Capture-decran-2024-02-23-212640.png 610w, https:\/\/allez-yalla.com\/wp-content\/uploads\/2024\/02\/Capture-decran-2024-02-23-212640-269x300.png 269w\" sizes=\"(max-width: 709px) 85vw, (max-width: 909px) 67vw, (max-width: 984px) 61vw, (max-width: 1362px) 45vw, 600px\" \/><\/figure>\n\n\n\n<p><a href=\"http:\/\/www.images-pascale.eu\/\">http:\/\/www.images-pascale.eu\/<\/a><\/p>\n\n\n\n<figure class=\"wp-block-embed is-type-wp-embed is-provider-aveclesimmigres wp-block-embed-aveclesimmigres\"><div class=\"wp-block-embed__wrapper\">\n<blockquote class=\"wp-embedded-content\" data-secret=\"M6o72lIb2F\"><a href=\"https:\/\/aveclesimmigres.wordpress.com\/2012\/12\/31\/33\/\">Yalla avec les&nbsp;immigr\u00e9s<\/a><\/blockquote><iframe class=\"wp-embedded-content\" sandbox=\"allow-scripts\" security=\"restricted\" style=\"position: absolute; clip: rect(1px, 1px, 1px, 1px);\" title=\"&laquo;&nbsp;Yalla avec les&nbsp;immigr\u00e9s&nbsp;&raquo; &#8212; aveclesimmigres\" src=\"https:\/\/aveclesimmigres.wordpress.com\/2012\/12\/31\/33\/embed\/#?secret=W7w3uugMwU#?secret=M6o72lIb2F\" data-secret=\"M6o72lIb2F\" width=\"600\" height=\"338\" frameborder=\"0\" marginwidth=\"0\" marginheight=\"0\" scrolling=\"no\"><\/iframe>\n<\/div><\/figure>\n","protected":false},"excerpt":{"rendered":"<p>Qui ne connait Mo\u00efse, &nbsp;ce fils d\u2019esclaves choisi par Dieu pour lib\u00e9rer le peuple h\u00e9breu du joug du pharaon d\u2019Egypte&nbsp;? Aujourd\u2019hui encore, des Mo\u00efse, il y en a beaucoup, mais ils ne sont pas entendus. &nbsp;D\u2019autres Mo\u00efse les suivront inlassablement. Apr\u00e8s mille plaies, l\u2019AMOUR l\u2019emportera. La VIE est la plus forte. https:\/\/www.youtube.com\/watch?v=jok8csvFuM4 D\u00e9j\u00e0 en 2015 &hellip; <a href=\"https:\/\/allez-yalla.com\/index.php\/2024\/02\/24\/moise-moise-moise\/\" class=\"more-link\">Continuer la lecture<span class=\"screen-reader-text\"> de &laquo;&nbsp;Mo\u00efse! Mo\u00efse! Mo\u00efse!&nbsp;&raquo;<\/span><\/a><\/p>\n","protected":false},"author":1,"featured_media":0,"comment_status":"closed","ping_status":"closed","sticky":false,"template":"","format":"standard","meta":{"footnotes":""},"categories":[365,104,238,366,350,367,378,297,91,102,105],"tags":[],"_links":{"self":[{"href":"https:\/\/allez-yalla.com\/index.php\/wp-json\/wp\/v2\/posts\/11476"}],"collection":[{"href":"https:\/\/allez-yalla.com\/index.php\/wp-json\/wp\/v2\/posts"}],"about":[{"href":"https:\/\/allez-yalla.com\/index.php\/wp-json\/wp\/v2\/types\/post"}],"author":[{"embeddable":true,"href":"https:\/\/allez-yalla.com\/index.php\/wp-json\/wp\/v2\/users\/1"}],"replies":[{"embeddable":true,"href":"https:\/\/allez-yalla.com\/index.php\/wp-json\/wp\/v2\/comments?post=11476"}],"version-history":[{"count":29,"href":"https:\/\/allez-yalla.com\/index.php\/wp-json\/wp\/v2\/posts\/11476\/revisions"}],"predecessor-version":[{"id":13639,"href":"https:\/\/allez-yalla.com\/index.php\/wp-json\/wp\/v2\/posts\/11476\/revisions\/13639"}],"wp:attachment":[{"href":"https:\/\/allez-yalla.com\/index.php\/wp-json\/wp\/v2\/media?parent=11476"}],"wp:term":[{"taxonomy":"category","embeddable":true,"href":"https:\/\/allez-yalla.com\/index.php\/wp-json\/wp\/v2\/categories?post=11476"},{"taxonomy":"post_tag","embeddable":true,"href":"https:\/\/allez-yalla.com\/index.php\/wp-json\/wp\/v2\/tags?post=11476"}],"curies":[{"name":"wp","href":"https:\/\/api.w.org\/{rel}","templated":true}]}}